{"id":30601,"date":"2025-02-19T14:46:17","date_gmt":"2025-02-19T12:46:17","guid":{"rendered":"https:\/\/www.pimealdia.org\/?p=30601"},"modified":"2025-02-19T14:47:05","modified_gmt":"2025-02-19T12:47:05","slug":"innovacion-local-de-impacto-global","status":"publish","type":"post","link":"https:\/\/www.pimealdia.org\/es\/innovacion-local-de-impacto-global\/","title":{"rendered":"Innovaci\u00f3n local de impacto global"},"content":{"rendered":"<blockquote>\n<p style=\"text-align: center;\"><em><strong>Convencidos que la tecnolog\u00eda puede transformar el futuro formativo de los j\u00f3venes, Gonzalo\u00a0Corri\u00e1\u00a0y Albert Ferrat\u00e9 han impulsado\u00a0Stuveo, una plataforma de orientaci\u00f3n acad\u00e9mica<\/strong><\/em><\/p>\n<\/blockquote>\n<p style=\"text-align: justify;\">\nDesarrollada en Catalu\u00f1a y con una trayectoria que empez\u00f3 el pasado mes de septiembre, esta pyme pretende convertirse en la herramienta en l\u00ednea referente para el alumnado en el \u00e1mbito formativo, haciendo m\u00e1s accesible y comprensible la gran variedad de opciones acad\u00e9micas y profesionales al alcance de los estudiantes: grados universitarios y ciclos formativos.<\/p>\n<p>Gonzalo Corri\u00e1, cofundador y CEO de la empresa, defiende que el objetivo de su proyecto es ayudar a los alumnos y las escuelas, pero tambi\u00e9n a las empresas, puesto que tienen en cuenta las salidas profesionales: \u201cHacemos una propuesta de valor, basada en las preferencias y la nota media de los estudiantes, pero tambi\u00e9n tenemos en cuenta los perfiles profesionales que demanda el mercado de trabajo y, adem\u00e1s, en un futuro pr\u00f3ximo queremos introducir los tests vocacionales\u201d.<\/p>\n<p>Sobre su metodolog\u00eda, que se basa en la centralizaci\u00f3n y la estandarizaci\u00f3n de informaci\u00f3n contrastada y detallada, destaca que permite a los usuarios \u201ccomparar y tomar las mejores decisiones\u201d y asegura que \u201cno hay ninguna otra plataforma que facilite una informaci\u00f3n tan actualizada y personalizada\u201d. De este modo, los alumnos pueden guardar y analizar las alternativas que m\u00e1s les interesen, mientras que los orientadores pueden acceder a anal\u00edticas sobre la b\u00fasqueda de preferencias de los estudiantes para hacer una orientaci\u00f3n m\u00e1s precisa.<\/p>\n<p>En relaci\u00f3n con las preferencias actuales de los j\u00f3venes, constata las siguientes: administraci\u00f3n y direcci\u00f3n de empresas, carreras tecnol\u00f3gicas como la programaci\u00f3n, e ingenier\u00edas relacionadas con el software y la electr\u00f3nica. \u201cSomos conscientes de que la demanda de competencias verdes est\u00e1 en aumento y que es un elemento importante para las empresas\u201d, comenta.<\/p>\n<p>Finalmente, el cofundador y CEO de la empresa nos anuncia que se encuentran en un proceso de expansi\u00f3n por la voluntad de diferentes colegios de sumarse a su proyecto y que este 2025 no solo operar\u00e1n en Catalu\u00f1a, sino que lo har\u00e1n tambi\u00e9n en el resto de Espa\u00f1a.<\/p>\n<p>En definitiva, su voluntad innovadora \u2013a trav\u00e9s del uso de las nuevas tecnolog\u00edas\u2013 ha hecho posible que esta empresa act\u00fae localmente, asesorando a estudiantes, con un impacto que es global, puesto que repercute en el futuro profesional de muchos j\u00f3venes de nuestro pa\u00eds; futuro que ser\u00e1 determinante para nuestro mercado de trabajo y, por lo tanto, para nuestra econom\u00eda.<\/p>\n","protected":false},"excerpt":{"rendered":"<p>Convencidos que la tecnolog\u00eda puede transformar el futuro formativo de los j\u00f3venes, Gonzalo\u00a0Corri\u00e1\u00a0y Albert Ferrat\u00e9 han impulsado\u00a0Stuveo, una plataforma de orientaci\u00f3n acad\u00e9mica Desarrollada en Catalu\u00f1a y con una trayectoria que empez\u00f3 el pasado mes de septiembre, esta pyme pretende convertirse en la herramienta en l\u00ednea referente para el alumnado en el \u00e1mbito formativo, haciendo m\u00e1s accesible y comprensible la gran variedad de opciones acad\u00e9micas y profesionales al alcance de los estudiantes: grados universitarios y ciclos formativos. Gonzalo Corri\u00e1, cofundador y CEO de la empresa, defiende que el objetivo de su proyecto es ayudar a los alumnos y las escuelas, pero<\/p>\n","protected":false},"author":83,"featured_media":30599,"comment_status":"open","ping_status":"closed","sticky":false,"template":"","format":"standard","meta":[],"categories":[332],"tags":[1717,1139,1757,1930,1085,2313,477,2312,2315,2314,1078,2316,394],"_links":{"self":[{"href":"https:\/\/www.pimealdia.org\/es\/wp-json\/wp\/v2\/posts\/30601"}],"collection":[{"href":"https:\/\/www.pimealdia.org\/es\/wp-json\/wp\/v2\/posts"}],"about":[{"href":"https:\/\/www.pimealdia.org\/es\/wp-json\/wp\/v2\/types\/post"}],"author":[{"embeddable":true,"href":"https:\/\/www.pimealdia.org\/es\/wp-json\/wp\/v2\/users\/83"}],"replies":[{"embeddable":true,"href":"https:\/\/www.pimealdia.org\/es\/wp-json\/wp\/v2\/comments?post=30601"}],"version-history":[{"count":2,"href":"https:\/\/www.pimealdia.org\/es\/wp-json\/wp\/v2\/posts\/30601\/revisions"}],"predecessor-version":[{"id":30603,"href":"https:\/\/www.pimealdia.org\/es\/wp-json\/wp\/v2\/posts\/30601\/revisions\/30603"}],"wp:featuredmedia":[{"embeddable":true,"href":"https:\/\/www.pimealdia.org\/es\/wp-json\/wp\/v2\/media\/30599"}],"wp:attachment":[{"href":"https:\/\/www.pimealdia.org\/es\/wp-json\/wp\/v2\/media?parent=30601"}],"wp:term":[{"taxonomy":"category","embeddable":true,"href":"https:\/\/www.pimealdia.org\/es\/wp-json\/wp\/v2\/categories?post=30601"},{"taxonomy":"post_tag","embeddable":true,"href":"https:\/\/www.pimealdia.org\/es\/wp-json\/wp\/v2\/tags?post=30601"}],"curies":[{"name":"wp","href":"https:\/\/api.w.org\/{rel}","templated":true}]}}