{"id":30619,"date":"2025-02-26T10:37:16","date_gmt":"2025-02-26T08:37:16","guid":{"rendered":"https:\/\/www.pimealdia.org\/?p=30619"},"modified":"2025-02-26T10:37:16","modified_gmt":"2025-02-26T08:37:16","slug":"la-importancia-de-una-segunda-oportunidad-para-las-personas-empresarias-y-autonomas","status":"publish","type":"post","link":"https:\/\/www.pimealdia.org\/es\/la-importancia-de-una-segunda-oportunidad-para-las-personas-empresarias-y-autonomas\/","title":{"rendered":"La importancia de una segunda oportunidad para las personas empresarias y aut\u00f3nomas"},"content":{"rendered":"<p style=\"text-align: justify;\">En un contexto econ\u00f3mico incierto y desafiante, la posibilidad de una segunda oportunidad se convierte en un elemento clave para la recuperaci\u00f3n de las personas empresarias y aut\u00f3nomas que han atravesado serias dificultades. En este sentido, el trabajo de la <a href=\"https:\/\/www.fundaciopimec.org\/es\/\" target=\"_blank\" rel=\"noopener\">Fundaci\u00f3 PIMEC<\/a> a trav\u00e9s del programa emppersona, y que se complementa con la propuesta Incorpora de Fundaci\u00f3n \u201cla Caixa, ha demostrado ser una herramienta eficaz de apoyo y acompa\u00f1amiento.<\/p>\n<p style=\"text-align: justify;\">Durante el 2024, desde la Fundaci\u00f3 conseguimos que 109 personas lograran una segunda oportunidad, ofreciendo soluciones concretas para reflotar negocios, facilitar la reinserci\u00f3n en el mercado laboral y cerrar empresas de manera ordenada cuando fuera necesario. Este hito es el resultado del acompa\u00f1amiento integral que se brinda a trav\u00e9s del programa emppersona, que el a\u00f1o pasado dio servicio a 322 personas, consolid\u00e1ndose como un referente en el apoyo a quienes han sufrido dificultades econ\u00f3micas y empresariales.<\/p>\n<p style=\"text-align: justify;\">El reconocimiento de este esfuerzo lleg\u00f3 con el primer premio de la Segunda Oportunidad otorgado a la Fundaci\u00f3 PIMEC en el marco del segundo Congreso Europeo de la Segunda Oportunidad, organizado por el Colegio de la Abogac\u00eda de Barcelona. Este galard\u00f3n subraya la relevancia de una mirada multidimensional, que integra aspectos jur\u00eddicos, econ\u00f3micos y sociales para abordar la insolvencia empresarial de manera efectiva.<\/p>\n<p style=\"text-align: justify;\">Desde su creaci\u00f3n en 2010, el programa emppersona ha ayudado a 2.355 personas, evidenciando la importancia de iniciativas que permitan reconstruir trayectorias profesionales y empresariales. El perfil de las personas beneficiadas por el programa refleja una realidad diversa, pero con elementos comunes: el 46% son mujeres y el 54% hombres, con una mayor concentraci\u00f3n en sectores como el comercio, el inmobiliario y la salud. Adem\u00e1s, un 56% tiene m\u00e1s de 45 a\u00f1os y de estos un 79% supera los 50, lo cual refuerza la necesidad de programas que atiendan las particularidades de una poblaci\u00f3n con experiencia, como es el talento s\u00e9nior, pero vulnerable ante las crisis econ\u00f3micas y el envejecimiento de la poblaci\u00f3n.<\/p>\n<p style=\"text-align: justify;\">El compromiso de la Fundaci\u00f3 PIMEC no acaba con la obtenci\u00f3n de una segunda oportunidad. Adem\u00e1s, se ofrece un seguimiento continuo, a trav\u00e9s de mentor\u00edas y apoyo personalizado, para garantizar la sostenibilidad de los nuevos proyectos empresariales y la estabilidad laboral de quienes se han reincorporado al mercado. Puedo decir con rotundidad que ayudar a las personas empresarias y aut\u00f3nomas con serias dificultades a generarles una segunda oportunidad es un trabajo que todo el equipo de la Fundaci\u00f3 hace con orgullo y con buenos resultados.<\/p>\n<p style=\"text-align: justify;\">En definitiva, la segunda oportunidad no es solo un concepto, sino una realidad tangible para centenares de personas gracias a iniciativas como <a href=\"https:\/\/www.fundaciopimec.org\/es\/emppersona\/\" target=\"_blank\" rel=\"noopener\">emppersona<\/a>. La continuidad y fortalecimiento de estos programas son esenciales para la resiliencia del tejido empresarial y la construcci\u00f3n de una econom\u00eda m\u00e1s equitativa y sostenible.<\/p>\n<p>&nbsp;<\/p>\n<blockquote>\n<p style=\"text-align: center;\"><strong>Josep Gonz\u00e1lez, presidente de la Fundaci\u00f3 PIMEC<\/strong><\/p>\n<\/blockquote>\n<p>&nbsp;<\/p>\n","protected":false},"excerpt":{"rendered":"<p>En un contexto econ\u00f3mico incierto y desafiante, la posibilidad de una segunda oportunidad se convierte en un elemento clave para la recuperaci\u00f3n de las personas empresarias y aut\u00f3nomas que han atravesado serias dificultades. En este sentido, el trabajo de la Fundaci\u00f3 PIMEC a trav\u00e9s del programa emppersona, y que se complementa con la propuesta Incorpora de Fundaci\u00f3n \u201cla Caixa, ha demostrado ser una herramienta eficaz de apoyo y acompa\u00f1amiento. Durante el 2024, desde la Fundaci\u00f3 conseguimos que 109 personas lograran una segunda oportunidad, ofreciendo soluciones concretas para reflotar negocios, facilitar la reinserci\u00f3n en el mercado laboral y cerrar empresas de<\/p>\n","protected":false},"author":126,"featured_media":29244,"comment_status":"open","ping_status":"closed","sticky":false,"template":"","format":"standard","meta":[],"categories":[770],"tags":[2327,724,982,2328,2021,1085,755,1547,1546,746,1078,754],"_links":{"self":[{"href":"https:\/\/www.pimealdia.org\/es\/wp-json\/wp\/v2\/posts\/30619"}],"collection":[{"href":"https:\/\/www.pimealdia.org\/es\/wp-json\/wp\/v2\/posts"}],"about":[{"href":"https:\/\/www.pimealdia.org\/es\/wp-json\/wp\/v2\/types\/post"}],"author":[{"embeddable":true,"href":"https:\/\/www.pimealdia.org\/es\/wp-json\/wp\/v2\/users\/126"}],"replies":[{"embeddable":true,"href":"https:\/\/www.pimealdia.org\/es\/wp-json\/wp\/v2\/comments?post=30619"}],"version-history":[{"count":1,"href":"https:\/\/www.pimealdia.org\/es\/wp-json\/wp\/v2\/posts\/30619\/revisions"}],"predecessor-version":[{"id":30620,"href":"https:\/\/www.pimealdia.org\/es\/wp-json\/wp\/v2\/posts\/30619\/revisions\/30620"}],"wp:featuredmedia":[{"embeddable":true,"href":"https:\/\/www.pimealdia.org\/es\/wp-json\/wp\/v2\/media\/29244"}],"wp:attachment":[{"href":"https:\/\/www.pimealdia.org\/es\/wp-json\/wp\/v2\/media?parent=30619"}],"wp:term":[{"taxonomy":"category","embeddable":true,"href":"https:\/\/www.pimealdia.org\/es\/wp-json\/wp\/v2\/categories?post=30619"},{"taxonomy":"post_tag","embeddable":true,"href":"https:\/\/www.pimealdia.org\/es\/wp-json\/wp\/v2\/tags?post=30619"}],"curies":[{"name":"wp","href":"https:\/\/api.w.org\/{rel}","templated":true}]}}