{"id":30840,"date":"2025-05-05T10:09:11","date_gmt":"2025-05-05T08:09:11","guid":{"rendered":"https:\/\/www.pimealdia.org\/?p=30840"},"modified":"2025-05-05T10:09:11","modified_gmt":"2025-05-05T08:09:11","slug":"emprendedor-o-empresario-las-dos-caras-de-un-proyecto-de-futuro","status":"publish","type":"post","link":"https:\/\/www.pimealdia.org\/es\/emprendedor-o-empresario-las-dos-caras-de-un-proyecto-de-futuro\/","title":{"rendered":"\u00bfEmprendedor o empresario? Las dos caras de un proyecto de futuro"},"content":{"rendered":"<p style=\"text-align: justify;\">A menudo veo que se usan ambas palabras -emprendedor y empresario- para definir un mismo perfil profesional. De hecho, yo mismo, dependiendo de con qui\u00e9n hablo, me defino como emprendedor o como empresario. Y es que, con el tiempo, he descubierto que estas dos etiquetas no son excluyentes. Al contrario, se necesitan.<\/p>\n<p>El emprendedor es quien sue\u00f1a en grande, quien ve oportunidades donde los otros ven riesgos. Es quien se atreve a iniciar, a imaginar lo que todav\u00eda no existe. El empresario, en cambio, es quien consolida, estructura y hace crecer. Es quien transforma aquella idea inicial en una realidad que se puede sostener a largo plazo y hacer evolucionar.<\/p>\n<p>Aun as\u00ed, me he encontrado a menudo con una mirada social curiosa: ser emprendedor parece inspirador, moderno, valiente. Ser empresario, en cambio, en ciertos entornos se ve como una figura fr\u00eda, vinculada solo al beneficio o al poder y es por este motivo que en funci\u00f3n del entorno donde me encuentro, me defino con una palabra o la otra.<\/p>\n<p>Esto no saca que esta visi\u00f3n me parezca injusta. Sin empresarios, muchos proyectos innovadores se quedar\u00edan solo en buenas intenciones. Y sin emprendedores, el tejido empresarial se estancar\u00eda.<\/p>\n<p>Personalmente, creo que un proyecto ambicioso y con recorrido necesita las dos miradas. El empuj\u00f3n del emprendedor para arrancar, y la visi\u00f3n del empresario para hacerlo crecer con solidez. El verdadero reto es saber cuando hay que activar una mirada o la otra. Porque crear no es solo empezar, sino tambi\u00e9n saber continuar.<\/p>\n<p style=\"text-align: center;\">\n<p><strong>Guillem\u00a0Caball\u00e9\u00a0Riera \u2013 miembro de\u00a0Pimec\u00a0J\u00f3venes y\u00a0CEO\u00a0de\u00a0Trax\u00a0Bike\u00a0Solutions\u00a0SLU<\/strong><\/p>\n","protected":false},"excerpt":{"rendered":"<p>A menudo veo que se usan ambas palabras -emprendedor y empresario- para definir un mismo perfil profesional. De hecho, yo mismo, dependiendo de con qui\u00e9n hablo, me defino como emprendedor o como empresario. Y es que, con el tiempo, he descubierto que estas dos etiquetas no son excluyentes. Al contrario, se necesitan. El emprendedor es quien sue\u00f1a en grande, quien ve oportunidades donde los otros ven riesgos. Es quien se atreve a iniciar, a imaginar lo que todav\u00eda no existe. El empresario, en cambio, es quien consolida, estructura y hace crecer. Es quien transforma aquella idea inicial en una realidad<\/p>\n","protected":false},"author":235,"featured_media":30835,"comment_status":"open","ping_status":"closed","sticky":false,"template":"","format":"standard","meta":[],"categories":[770],"tags":[1678,2395,1085,1535,1325,1350,1975,2031,746,1078],"_links":{"self":[{"href":"https:\/\/www.pimealdia.org\/es\/wp-json\/wp\/v2\/posts\/30840"}],"collection":[{"href":"https:\/\/www.pimealdia.org\/es\/wp-json\/wp\/v2\/posts"}],"about":[{"href":"https:\/\/www.pimealdia.org\/es\/wp-json\/wp\/v2\/types\/post"}],"author":[{"embeddable":true,"href":"https:\/\/www.pimealdia.org\/es\/wp-json\/wp\/v2\/users\/235"}],"replies":[{"embeddable":true,"href":"https:\/\/www.pimealdia.org\/es\/wp-json\/wp\/v2\/comments?post=30840"}],"version-history":[{"count":1,"href":"https:\/\/www.pimealdia.org\/es\/wp-json\/wp\/v2\/posts\/30840\/revisions"}],"predecessor-version":[{"id":30841,"href":"https:\/\/www.pimealdia.org\/es\/wp-json\/wp\/v2\/posts\/30840\/revisions\/30841"}],"wp:featuredmedia":[{"embeddable":true,"href":"https:\/\/www.pimealdia.org\/es\/wp-json\/wp\/v2\/media\/30835"}],"wp:attachment":[{"href":"https:\/\/www.pimealdia.org\/es\/wp-json\/wp\/v2\/media?parent=30840"}],"wp:term":[{"taxonomy":"category","embeddable":true,"href":"https:\/\/www.pimealdia.org\/es\/wp-json\/wp\/v2\/categories?post=30840"},{"taxonomy":"post_tag","embeddable":true,"href":"https:\/\/www.pimealdia.org\/es\/wp-json\/wp\/v2\/tags?post=30840"}],"curies":[{"name":"wp","href":"https:\/\/api.w.org\/{rel}","templated":true}]}}