{"id":30893,"date":"2025-05-23T12:23:55","date_gmt":"2025-05-23T10:23:55","guid":{"rendered":"https:\/\/www.pimealdia.org\/?p=30893"},"modified":"2025-05-23T12:23:55","modified_gmt":"2025-05-23T10:23:55","slug":"las-pymes-primero-la-nueva-definicion-de-las-empresas-mid-caps-no-puede-ir-en-detrimento-de-las-mas-pequenas","status":"publish","type":"post","link":"https:\/\/www.pimealdia.org\/es\/las-pymes-primero-la-nueva-definicion-de-las-empresas-mid-caps-no-puede-ir-en-detrimento-de-las-mas-pequenas\/","title":{"rendered":"Las pymes primero: la nueva definici\u00f3n de las empresas \u2018mid-caps\u2019 no puede ir en detrimento de las m\u00e1s peque\u00f1as"},"content":{"rendered":"<p>Ante la reciente celebraci\u00f3n del Consejo de Competitividad de la Uni\u00f3n Europea, en el que se ha acordado una nueva categor\u00eda empresarial, las <em>small-mid caps<\/em>, a propuesta de la Comisi\u00f3n Europea, queremos insistir que no solo estamos hablando de una cuesti\u00f3n t\u00e9cnica, sino de prioridades pol\u00edticas y econ\u00f3micas.<\/p>\n<p>Las peque\u00f1as y medianas empresas europeas son el coraz\u00f3n del mercado \u00fanico, puesto que representan el 99,8% del tejido productivo de la UE y por su aportaci\u00f3n innegable en la creaci\u00f3n de ocupaci\u00f3n y de riqueza. No es de sentido com\u00fan que, siendo el motor de la econom\u00eda, su marco normativo sea tan complejo y fragmentado. Por este motivo, damos la bienvenida a las iniciativas de simplificaci\u00f3n, \u00d3mnibus, que est\u00e1 publicando la Comisi\u00f3n Europea este a\u00f1o.<\/p>\n<p>Es importante que las micro, peque\u00f1as y medianas empresas, as\u00ed como los profesionales aut\u00f3nomos, tengan acceso a ayudas, a simplificaciones administrativas y -en definitiva- a medidas espec\u00edficas adaptadas a su tama\u00f1o y que contribuyan a agilizar su d\u00eda a d\u00eda.<\/p>\n<p>Por eso, con la \u00d3mnibus I, que armoniza las directivas sobre diligencia debida e informaci\u00f3n sostenible de las empresas, y la \u00d3mnibus II, que simplifica el programa de inversiones <em>Invest EU<\/em> y aumenta los fondos del <em>SME Window<\/em> dirigidos a las pymes, creemos que la Comisi\u00f3n tiene la oportunidad de poner fin a esta disfunci\u00f3n.<\/p>\n<p>Ahora bien, la nueva definici\u00f3n de las <em>small mid-caps<\/em> y las propuestas de simplificaci\u00f3n dirigidas a estas empresas de hasta 750 trabajadores y con una facturaci\u00f3n de hasta 150 millones, nos lleva a reclamar tanto desde Pimec Europa como desde <em>SME United<\/em> que esta nueva categor\u00eda de empresas no vaya en detrimento de las m\u00e1s peque\u00f1as.<\/p>\n<p>Hace falta que la legislaci\u00f3n se piense primero para las pymes, como hace tiempo venimos insistiendo desde Pimec y <em>SME United<\/em>, y hacen falta herramientas digitales como una plataforma \u00fanica en toda la UE que facilite la actividad a las empresas y sus interacciones con las administraciones p\u00fablicas, y que sirvan en todos los pa\u00edses de la UE. La propuesta del <em>SME Passport<\/em> es un buen intento en esta direcci\u00f3n, pero hay que ir m\u00e1s all\u00e1.<\/p>\n<p>Queremos una Europa que armonice normas, que simplifique procedimientos y que elimine las barreras invisibles que dificultan operar entre estados miembros. Una Europa donde las pymes podamos competir en igualdad de condiciones y acceder a personal cualificado, a la financiaci\u00f3n, a la contrataci\u00f3n p\u00fablica y a cobrar sus facturas en los plazos que fija la ley.<\/p>\n<p>En conclusi\u00f3n, la nueva definici\u00f3n de <em>small-mid caps<\/em> demuestra que la Comisi\u00f3n tiene inter\u00e9s en ayudar a este tipo de empresas, en el contexto de relanzar la competitividad de Europa. Objetivo respetable, pero que desde Pimec Europa, junto con <em>SME United<\/em>, velaremos para que las pymes est\u00e9n en el centro de las numerosas estrategias europeas y no pasen a un segundo plano.<\/p>\n<blockquote>\n<p style=\"text-align: center;\">\n<strong>Rosa\u00a0Solanes, representante permanente de\u00a0Pimec\u00a0en Bruselas<\/strong><\/p>\n<\/blockquote>\n","protected":false},"excerpt":{"rendered":"<p>Ante la reciente celebraci\u00f3n del Consejo de Competitividad de la Uni\u00f3n Europea, en el que se ha acordado una nueva categor\u00eda empresarial, las small-mid caps, a propuesta de la Comisi\u00f3n Europea, queremos insistir que no solo estamos hablando de una cuesti\u00f3n t\u00e9cnica, sino de prioridades pol\u00edticas y econ\u00f3micas. Las peque\u00f1as y medianas empresas europeas son el coraz\u00f3n del mercado \u00fanico, puesto que representan el 99,8% del tejido productivo de la UE y por su aportaci\u00f3n innegable en la creaci\u00f3n de ocupaci\u00f3n y de riqueza. No es de sentido com\u00fan que, siendo el motor de la econom\u00eda, su marco normativo sea<\/p>\n","protected":false},"author":76,"featured_media":30904,"comment_status":"open","ping_status":"closed","sticky":false,"template":"","format":"standard","meta":[],"categories":[770],"tags":[742,2427,2426,1085,1456,2428,1546,746,1078,2425,1453,1445],"_links":{"self":[{"href":"https:\/\/www.pimealdia.org\/es\/wp-json\/wp\/v2\/posts\/30893"}],"collection":[{"href":"https:\/\/www.pimealdia.org\/es\/wp-json\/wp\/v2\/posts"}],"about":[{"href":"https:\/\/www.pimealdia.org\/es\/wp-json\/wp\/v2\/types\/post"}],"author":[{"embeddable":true,"href":"https:\/\/www.pimealdia.org\/es\/wp-json\/wp\/v2\/users\/76"}],"replies":[{"embeddable":true,"href":"https:\/\/www.pimealdia.org\/es\/wp-json\/wp\/v2\/comments?post=30893"}],"version-history":[{"count":1,"href":"https:\/\/www.pimealdia.org\/es\/wp-json\/wp\/v2\/posts\/30893\/revisions"}],"predecessor-version":[{"id":30894,"href":"https:\/\/www.pimealdia.org\/es\/wp-json\/wp\/v2\/posts\/30893\/revisions\/30894"}],"wp:featuredmedia":[{"embeddable":true,"href":"https:\/\/www.pimealdia.org\/es\/wp-json\/wp\/v2\/media\/30904"}],"wp:attachment":[{"href":"https:\/\/www.pimealdia.org\/es\/wp-json\/wp\/v2\/media?parent=30893"}],"wp:term":[{"taxonomy":"category","embeddable":true,"href":"https:\/\/www.pimealdia.org\/es\/wp-json\/wp\/v2\/categories?post=30893"},{"taxonomy":"post_tag","embeddable":true,"href":"https:\/\/www.pimealdia.org\/es\/wp-json\/wp\/v2\/tags?post=30893"}],"curies":[{"name":"wp","href":"https:\/\/api.w.org\/{rel}","templated":true}]}}