{"id":30917,"date":"2025-05-30T09:10:52","date_gmt":"2025-05-30T07:10:52","guid":{"rendered":"https:\/\/www.pimealdia.org\/?p=30917"},"modified":"2025-05-30T09:10:52","modified_gmt":"2025-05-30T07:10:52","slug":"un-hito-historico-para-las-pymes-catalanas-en-europa","status":"publish","type":"post","link":"https:\/\/www.pimealdia.org\/es\/un-hito-historico-para-las-pymes-catalanas-en-europa\/","title":{"rendered":"Un hito hist\u00f3rico para las pymes catalanas en Europa"},"content":{"rendered":"<p style=\"text-align: justify;\">En julio de 2023 Pimec celebr\u00f3 un debate sobre el nuevo reglamento europeo contra la morosidad en un lugar de Bruselas que hasta entonces no hab\u00eda pisado nunca ninguna organizaci\u00f3n empresarial catalana: el Comit\u00e9 Econ\u00f3mico y Social Europeo (CESE).<\/p>\n<p>El CESE acogi\u00f3 el acto de Pimec sobre un tema de gran relevancia para Europa gracias a la intervenci\u00f3n de SME United \u2013 patronal europea de pymes de la cual forma parte Pimec-, as\u00ed como de las organizaciones de pymes italiana Confartigianato y finlandesa Yritt\u00e4j\u00e4t.<\/p>\n<p>Dos a\u00f1os m\u00e1s tarde, el CESE y Pimec se vuelven a cruzar con motivo del reciente e hist\u00f3rico nombramiento de un representante de nuestra entidad en este importante \u00f3rgano consultivo europeo. La representaci\u00f3n recaer\u00e1 en mi persona, entre septiembre de 2025 y 2030, y completa un largo proceso de proyecci\u00f3n hacia Europa.<\/p>\n<p>Creado en 1957, el CESE tiene una funci\u00f3n consultiva en la UE similar a la del CTESC en Catalu\u00f1a y el CES en Espa\u00f1a. Todas las pol\u00edticas e iniciativas legislativas de la UE tienen que ser consultadas al CESE, que emite un dictamen en cada caso, que tanto la Comisi\u00f3n como el Parlamento y el Consejo Europeos tienen que tener en cuenta.<\/p>\n<p>El \u00f3rgano cuenta con 329 miembros de los 27 estados miembros de la UE, repartidos en 3 grupos. El Grupo 1, al que se ha incorporado Pimec, representa las organizaciones empresariales. El Grupo 2 re\u00fane representantes de los sindicatos y organizaciones de trabajadores, mientras el Grupo 3 re\u00fane las organizaciones de cariz civil, como asociaciones de consumidores y usuarios.<\/p>\n<p>En el caso del estado espa\u00f1ol son 21 los miembros nombrados en el CESE, de los que 7 corresponden a cada uno de los tres grupos mencionados. Para el pr\u00f3ximo mandato 2025-30, entre los 7 del Grupo 1, solo Pimec representar\u00e1 a las pymes, mientras el resto corresponden a \u00e1mbitos como la banca o la gran distribuci\u00f3n.<\/p>\n<p>El nombramiento en el CESE culmina una larga trayectoria de Pimec en Europa, iniciada hace 20 a\u00f1os con la entrada a la patronal europea de pymes SME United (antes UEAPME), donde Pimec es miembro efectivo y ostenta una vicepresidencia. Adem\u00e1s, Pimec es la \u00fanica entidad empresarial con delegaci\u00f3n propia en Bruselas y participa en varios grupos y comisiones de trabajo con las instituciones europeas.<\/p>\n<p>Adem\u00e1s, mi nombramiento se a\u00f1ade a otros logros recientes de\u00a0Pimec\u00a0al \u00e1mbito institucional estatal, como la entrada al Consejo Econ\u00f3mico y Social estatal (CES), la Comisi\u00f3n Consultiva Nacional de Convenios Colectivos y el Consejo Estatal de la Pyme.<\/p>\n<p>Pimec lidera as\u00ed cambios hist\u00f3ricos a nivel estatal y europeo que mejoran la representatividad institucional de las pymes y garantizan que su voz sea escuchada y tenida en cuenta por parte de las administraciones.<\/p>\n<blockquote>\n<p style=\"text-align: center;\">\n<p><strong>Jacint Soler Matutes, director de Relaciones Internacionales y Asuntos Europeos de Pimec<\/strong><\/p>\n<\/blockquote>\n","protected":false},"excerpt":{"rendered":"<p>En julio de 2023 Pimec celebr\u00f3 un debate sobre el nuevo reglamento europeo contra la morosidad en un lugar de Bruselas que hasta entonces no hab\u00eda pisado nunca ninguna organizaci\u00f3n empresarial catalana: el Comit\u00e9 Econ\u00f3mico y Social Europeo (CESE). El CESE acogi\u00f3 el acto de Pimec sobre un tema de gran relevancia para Europa gracias a la intervenci\u00f3n de SME United \u2013 patronal europea de pymes de la cual forma parte Pimec-, as\u00ed como de las organizaciones de pymes italiana Confartigianato y finlandesa Yritt\u00e4j\u00e4t. Dos a\u00f1os m\u00e1s tarde, el CESE y Pimec se vuelven a cruzar con motivo del reciente<\/p>\n","protected":false},"author":19,"featured_media":30915,"comment_status":"open","ping_status":"closed","sticky":false,"template":"","format":"standard","meta":[],"categories":[770],"tags":[1085,1456,746,1078,1705,1455,1453,1445],"_links":{"self":[{"href":"https:\/\/www.pimealdia.org\/es\/wp-json\/wp\/v2\/posts\/30917"}],"collection":[{"href":"https:\/\/www.pimealdia.org\/es\/wp-json\/wp\/v2\/posts"}],"about":[{"href":"https:\/\/www.pimealdia.org\/es\/wp-json\/wp\/v2\/types\/post"}],"author":[{"embeddable":true,"href":"https:\/\/www.pimealdia.org\/es\/wp-json\/wp\/v2\/users\/19"}],"replies":[{"embeddable":true,"href":"https:\/\/www.pimealdia.org\/es\/wp-json\/wp\/v2\/comments?post=30917"}],"version-history":[{"count":1,"href":"https:\/\/www.pimealdia.org\/es\/wp-json\/wp\/v2\/posts\/30917\/revisions"}],"predecessor-version":[{"id":30918,"href":"https:\/\/www.pimealdia.org\/es\/wp-json\/wp\/v2\/posts\/30917\/revisions\/30918"}],"wp:featuredmedia":[{"embeddable":true,"href":"https:\/\/www.pimealdia.org\/es\/wp-json\/wp\/v2\/media\/30915"}],"wp:attachment":[{"href":"https:\/\/www.pimealdia.org\/es\/wp-json\/wp\/v2\/media?parent=30917"}],"wp:term":[{"taxonomy":"category","embeddable":true,"href":"https:\/\/www.pimealdia.org\/es\/wp-json\/wp\/v2\/categories?post=30917"},{"taxonomy":"post_tag","embeddable":true,"href":"https:\/\/www.pimealdia.org\/es\/wp-json\/wp\/v2\/tags?post=30917"}],"curies":[{"name":"wp","href":"https:\/\/api.w.org\/{rel}","templated":true}]}}