{"id":30923,"date":"2025-06-02T12:13:37","date_gmt":"2025-06-02T10:13:37","guid":{"rendered":"https:\/\/www.pimealdia.org\/?p=30923"},"modified":"2025-06-02T12:13:37","modified_gmt":"2025-06-02T10:13:37","slug":"menos-papeleo-mas-oportunidades-un-paso-adelante-para-las-pymes-catalanas","status":"publish","type":"post","link":"https:\/\/www.pimealdia.org\/es\/menos-papeleo-mas-oportunidades-un-paso-adelante-para-las-pymes-catalanas\/","title":{"rendered":"Menos papeleo, m\u00e1s oportunidades: un paso adelante para las pymes catalanas"},"content":{"rendered":"<p>Las pymes representamos el n\u00facleo esencial del tejido econ\u00f3mico catal\u00e1n, impulsando d\u00eda a d\u00eda la actividad, la ocupaci\u00f3n y la innovaci\u00f3n. Pero a menudo, este potencial se ve frenado por obst\u00e1culos persistentes. Uno de los m\u00e1s pesados ha sido, hist\u00f3ricamente, la carga administrativa. <strong>La burocracia excesiva no solo consume tiempo y recursos, sino que limita directamente la capacidad de innovar, crecer y generar empleo.<\/strong><\/p>\n<p>Por eso, desde\u00a0Pimec\u00a0siempre hemos defendido que simplificar tr\u00e1mites no es ning\u00fan privilegio, sino una condici\u00f3n necesaria para garantizar la competitividad de las peque\u00f1as y medianas empresas. Hoy podemos compartir un hito importante en esta l\u00ednea.<\/p>\n<p>En el marco de la consulta p\u00fablica sobre la nueva normativa contable, desde\u00a0Pimec\u00a0presentamos varias enmiendas al Ministerio de Econom\u00eda. Estas aportaciones han sido incorporadas en gran medida al nuevo anteproyecto de ley, que <strong>adapta la normativa espa\u00f1ola a los l\u00edmites contables europeos<\/strong>. As\u00ed, el texto propone elevar estos l\u00edmites hasta el m\u00e1ximo permitido por la Directiva europea 2023\/2775.<\/p>\n<p>Si este anteproyecto supera el proceso parlamentario en los t\u00e9rminos actuales, <strong>miles de pymes catalanas podr\u00e1n optar por elaborar sus cuentas anuales mediante formatos abreviados y simplificados<\/strong>. Esto podr\u00eda traducirse en menos requisitos formales, menos tiempo dedicado a la burocracia y <strong>un ahorro significativo en costes de contabilidad y gesti\u00f3n administrativa<\/strong>.<\/p>\n<p>Concretamente, los umbrales econ\u00f3micos pasar\u00e1n a ser de 7,5 millones de euros de activo y 15 millones de euros de cifra de negocio, manteni\u00e9ndose el l\u00edmite de 50 trabajadores. Con este incremento, se reflejar\u00e1 el margen m\u00e1ximo que permite la normativa europea, hecho que representar\u00e1 una mejora tangible para las empresas de menor dimensi\u00f3n.<\/p>\n<p>Este adelanto es tambi\u00e9n <strong>un claro ejemplo de como la voz de las peque\u00f1as y medianas empresas, a trav\u00e9s de\u00a0Pimec, puede ser escuchada en la definici\u00f3n de pol\u00edticas p\u00fablicas<\/strong>. Ahora hay que seguir trabajando para que el texto final incorpore tambi\u00e9n la exenci\u00f3n total de auditor\u00eda hasta los umbrales europeos, una medida que podr\u00eda generar todav\u00eda m\u00e1s ahorro y alivio administrativo.<\/p>\n<p>Desde Pimec continuaremos defendiendo con rigor y perseverancia los intereses de las pymes ante la administraci\u00f3n y las instituciones, para garantizar que cada mejora normativa tenga un impacto real en el d\u00eda a d\u00eda de las empresas.<\/p>\n<p style=\"text-align: center;\">\n<strong>Mois\u00e9s\u00a0Bonal, director de Estudios y An\u00e1lisis Econ\u00f3mico de\u00a0Pimec<\/strong><\/p>\n","protected":false},"excerpt":{"rendered":"<p>Las pymes representamos el n\u00facleo esencial del tejido econ\u00f3mico catal\u00e1n, impulsando d\u00eda a d\u00eda la actividad, la ocupaci\u00f3n y la innovaci\u00f3n. Pero a menudo, este potencial se ve frenado por obst\u00e1culos persistentes. Uno de los m\u00e1s pesados ha sido, hist\u00f3ricamente, la carga administrativa. La burocracia excesiva no solo consume tiempo y recursos, sino que limita directamente la capacidad de innovar, crecer y generar empleo. Por eso, desde\u00a0Pimec\u00a0siempre hemos defendido que simplificar tr\u00e1mites no es ning\u00fan privilegio, sino una condici\u00f3n necesaria para garantizar la competitividad de las peque\u00f1as y medianas empresas. Hoy podemos compartir un hito importante en esta l\u00ednea. En<\/p>\n","protected":false},"author":13,"featured_media":30921,"comment_status":"open","ping_status":"closed","sticky":false,"template":"","format":"standard","meta":[],"categories":[342],"tags":[996,2443,1085,2444,746,1078,2164],"_links":{"self":[{"href":"https:\/\/www.pimealdia.org\/es\/wp-json\/wp\/v2\/posts\/30923"}],"collection":[{"href":"https:\/\/www.pimealdia.org\/es\/wp-json\/wp\/v2\/posts"}],"about":[{"href":"https:\/\/www.pimealdia.org\/es\/wp-json\/wp\/v2\/types\/post"}],"author":[{"embeddable":true,"href":"https:\/\/www.pimealdia.org\/es\/wp-json\/wp\/v2\/users\/13"}],"replies":[{"embeddable":true,"href":"https:\/\/www.pimealdia.org\/es\/wp-json\/wp\/v2\/comments?post=30923"}],"version-history":[{"count":1,"href":"https:\/\/www.pimealdia.org\/es\/wp-json\/wp\/v2\/posts\/30923\/revisions"}],"predecessor-version":[{"id":30924,"href":"https:\/\/www.pimealdia.org\/es\/wp-json\/wp\/v2\/posts\/30923\/revisions\/30924"}],"wp:featuredmedia":[{"embeddable":true,"href":"https:\/\/www.pimealdia.org\/es\/wp-json\/wp\/v2\/media\/30921"}],"wp:attachment":[{"href":"https:\/\/www.pimealdia.org\/es\/wp-json\/wp\/v2\/media?parent=30923"}],"wp:term":[{"taxonomy":"category","embeddable":true,"href":"https:\/\/www.pimealdia.org\/es\/wp-json\/wp\/v2\/categories?post=30923"},{"taxonomy":"post_tag","embeddable":true,"href":"https:\/\/www.pimealdia.org\/es\/wp-json\/wp\/v2\/tags?post=30923"}],"curies":[{"name":"wp","href":"https:\/\/api.w.org\/{rel}","templated":true}]}}