{"id":30982,"date":"2025-06-20T09:50:29","date_gmt":"2025-06-20T07:50:29","guid":{"rendered":"https:\/\/www.pimealdia.org\/?p=30982"},"modified":"2025-06-20T09:50:29","modified_gmt":"2025-06-20T07:50:29","slug":"las-pymes-de-nuestro-poligono-consumen-el-70-de-la-energia-que-producimos-reduciendo-emisiones-y-costes-energeticos","status":"publish","type":"post","link":"https:\/\/www.pimealdia.org\/es\/las-pymes-de-nuestro-poligono-consumen-el-70-de-la-energia-que-producimos-reduciendo-emisiones-y-costes-energeticos\/","title":{"rendered":"\u201cLas pymes de nuestro pol\u00edgono consumen el 70% de la energ\u00eda que producimos, reduciendo emisiones y costes energ\u00e9ticos\u201d"},"content":{"rendered":"<blockquote>\n<p style=\"text-align: center;\"><em>Entrevista a Rafael Carrasco, presidente de la Asociaci\u00f3n Empresarial del Pol\u00edgono Industrial de Castellv\u00ed de Rosanes (AEPIR)<\/em><\/p>\n<\/blockquote>\n<p style=\"text-align: left;\">\n<strong>El pol\u00edgono que usted preside se ha convertido en la primera comunidad energ\u00e9tica 100% industrial\u00a0 de Catalu\u00f1a. \u00bfC\u00f3mo surgi\u00f3 este proyecto?<\/strong><\/p>\n<p>Todo comenz\u00f3 con motivo de la primera convocatoria del programa de incentivos para proyectos piloto singulares de comunidades energ\u00e9ticas CE Implementa, impulsado por IDAE y conseguido a trav\u00e9s de la colaboraci\u00f3n publico-privada con el Ayuntamiento de Castellv\u00ed de Rosanes. Era febrero de 2022 y se enmarcaba dentro del Plan de Recuperaci\u00f3n, Transformaci\u00f3n y Resiliencia, a trav\u00e9s del que hemos obtenido una subvenci\u00f3n para el 36% del total del proyecto.<\/p>\n<p>Desde Pimec Pol\u00edgonos, entidad gerente de la asociaci\u00f3n, se mostraron muy confiados en que nos dar\u00edan el proyecto y, por eso, decidimos participar. En aquel momento, ya llev\u00e1bamos m\u00e1s de cuatro a\u00f1os haciendo compras agregadas de energ\u00eda de manera anual y el siguiente paso era intentar generar un proyecto propio con impacto directo en el entorno y la comunidad industrial de la que formamos parte. Yo dir\u00eda que fue bastante osado.<\/p>\n<p><strong><img loading=\"lazy\" class=\"size-medium wp-image-30980 alignleft\" src=\"https:\/\/www.pimealdia.org\/wp-content\/uploads\/2025\/06\/IMG-20220728-WA0002-1-225x300.jpg\" alt=\"\" width=\"225\" height=\"300\" srcset=\"https:\/\/www.pimealdia.org\/wp-content\/uploads\/2025\/06\/IMG-20220728-WA0002-1-225x300.jpg 225w, https:\/\/www.pimealdia.org\/wp-content\/uploads\/2025\/06\/IMG-20220728-WA0002-1-768x1024.jpg 768w, https:\/\/www.pimealdia.org\/wp-content\/uploads\/2025\/06\/IMG-20220728-WA0002-1-1152x1536.jpg 1152w, https:\/\/www.pimealdia.org\/wp-content\/uploads\/2025\/06\/IMG-20220728-WA0002-1-480x640.jpg 480w, https:\/\/www.pimealdia.org\/wp-content\/uploads\/2025\/06\/IMG-20220728-WA0002-1.jpg 1200w\" sizes=\"(max-width: 225px) 100vw, 225px\" \/>\u00bfC\u00f3mo funciona exactamente?<\/strong><\/p>\n<p>A lo largo de la primera fase hemos llevado a cabo un proyecto de autoconsumo compartido colectivo entre las seis empresas participantes y un total de 7 suministros que se sustentan con dos instalaciones fotovoltaicas de 120Kwp cada una.<\/p>\n<p>Como elemento diferenciador, quiero destacar que todos los suministros se nutren de ambas instalaciones, es decir, los diferentes consumidores participan de ambas instalaciones. Esto es innovador porque lo habitual es que un consumidor participe de una instalaci\u00f3n.\u00a0 Adem\u00e1s, la comunidad dispone de la instalaci\u00f3n de cuatro cargadores el\u00e9ctricos en el Pol\u00edgono.<\/p>\n<p><strong>\u00bfCree que el proyecto hubiera sido posible sin el empuj\u00f3n del asociacionismo empresarial?<\/strong><\/p>\n<p>Por supuesto que no. Nuestra asociaci\u00f3n, que no es m\u00e1s que una comunidad industrial, ha sido y es vital para el correcto desarrollo de la actividad industrial que se lleva a cabo en el pol\u00edgono, tanto en el \u00e1mbito del entorno como para la comunidad.<\/p>\n<p>Somos una asociaci\u00f3n desde 2008, pero primero fuimos Junta de Compensaci\u00f3n y Conservaci\u00f3n, con todo lo que esto comporta. Nuestra representatividad es del 58% y nuestro principal objetivo es el de velar porque el entorno industrial que ocupamos sea competitivo. Este hecho nos lleva a tener una relaci\u00f3n estrecha con el Ayuntamiento y, desde hace a\u00f1os, nos ha permitido poder gestionar -a pesar de que no al 100% todav\u00eda- lo que pasa y lo que pasar\u00e1 en nuestro pol\u00edgono.<\/p>\n<p>Como ejemplo, hemos desplegado nosotros mismos la infraestructura de fibra \u00f3ptica. Desde la Diputaci\u00f3n, nos han otorgado en dos convocatorias el Plan Sectorial de Mejora de Pol\u00edgonos Industriales, con una inversi\u00f3n total en mejoras de la red de suministro de agua, hidrantes, iluminaci\u00f3n y movilidad, de 944.194,75\u20ac. Entre otras cuestiones, esto nos ha facilitado una mejora de la se\u00f1alizaci\u00f3n vertical.<\/p>\n<p><strong>\u00bfC\u00f3mo est\u00e1 funcionando el proyecto? \u00bfQu\u00e9 resultados positivos est\u00e1n registrando?<\/strong><\/p>\n<p>Una vez ya operativo al 100%, el proyecto est\u00e1 dando respuesta a los objetivos fijados desde un inicio, que pasan por incrementar la competitividad del tejido industrial a trav\u00e9s de una reducci\u00f3n de costes. Pero, sobre todo, el proyecto nos permite ser m\u00e1s independientes de las idas y venidas del mercado el\u00e9ctrico en referencia al coste de la energ\u00eda. Tambi\u00e9n, contribuimos de manera directa a los objetivos de transici\u00f3n energ\u00e9tica y descarbonizaci\u00f3n que se les exige a las empresas.<\/p>\n<p>A nivel cuantitativo y cogiendo 2024 como referencia, podemos celebrar que el 70% de la energ\u00eda generada se consume dentro de la comunidad, que la producci\u00f3n fotovoltaica cubre el 35% del consumo total de los participantes, as\u00ed como una reducci\u00f3n media del 31% en la factura el\u00e9ctrica de las empresas. Por otro lado, hemos contabilizado que las emisiones de CO2 han sido de 58 toneladas al a\u00f1o, con una amortizaci\u00f3n del proyecto prevista en 4 a\u00f1os.<\/p>\n<p><strong>\u00bfQu\u00e9 dificultades se han encontrado a lo largo de este proceso?<\/strong><\/p>\n<p>Nos hemos encontrado con diferentes trabas fruto de la novedad del proyecto. Hay que destacar que empezamos en 2022 y, a fecha de hoy, todav\u00eda se est\u00e1 impulsando la puesta en marcha de las comunidades como algo innovador.<\/p>\n<p>Ha sido muy pesado el proceso de tr\u00e1mites administrativos, como licencias o legalizaci\u00f3n del punto de consumo o la emisi\u00f3n de facturas por parte de la comercializadora, ya que la distribuidora el\u00e9ctrica no facilitaba las lecturas. No ha sido hasta a inicios de 2025 cuando hemos empezado a recibir la remuneraci\u00f3n por la venta de excedentes.<\/p>\n","protected":false},"excerpt":{"rendered":"<p>Entrevista a Rafael Carrasco, presidente de la Asociaci\u00f3n Empresarial del Pol\u00edgono Industrial de Castellv\u00ed de Rosanes (AEPIR) El pol\u00edgono que usted preside se ha convertido en la primera comunidad energ\u00e9tica 100% industrial\u00a0 de Catalu\u00f1a. \u00bfC\u00f3mo surgi\u00f3 este proyecto? Todo comenz\u00f3 con motivo de la primera convocatoria del programa de incentivos para proyectos piloto singulares de comunidades energ\u00e9ticas CE Implementa, impulsado por IDAE y conseguido a trav\u00e9s de la colaboraci\u00f3n publico-privada con el Ayuntamiento de Castellv\u00ed de Rosanes. Era febrero de 2022 y se enmarcaba dentro del Plan de Recuperaci\u00f3n, Transformaci\u00f3n y Resiliencia, a trav\u00e9s del que hemos obtenido una subvenci\u00f3n<\/p>\n","protected":false},"author":83,"featured_media":30977,"comment_status":"open","ping_status":"closed","sticky":false,"template":"","format":"standard","meta":[],"categories":[338],"tags":[1181,2477,1085,1183,1088,2478,1546,2475,2476,1078,2363],"_links":{"self":[{"href":"https:\/\/www.pimealdia.org\/es\/wp-json\/wp\/v2\/posts\/30982"}],"collection":[{"href":"https:\/\/www.pimealdia.org\/es\/wp-json\/wp\/v2\/posts"}],"about":[{"href":"https:\/\/www.pimealdia.org\/es\/wp-json\/wp\/v2\/types\/post"}],"author":[{"embeddable":true,"href":"https:\/\/www.pimealdia.org\/es\/wp-json\/wp\/v2\/users\/83"}],"replies":[{"embeddable":true,"href":"https:\/\/www.pimealdia.org\/es\/wp-json\/wp\/v2\/comments?post=30982"}],"version-history":[{"count":1,"href":"https:\/\/www.pimealdia.org\/es\/wp-json\/wp\/v2\/posts\/30982\/revisions"}],"predecessor-version":[{"id":30983,"href":"https:\/\/www.pimealdia.org\/es\/wp-json\/wp\/v2\/posts\/30982\/revisions\/30983"}],"wp:featuredmedia":[{"embeddable":true,"href":"https:\/\/www.pimealdia.org\/es\/wp-json\/wp\/v2\/media\/30977"}],"wp:attachment":[{"href":"https:\/\/www.pimealdia.org\/es\/wp-json\/wp\/v2\/media?parent=30982"}],"wp:term":[{"taxonomy":"category","embeddable":true,"href":"https:\/\/www.pimealdia.org\/es\/wp-json\/wp\/v2\/categories?post=30982"},{"taxonomy":"post_tag","embeddable":true,"href":"https:\/\/www.pimealdia.org\/es\/wp-json\/wp\/v2\/tags?post=30982"}],"curies":[{"name":"wp","href":"https:\/\/api.w.org\/{rel}","templated":true}]}}