{"id":31024,"date":"2025-06-30T10:44:30","date_gmt":"2025-06-30T08:44:30","guid":{"rendered":"https:\/\/www.pimealdia.org\/alicia-romero-consellera-deconomia-i-finances-la-burocracia-ens-preocupa-molt-perque-es-un-gran-problema-per-a-les-empreses-el-nostre-objectiu-es-reduir-la-entre-un-30-i-un-40\/"},"modified":"2025-06-30T16:17:08","modified_gmt":"2025-06-30T14:17:08","slug":"alicia-romero-consellera-deconomia-i-finances-la-burocracia-ens-preocupa-molt-perque-es-un-gran-problema-per-a-les-empreses-el-nostre-objectiu-es-reduir-la-entre-un-30-i-un-40","status":"publish","type":"post","link":"https:\/\/www.pimealdia.org\/es\/alicia-romero-consellera-deconomia-i-finances-la-burocracia-ens-preocupa-molt-perque-es-un-gran-problema-per-a-les-empreses-el-nostre-objectiu-es-reduir-la-entre-un-30-i-un-40\/","title":{"rendered":"Al\u00edcia Romero, consejera de Econom\u00eda y Finanzas de la Generalitat: \u201cLa burocracia nos preocupa mucho porque es un gran problema para las empresas; nuestro objetivo es reducirla entre un 30 y un 40%\u201d"},"content":{"rendered":"<p><em>Dentro del compromiso de Pimec por dar voz directa a los principales responsables de las pol\u00edticas p\u00fablicas que impactan en el tejido empresarial catal\u00e1n, el presidente Antoni Ca\u00f1ete ha iniciado una serie de conversaciones en formato podcast. La primera de estas entrevistas ha sido con la <a href=\"https:\/\/www.youtube.com\/watch?v=ryUStXN_D4Q\">consejera de Econom\u00eda y Finanzas de la Generalitat<\/a>, Al\u00edcia Romero (Caldes d\u2019Estrac, 1976), en la que se profundiza en temas clave como el modelo de financiaci\u00f3n auton\u00f3mica, la fiscalidad empresarial, la lucha contra la morosidad, el papel del Institut Catal\u00e0 de Finances y el exceso de burocracia. Todo ello desde una mirada cr\u00edtica y constructiva que busca fortalecer la competitividad de las pymes catalanas y garantizar un entorno econ\u00f3mico m\u00e1s justo, eficiente y adaptado a las necesidades reales del territorio.<\/em><\/p>\n<p><strong>Desde Pimec hemos defendido reiteradamente que &#8216;necesitamos un modelo de financiaci\u00f3n tractor y no extractor&#8217;, porque el actual sistema est\u00e1 gripando el motor de la econom\u00eda catalana. \u00bfCree que el modelo de financiaci\u00f3n auton\u00f3mica vigente permite a Catalu\u00f1a ejercer ese papel?<\/strong><\/p>\n<p>Por desgracia, hay mucho ruido y poca honestidad. Es cierto que los partidos deben hacer pol\u00edtica, pero hay temas de pa\u00eds en los que ser\u00eda necesario un trabajo conjunto por el bien de la ciudadan\u00eda. Tenemos un modelo caducado desde 2014, y eso significa que hemos ido perdiendo recursos. Catalu\u00f1a es una de las comunidades peor financiadas: el sistema es poco transparente, muy complejo y genera desigualdades. Pactamos con ERC una financiaci\u00f3n singular, y estamos trabajando en una propuesta de estructura del modelo y esperamos que pronto sea una realidad. Es necesario poner orden, reconocer las especificidades y financiar correctamente, con una actitud m\u00e1s constructiva por parte de todos.<\/p>\n<p><strong>Catalu\u00f1a es uno de los territorios donde las empresas soportan una mayor presi\u00f3n fiscal. A la vez, a menudo se legisla sin tener suficientemente en cuenta la realidad de las pymes, que acaban asumiendo cargas que comprometen su viabilidad y competitividad. \u00bfCree que ha llegado el momento de dar un giro y legislar pensando primero en peque\u00f1o, con una fiscalidad realmente adaptada al tama\u00f1o empresarial?<\/strong><\/p>\n<p>Tenemos muy claro que el gran tejido empresarial catal\u00e1n lo forman las pymes y, por eso, debemos legislar partiendo de esta realidad. Estamos estudiando posibles modificaciones fiscales que favorezcan a las pymes, pero no solo en materia fiscal, tambi\u00e9n en contrataci\u00f3n p\u00fablica. Queremos que las pymes contraten, que crezcan y que puedan financiarse mejor. En este sentido, el Institut Catal\u00e0 de Finances (ICF) tiene un papel clave.<\/p>\n<p><iframe loading=\"lazy\" title=\"Entrevista a la consellera Al\u00edcia Romero - Abordant el finan\u00e7ament\" width=\"1170\" height=\"658\" src=\"https:\/\/www.youtube.com\/embed\/ZC_bY_S3scI?feature=oembed\" frameborder=\"0\" allow=\"accelerometer; autoplay; clipboard-write; encrypted-media; gyroscope; picture-in-picture; web-share\" referrerpolicy=\"strict-origin-when-cross-origin\" allowfullscreen><\/iframe><\/p>\n<p><strong>Precisamente, a propuesta de Pimec, su departamento est\u00e1 explorando el potencial del ICF como banca de inversi\u00f3n p\u00fablica para convertirlo en un referente clave de inversi\u00f3n empresarial ante la necesidad de mejorar el acceso a la financiaci\u00f3n por parte de las pymes. \u00bfQu\u00e9 pasos se han llevado a cabo?<\/strong><\/p>\n<p>Nuestras l\u00edneas de financiaci\u00f3n van destinadas a las pymes, pr\u00e1cticamente al 100%. Hemos abierto varias l\u00edneas espec\u00edficas, dotadas con 300 millones de euros, para fomentar la inversi\u00f3n, la apertura de mercados y la internacionalizaci\u00f3n. Tambi\u00e9n contamos con l\u00edneas m\u00e1s concretas para impulsar la competitividad y la sostenibilidad, como por ejemplo la descarbonizaci\u00f3n de flotas. Estas l\u00edneas ya est\u00e1n en funcionamiento y ahora queremos reforzarlas para llegar all\u00ed donde no llega la financiaci\u00f3n privada. Tambi\u00e9n queremos dar a conocer mejor el ICF en todo el territorio, porque, aunque ya tiene 40 a\u00f1os, todav\u00eda no es suficientemente conocido.<\/p>\n<p><strong>Desde Pimec hemos denunciado reiteradamente que el exceso de burocracia administrativa es uno de los principales obst\u00e1culos para la competitividad de las pymes catalanas. Seg\u00fan el estudio del Observatorio de la Pyme de Catalu\u00f1a, las empresas dedican una media de 41,1 horas mensuales a gestiones administrativas. \u00bfEn qu\u00e9 punto se encuentra el proyecto del gobierno para reducir la burocracia y aligerar las gestiones de las empresas?<\/strong><\/p>\n<p>Esta cuesti\u00f3n nos preocupa mucho, es uno de los grandes problemas para las empresas. Y es cierto que suspendemos, especialmente si nos comparamos con otras comunidades o pa\u00edses. No es f\u00e1cil, pero lo estamos abordando con un trabajo transversal entre departamentos y administraciones. Ya hemos puesto en marcha mecanismos para agilizar la tramitaci\u00f3n de ayudas y queremos reducir entre un 30% y un 40% la burocracia y los plazos. Pronto veremos los primeros resultados.<\/p>\n<p><iframe loading=\"lazy\" title=\"Entrevista a la consellera Al\u00edcia Romero - Abordant el tema de la burocr\u00e0cia\" width=\"1170\" height=\"658\" src=\"https:\/\/www.youtube.com\/embed\/vfpzu4cesHM?feature=oembed\" frameborder=\"0\" allow=\"accelerometer; autoplay; clipboard-write; encrypted-media; gyroscope; picture-in-picture; web-share\" referrerpolicy=\"strict-origin-when-cross-origin\" allowfullscreen><\/iframe><\/p>\n<p><strong>La morosidad sigue siendo un problema grave para muchas pymes, especialmente por el retraso en los pagos de grandes empresas. Celebramos la medida que prev\u00e9 que la Generalitat pague directamente a los subcontratistas. \u00bfCu\u00e1ndo se har\u00e1 efectiva?<\/strong><\/p>\n<p>Esta medida ya es ley y se puede aplicar. Se convalid\u00f3 el Decreto Ley que modifica la Ley de contrataci\u00f3n p\u00fablica, por lo que su efecto es inminente. Hemos querido facilitar el acceso de las pymes a la contrataci\u00f3n p\u00fablica, limitando el acceso a los lotes y realizando el pago de manera directa a los subcontratistas. Hemos sido valientes: no podemos permitir que las pymes hagan de banco para las grandes corporaciones. Si estas no pagan a tiempo, lo haremos nosotros directamente. Tambi\u00e9n estamos trabajando en una nueva ley de contrataci\u00f3n p\u00fablica que incorporar\u00e1 m\u00e1s mejoras.<\/p>\n<p><iframe loading=\"lazy\" title=\"Entrevista a la consellera Al\u00edcia Romero - Abordant la lluita contra la morositat\" width=\"1170\" height=\"658\" src=\"https:\/\/www.youtube.com\/embed\/UU8t9oIHwb8?feature=oembed\" frameborder=\"0\" allow=\"accelerometer; autoplay; clipboard-write; encrypted-media; gyroscope; picture-in-picture; web-share\" referrerpolicy=\"strict-origin-when-cross-origin\" allowfullscreen><\/iframe><\/p>\n<p><strong>Desde Pimec hemos expresado desde el primer momento nuestro rechazo a la OPA hostil presentada por BBVA sobre el Banc Sabadell, alertando de los efectos negativos que esta operaci\u00f3n podr\u00eda tener sobre la competencia bancaria y el acceso al cr\u00e9dito, especialmente para las pymes. En este contexto, \u00bfc\u00f3mo valora la decisi\u00f3n del Gobierno espa\u00f1ol de autorizar la OPA con el endurecimiento de las condiciones en defensa del inter\u00e9s general?<\/strong><\/p>\n<p>Estamos satisfechos porque las condiciones que ha impuesto el Consejo de Ministros, que son por tres a\u00f1os y pueden prorrogarse dos a\u00f1os m\u00e1s, garantizan mantener un sistema financiero m\u00e1s equilibrado desde el punto de vista territorial, preservar los puestos de trabajo, atender las dificultades del territorio y facilitar el acceso a la financiaci\u00f3n, especialmente de las pymes.<\/p>\n<p><strong>Tambi\u00e9n hemos defendido el valor de un mercado abierto y competitivo, y somos poco partidarios de la sobrerregulaci\u00f3n. Ahora bien, tambi\u00e9n constatamos desequilibrios graves, como en el comercio electr\u00f3nico, donde el impacto de algunos operadores globales est\u00e1 afectando al comercio local. \u00bfC\u00f3mo podemos avanzar hacia una econom\u00eda m\u00e1s equilibrada, donde el progreso no deje atr\u00e1s al tejido de proximidad?<\/strong><\/p>\n<p>El mundo est\u00e1 cambiando y lo venimos observando desde hace tiempo, pero de manera m\u00e1s intensa desde la llegada de Trump a la presidencia de los Estados Unidos. Debemos saber interpretar los cambios y ver oportunidades. Esperamos que Europa plantee soluciones de futuro frente a las grandes plataformas, porque desde Catalu\u00f1a no podemos competir solos. Lo que s\u00ed podemos hacer es reforzar el comercio de proximidad, ofreciendo una experiencia diferente a la del comercio online. Sabemos que Internet no es una moda, pero el comercio de proximidad genera empleo y vida en las ciudades. Desde la Generalitat trabajamos para darle herramientas y hacerlo m\u00e1s resiliente.<\/p>\n<p>&nbsp;<\/p>\n<p><a href=\"https:\/\/www.youtube.com\/watch?v=ryUStXN_D4Q\"><img loading=\"lazy\" class=\"aligncenter wp-image-31026 size-medium\" src=\"https:\/\/www.pimealdia.org\/wp-content\/uploads\/2025\/06\/Butlleti-premis-2-300x52.png\" alt=\"\" width=\"300\" height=\"52\" srcset=\"https:\/\/www.pimealdia.org\/wp-content\/uploads\/2025\/06\/Butlleti-premis-2-300x52.png 300w, https:\/\/www.pimealdia.org\/wp-content\/uploads\/2025\/06\/Butlleti-premis-2-480x83.png 480w, https:\/\/www.pimealdia.org\/wp-content\/uploads\/2025\/06\/Butlleti-premis-2.png 580w\" sizes=\"(max-width: 300px) 100vw, 300px\" \/><\/a><\/p>\n","protected":false},"excerpt":{"rendered":"<p>Dentro del compromiso de Pimec por dar voz directa a los principales responsables de las pol\u00edticas p\u00fablicas que impactan en el tejido empresarial catal\u00e1n, el presidente Antoni Ca\u00f1ete ha iniciado una serie de conversaciones en formato podcast. La primera de estas entrevistas ha sido con la consejera de Econom\u00eda y Finanzas de la Generalitat, Al\u00edcia Romero (Caldes d\u2019Estrac, 1976), en la que se profundiza en temas clave como el modelo de financiaci\u00f3n auton\u00f3mica, la fiscalidad empresarial, la lucha contra la morosidad, el papel del Institut Catal\u00e0 de Finances y el exceso de burocracia. Todo ello desde una mirada cr\u00edtica y<\/p>\n","protected":false},"author":30,"featured_media":31005,"comment_status":"open","ping_status":"closed","sticky":false,"template":"","format":"standard","meta":[],"categories":[342],"tags":[2482,1087,2483],"_links":{"self":[{"href":"https:\/\/www.pimealdia.org\/es\/wp-json\/wp\/v2\/posts\/31024"}],"collection":[{"href":"https:\/\/www.pimealdia.org\/es\/wp-json\/wp\/v2\/posts"}],"about":[{"href":"https:\/\/www.pimealdia.org\/es\/wp-json\/wp\/v2\/types\/post"}],"author":[{"embeddable":true,"href":"https:\/\/www.pimealdia.org\/es\/wp-json\/wp\/v2\/users\/30"}],"replies":[{"embeddable":true,"href":"https:\/\/www.pimealdia.org\/es\/wp-json\/wp\/v2\/comments?post=31024"}],"version-history":[{"count":3,"href":"https:\/\/www.pimealdia.org\/es\/wp-json\/wp\/v2\/posts\/31024\/revisions"}],"predecessor-version":[{"id":31029,"href":"https:\/\/www.pimealdia.org\/es\/wp-json\/wp\/v2\/posts\/31024\/revisions\/31029"}],"wp:featuredmedia":[{"embeddable":true,"href":"https:\/\/www.pimealdia.org\/es\/wp-json\/wp\/v2\/media\/31005"}],"wp:attachment":[{"href":"https:\/\/www.pimealdia.org\/es\/wp-json\/wp\/v2\/media?parent=31024"}],"wp:term":[{"taxonomy":"category","embeddable":true,"href":"https:\/\/www.pimealdia.org\/es\/wp-json\/wp\/v2\/categories?post=31024"},{"taxonomy":"post_tag","embeddable":true,"href":"https:\/\/www.pimealdia.org\/es\/wp-json\/wp\/v2\/tags?post=31024"}],"curies":[{"name":"wp","href":"https:\/\/api.w.org\/{rel}","templated":true}]}}