{"id":31050,"date":"2025-07-04T11:48:51","date_gmt":"2025-07-04T09:48:51","guid":{"rendered":"https:\/\/www.pimealdia.org\/?p=31050"},"modified":"2025-07-04T14:41:17","modified_gmt":"2025-07-04T12:41:17","slug":"medidas-de-prevencion-ante-las-altas-temperaturas","status":"publish","type":"post","link":"https:\/\/www.pimealdia.org\/es\/medidas-de-prevencion-ante-las-altas-temperaturas\/","title":{"rendered":"\u00bfC\u00f3mo afecta el calor a tu empresa? \u00bfY qu\u00e9 puedes hacer para mejorarlo?"},"content":{"rendered":"<p>Un a\u00f1o m\u00e1s, el verano llega acompa\u00f1ado de temperaturas muy elevadas, hecho que obliga a extremar las precauciones. Ante el incremento t\u00e9rmico y la previsi\u00f3n de olas de calor, es fundamental recordar la importancia de adoptar medidas preventivas para proteger nuestro activo m\u00e1s valioso: las personas que forman parte de nuestras empresas. Una sola decisi\u00f3n puede marcar la diferencia entre una jornada segura o un riesgo innecesario.<br \/>\nEl calor intenso no es solo una incomodidad; es un <strong>riesgo laboral<\/strong> que puede afectar gravemente tanto la <strong>salud<\/strong> como la <strong>productividad<\/strong>.<\/p>\n<p><strong>5 medidas clave para proteger a tu equipo del calor:<\/strong><\/p>\n<div class=\"traductor-textarea form-group\">\n<div class=\"textarea-desti col-xs-12 col-sm-6\">\n<div class=\"form-control second-textarea\"><strong>1. Planificaci\u00f3n y descansos:<\/strong><br \/>\nIdentifica las tareas y puestos de trabajo con mayor riesgo de exposici\u00f3n al calor y facilita pausas cortas y frecuentes en zonas frescas, climatizadas o a la sombra.<br \/>\n<strong>2. Adaptaci\u00f3n de los horarios y la organizaci\u00f3n del trabajo:<\/strong><br \/>\nOrganiza turnos para reducir la intensidad de la exposici\u00f3n y programa las tareas m\u00e1s pesadas en las horas de menos calor.<br \/>\n<strong>3. Hidrataci\u00f3n y protecci\u00f3n personal:<\/strong><br \/>\nFomenta la ingesta de agua regularmente para mantener una buena hidrataci\u00f3n. Tambi\u00e9n es importando el uso de gorras, crema solar y ropa clara y ligera.<br \/>\n<strong>4. Informaci\u00f3n y comunicaci\u00f3n:<\/strong><br \/>\nInforma las personas trabajadoras sobre los riesgos del calor y recu\u00e9rdalos que, en caso de presentar cualquier s\u00edntoma, tienen que dejar la actividad y comunicarlo inmediatamente.<br \/>\n<strong>5. Seguimiento de los avisos meteorol\u00f3gicos:<\/strong><br \/>\nSeg\u00fan la intensidad del calor, se tienen que aplicar medidas concretas, como las que se detallan a continuaci\u00f3n.<\/div>\n<div><\/div>\n<\/div>\n<\/div>\n<div><strong>Actuaciones seg\u00fan los avisos meteorol\u00f3gicos:<\/strong><\/div>\n<div><\/div>\n<div><strong>\u2022 Aviso de calor intenso (niveles 1, 2 o 3):<\/strong><\/div>\n<div>Hay que adoptar medidas preventivas.<br \/>\n<strong>\u2022 Aviso de calor muy intenso (niveles 4, 5 o 6):<\/strong><br \/>\nHay que adaptar las condiciones de trabajo, incluyendo la reducci\u00f3n o modificaci\u00f3n del horario laboral, de acuerdo con la disposici\u00f3n adicional \u00fanica del Real Decreto 486\/1997, modificado por el Real decreto ley 4\/2023, de 11 de mayo.<strong>La prevenci\u00f3n es la mejor inversi\u00f3n<\/strong>La <strong>prevenci\u00f3n<\/strong> es la herramienta m\u00e1s eficaz para proteger el <strong>bienestar del personal<\/strong> y garantizar la <strong>continuidad de la actividad empresarial<\/strong> en condiciones de seguridad. Estar preparados es una apuesta segura por la salud y la productividad.Para mayor informaci\u00f3n y recursos detallados sobre la prevenci\u00f3n de riesgos laborales por calor, las empresas pueden consultar los canales oficiales de la Campa\u00f1a <a href=\"https:\/\/treball.gencat.cat\/ca\/ambits\/seguretat_i_salut_laboral\/riscos_i_condicions_treball\/mesures_per_risc\/calor-estiu\/campanya-davant-calor-prevencio\/\">&#8216;Ante el calor, hacemos prevenci\u00f3n&#8217;<\/a> del Instituto Catal\u00e1n de Seguridad y Salud Laboral (ICSSL).Cualquier duda pod\u00e9is enviar un correo a prl@pimec.org o trucar al 93496500.<\/div>\n<div><\/div>\n<div><strong>Yolanda G\u00f3mez<\/strong>, Responsable de Seguridad y Salud Laboral de Pimec.<\/div>\n","protected":false},"excerpt":{"rendered":"<p>Un a\u00f1o m\u00e1s, el verano llega acompa\u00f1ado de temperaturas muy elevadas, hecho que obliga a extremar las precauciones. Ante el incremento t\u00e9rmico y la previsi\u00f3n de olas de calor, es fundamental recordar la importancia de adoptar medidas preventivas para proteger nuestro activo m\u00e1s valioso: las personas que forman parte de nuestras empresas. Una sola decisi\u00f3n puede marcar la diferencia entre una jornada segura o un riesgo innecesario. El calor intenso no es solo una incomodidad; es un riesgo laboral que puede afectar gravemente tanto la salud como la productividad. 5 medidas clave para proteger a tu equipo del calor: 1.<\/p>\n","protected":false},"author":234,"featured_media":31049,"comment_status":"open","ping_status":"closed","sticky":false,"template":"","format":"standard","meta":[],"categories":[772],"tags":[2384,1692],"_links":{"self":[{"href":"https:\/\/www.pimealdia.org\/es\/wp-json\/wp\/v2\/posts\/31050"}],"collection":[{"href":"https:\/\/www.pimealdia.org\/es\/wp-json\/wp\/v2\/posts"}],"about":[{"href":"https:\/\/www.pimealdia.org\/es\/wp-json\/wp\/v2\/types\/post"}],"author":[{"embeddable":true,"href":"https:\/\/www.pimealdia.org\/es\/wp-json\/wp\/v2\/users\/234"}],"replies":[{"embeddable":true,"href":"https:\/\/www.pimealdia.org\/es\/wp-json\/wp\/v2\/comments?post=31050"}],"version-history":[{"count":10,"href":"https:\/\/www.pimealdia.org\/es\/wp-json\/wp\/v2\/posts\/31050\/revisions"}],"predecessor-version":[{"id":31063,"href":"https:\/\/www.pimealdia.org\/es\/wp-json\/wp\/v2\/posts\/31050\/revisions\/31063"}],"wp:featuredmedia":[{"embeddable":true,"href":"https:\/\/www.pimealdia.org\/es\/wp-json\/wp\/v2\/media\/31049"}],"wp:attachment":[{"href":"https:\/\/www.pimealdia.org\/es\/wp-json\/wp\/v2\/media?parent=31050"}],"wp:term":[{"taxonomy":"category","embeddable":true,"href":"https:\/\/www.pimealdia.org\/es\/wp-json\/wp\/v2\/categories?post=31050"},{"taxonomy":"post_tag","embeddable":true,"href":"https:\/\/www.pimealdia.org\/es\/wp-json\/wp\/v2\/tags?post=31050"}],"curies":[{"name":"wp","href":"https:\/\/api.w.org\/{rel}","templated":true}]}}