{"id":31130,"date":"2025-07-16T13:12:26","date_gmt":"2025-07-16T11:12:26","guid":{"rendered":"https:\/\/www.pimealdia.org\/?p=31130"},"modified":"2025-07-16T13:17:47","modified_gmt":"2025-07-16T11:17:47","slug":"nuevos-aranceles-a-partir-del-1-de-agosto-como-puede-afectar-las-pymes","status":"publish","type":"post","link":"https:\/\/www.pimealdia.org\/es\/nuevos-aranceles-a-partir-del-1-de-agosto-como-puede-afectar-las-pymes\/","title":{"rendered":"Nuevos aranceles a partir del 1 de agosto: \u00bfC\u00f3mo puede afectar las pymes?"},"content":{"rendered":"<p>A partir del 1 de agosto, los Estados Unidos podr\u00edan imponer un arancel del 30% sobre las importaciones procedentes de la Uni\u00f3n Europea. Esta medida, anunciada por el presidente Trump como parte de una estrategia de reindustrializaci\u00f3n americana, mantiene abierto el escenario de alta incertidumbre para muchas empresas catalanas, tan exportadoras como las integradas en cadenas de valor internacionales.<\/p>\n<p>A\u00a0Pimec, estamos haciendo seguimiento diario de la situaci\u00f3n y mantenemos contacto con la administraci\u00f3n catalana y estatal para contribuir a una respuesta coordinada y \u00e1gil. Como agente de internacionalizaci\u00f3n acreditado por la Generalitat, participamos tambi\u00e9n en el an\u00e1lisis de impactos y en el despliegue del Pla Respondemos, que se activa en situaciones de riesgo externo como esta.<\/p>\n<p><strong>\u00bfPor qu\u00e9 es relevante para las pymes?<\/strong><\/p>\n<p>A pesar de que el foco medi\u00e1tico se ha centrado en las empresas que exportan en los EE. UU., el impacto potencial es m\u00e1s amplio. Muchas pymes catalanas pueden verse afectadas de manera indirecta si sus clientes son exportadores, si forman parte de cadenas de suministro de productos que se fabrican parcialmente aqu\u00ed, pero se asemejan o comercializan en los EE. UU., o si dependen de materiales importados que podr\u00edan ver incrementado su coste en un contexto de represalias comerciales.<\/p>\n<p>La industria alimentaria, la cosm\u00e9tica, la qu\u00edmica, la maquinaria o los productos met\u00e1licos son algunos de los sectores que, en Catalu\u00f1a, podr\u00edan notar m\u00e1s las consecuencias, sea por limitaciones de exportaci\u00f3n, aumento de costes log\u00edsticos, revisi\u00f3n de contratos internacionales o dificultades para mantener la competitividad si hay desv\u00edos de flujos comerciales.<\/p>\n<p><strong>\u00bfQu\u00e9 han aprobado ya las administraciones?<\/strong><\/p>\n<p>La Generalitat ha activado el <strong>Plan Respondemos para hacer frente al impacto de los aranceles anunciados por los EE. UU.<\/strong> Este plan incluye un conjunto de medidas espec\u00edficas para ayudar las empresas a mitigar los riesgos comerciales y financieros derivados de este nuevo escenario.<\/p>\n<p>Entre las actuaciones concretas ya disponibles se incluyen (Generalitat y Estado):<\/p>\n<ul>\n<li><strong>L\u00ednies de finan\u00e7ament per a circulant i tresoreria<\/strong>, con condiciones preferentes a trav\u00e9s del Instituto Catal\u00e1n de Finanzas (ICF), orientadas a empresas afectadas por cambios en los mercados internacionales. Tambi\u00e9n disponibles avales ICO para empresas internacionalizadas con afectaci\u00f3n directa o indirecta.<\/li>\n<li><strong>Ampliaci\u00f3n de los seguros de riesgo CESCE<\/strong> con cobertura p\u00fablica del 90%, para proteger operaciones de venta afectadas por tensiones comerciales. Esta cobertura se activa tambi\u00e9n para empresas que, a pesar de no exportar directamente, dependen de clientes exportadores.<\/li>\n<li><strong>Ampliaci\u00f3n del FIEM,<\/strong> para financiar proyectos de internacionalizaci\u00f3n con riesgo ampliado.<\/li>\n<li><strong>Asesoramiento a medida a trav\u00e9s de ACCI\u00d3N y los agentes de internacionalizaci\u00f3n (Pimec)<\/strong>, incluyendo servicios de diagnosis, orientaci\u00f3n para la diversificaci\u00f3n de mercados y apoyo t\u00e9cnico en la tramitaci\u00f3n de ayudas internacionales.<br \/>\nDesde Pimec, colaboramos estrechamente con las administraciones para recoger afectaciones reales, haciendo llegar propuestas concretas y para mejorar el acceso efectivo a los recursos disponibles.<\/li>\n<\/ul>\n<p><strong>\u00bfMe tengo que preocupar si no exporto?<\/strong><\/p>\n<p>Es una de las preguntas m\u00e1s habituales que nos hacen muchas empresas. Y la respuesta es: <strong>quiz\u00e1s s\u00ed<\/strong>. Aunque no exportes directamente, podr\u00edas verte afectado si formas parte \u2014aunque sea parcialmente\u2014 de una cadena de valor que s\u00ed que lo hace. Es decir: si<strong> tus clientes exportan en los EE. UU. o suministran a otras empresas que lo hacen<\/strong>, tu actividad puede quedar expuesta a una ca\u00edda de la demanda, a retrasos log\u00edsticos o al ajuste de precios para compensar el impacto de los aranceles.<\/p>\n<p>En Catalu\u00f1a hay muchos casos de empresas que fabrican componentes, envases, soluciones t\u00e9cnicas, servicios log\u00edsticos o procesos industriales intermedios que no tienen cliente final en los Estados Unidos, pero s\u00ed <strong>clientes que dependen del comercio internacional<\/strong>. Estas empresas \u2014que a menudo no se consideran \u201cinternacionales\u201d\u2014 tambi\u00e9n podr\u00edan recibir el impacto de un entorno m\u00e1s hostil al comercio exterior.<\/p>\n<p>Por eso, es importante hacer un <strong>an\u00e1lisis detallado de tu cartera de clientes principales:<\/strong><\/p>\n<ul>\n<li>Qu\u00e9 peso tienen los clientes que operan a escala internacional?<\/li>\n<li>Tienen l\u00edneas de producto con destino en los EE. UU. o trabajan con firmas que exportan?<\/li>\n<li>Te pueden trasladar parte del impacto (reduciendo pedidos, renegociando precios, aplazando proyectos) ?<\/li>\n<\/ul>\n<p>Este ejercicio no solo sirve para prevenir, sino tambi\u00e9n para <strong>tomar decisiones informadas<\/strong>. A\u00a0Pimec\u00a0te ayudamos a hacer esta revisi\u00f3n y a construir escenarios de respuesta personalizados, aunque tu empresa no tenga actividad directa fuera del pa\u00eds.<\/p>\n<p><em>Departamento Internacional de\u00a0Pimec.<\/em><\/p>\n","protected":false},"excerpt":{"rendered":"<p>A partir del 1 de agosto, los Estados Unidos podr\u00edan imponer un arancel del 30% sobre las importaciones procedentes de la Uni\u00f3n Europea. Esta medida, anunciada por el presidente Trump como parte de una estrategia de reindustrializaci\u00f3n americana, mantiene abierto el escenario de alta incertidumbre para muchas empresas catalanas, tan exportadoras como las integradas en cadenas de valor internacionales. A\u00a0Pimec, estamos haciendo seguimiento diario de la situaci\u00f3n y mantenemos contacto con la administraci\u00f3n catalana y estatal para contribuir a una respuesta coordinada y \u00e1gil. Como agente de internacionalizaci\u00f3n acreditado por la Generalitat, participamos tambi\u00e9n en el an\u00e1lisis de impactos y<\/p>\n","protected":false},"author":131,"featured_media":31129,"comment_status":"open","ping_status":"closed","sticky":false,"template":"","format":"standard","meta":[],"categories":[342],"tags":[2288],"_links":{"self":[{"href":"https:\/\/www.pimealdia.org\/es\/wp-json\/wp\/v2\/posts\/31130"}],"collection":[{"href":"https:\/\/www.pimealdia.org\/es\/wp-json\/wp\/v2\/posts"}],"about":[{"href":"https:\/\/www.pimealdia.org\/es\/wp-json\/wp\/v2\/types\/post"}],"author":[{"embeddable":true,"href":"https:\/\/www.pimealdia.org\/es\/wp-json\/wp\/v2\/users\/131"}],"replies":[{"embeddable":true,"href":"https:\/\/www.pimealdia.org\/es\/wp-json\/wp\/v2\/comments?post=31130"}],"version-history":[{"count":4,"href":"https:\/\/www.pimealdia.org\/es\/wp-json\/wp\/v2\/posts\/31130\/revisions"}],"predecessor-version":[{"id":31136,"href":"https:\/\/www.pimealdia.org\/es\/wp-json\/wp\/v2\/posts\/31130\/revisions\/31136"}],"wp:featuredmedia":[{"embeddable":true,"href":"https:\/\/www.pimealdia.org\/es\/wp-json\/wp\/v2\/media\/31129"}],"wp:attachment":[{"href":"https:\/\/www.pimealdia.org\/es\/wp-json\/wp\/v2\/media?parent=31130"}],"wp:term":[{"taxonomy":"category","embeddable":true,"href":"https:\/\/www.pimealdia.org\/es\/wp-json\/wp\/v2\/categories?post=31130"},{"taxonomy":"post_tag","embeddable":true,"href":"https:\/\/www.pimealdia.org\/es\/wp-json\/wp\/v2\/tags?post=31130"}],"curies":[{"name":"wp","href":"https:\/\/api.w.org\/{rel}","templated":true}]}}