{"id":31162,"date":"2025-07-21T13:10:18","date_gmt":"2025-07-21T11:10:18","guid":{"rendered":"https:\/\/www.pimealdia.org\/?p=31162"},"modified":"2025-07-21T13:10:18","modified_gmt":"2025-07-21T11:10:18","slug":"como-impacta-el-cambio-climatico-en-los-diferentes-sectores-de-actividad-economica","status":"publish","type":"post","link":"https:\/\/www.pimealdia.org\/es\/como-impacta-el-cambio-climatico-en-los-diferentes-sectores-de-actividad-economica\/","title":{"rendered":"\u00bfC\u00f3mo impacta el cambio clim\u00e1tico en los diferentes sectores de actividad econ\u00f3mica?"},"content":{"rendered":"<p><em>En un contexto de emergencia clim\u00e1tica, las pymes afrontan su impacto cada vez m\u00e1s creciente y responden con estrategias de sostenibilidad y resiliencia para proteger la actividad, mantener la competitividad y garantizar la continuidad del negocio<\/em><\/p>\n<p>El cambio clim\u00e1tico es una realidad que desde hace a\u00f1os impacta a todos los niveles. Largos periodos de sequ\u00eda, temperaturas cada vez m\u00e1s altas, episodios puntuales de lluvias intensas o fuertes granizadas son algunos de los efectos de la huella humana sobre el planeta y que tambi\u00e9n tienen consecuencias en la econom\u00eda. Ante este escenario, <strong>las pymes<\/strong>, que <strong>representan el 99,8% del tejido empresarial catal\u00e1n<\/strong>, son especialmente vulnerables. Desde el aumento de los costes energ\u00e9ticos, hasta la adaptaci\u00f3n a nuevas normativas ambientales, se ven obligadas a adaptar procesos, revisar la log\u00edstica o invertir en medidas de resiliencia clim\u00e1tica para garantizar la continuidad de la actividad y minimizar riesgos.<\/p>\n<p>En la agricultura, a causa de los episodios de sequ\u00eda y de calor extremo, la vendimia se ha avanzado un mes y hay empresas que han trasladado las variedades vin\u00edcolas a zonas del Pirineo, donde ahora ya se dan las condiciones clim\u00e1ticas para conseguir un buen producto. Lo explica el presidente de\u00a0Pimec\u00a0Agroalimentaria, <strong>David Col<\/strong>l, quien tambi\u00e9n asegura que se buscan variedades de productos que sean m\u00e1s resistentes en estas condiciones. \u201cTenemos que disponer de zonas donde poder almacenar agua porque los episodios de sequ\u00eda son m\u00e1s largos y de sistemas de regad\u00edo m\u00e1s eficientes porque con mucha menos agua se puedan cubrir las necesidades\u201d, se\u00f1ala David Coll, antes de recordar que la actividad tambi\u00e9n se ha tenido que adaptar a los criterios de sostenibilidad, cada vez m\u00e1s presentes. \u201cBuscamos <strong>productos<\/strong> m\u00e1s <strong>respetuosos con el medio ambiente<\/strong> y, por eso, necesitamos invertir en la mejora de los procesos de reciclado de agua o de los sistemas de tratamientos de deyecciones ganaderas o residuos org\u00e1nicos\u201d, detalla.<\/p>\n<p>En cuanto a la ganader\u00eda, la adaptaci\u00f3n pasa por la mejora de la infraestructura de las granjas, con el objetivo de <strong>garantizar que los animales se cr\u00eden en unas condiciones de temperatura el m\u00e1ximo de establos<\/strong> <strong>posible<\/strong>. \u201cTambi\u00e9n se est\u00e1 haciendo una inversi\u00f3n en formaci\u00f3n para tener conocimiento de las novedades en materia de sostenibilidad y nuevas gen\u00e9ticas\u201d, se\u00f1ala David Coll, quien recuerda que \u201ctenemos que confiar en el sector agroalimentario catal\u00e1n y consumir productos de proximidad, puesto que esta es una forma responsable de colaborar en la sostenibilidad global del planeta\u201d.<\/p>\n<p>Otro sector que se ve afectado es el turismo. El aumento sostenido de las temperaturas, la intensificaci\u00f3n de los periodos de sequ\u00eda y la aparici\u00f3n de fen\u00f3menos extremos ya condicionan la actividad tur\u00edstica catalana. La reducci\u00f3n del confort clim\u00e1tico puede menguar el atractivo de los destinos, y la erosi\u00f3n de las playas, provocada por el aumento del nivel del mar y por los temporales marinos, supone una <strong>p\u00e9rdida directa de espacio tur\u00edstico.<\/strong><br \/>\nEn cuanto al turismo de nieve, el cambio clim\u00e1tico se traduce en temporadas m\u00e1s cortas e inestables, con una disponibilidad de nieve natural cada vez m\u00e1s incierta. Esto obliga a una <strong>dependencia creciente de la nieve artificial<\/strong>, con el consiguiente impacto ambiental y econ\u00f3mico. El turismo activo y de natura tambi\u00e9n se ve afectado por un entorno natural m\u00e1s imprevisible, puesto que el aumento del riesgo de incendios forestales, la reducci\u00f3n de los caudales fluviales y las temperaturas extremas pueden limitar el acceso a espacios naturales y reducir la calidad de la experiencia de los visitantes.<\/p>\n<p>El presidente de\u00a0Pimec\u00a0Turismo, <strong>Carlos\u00a0Rabaneda<\/strong>, explica que el <strong>cambio clim\u00e1tico tiene consecuencias<\/strong> como, por ejemplo, \u201cla desviaci\u00f3n de la demanda tur\u00edstica hacia otras regiones menos afectadas, el incremento de los costes operativos y cambios en los calendarios tradicionales de actividad tur\u00edstica\u201d. Por eso propone, entre otros, <strong>implantar tecnolog\u00edas sostenibles a los establecimientos tur\u00edsticos<\/strong>, crear planes municipales contra emergencias clim\u00e1ticas e invertir en prevenci\u00f3n.<\/p>\n<p>La restauraci\u00f3n, como parte fundamental de la experiencia tur\u00edstica, tambi\u00e9n se ve afectada por el aumento de temperaturas, la presi\u00f3n sobre los recursos h\u00eddricos y las alteraciones en la disponibilidad de productos locales y de temporada. El estr\u00e9s h\u00eddrico puede comportar restricciones en el uso de agua a cocinas y establecimientos, mientras que el impacto sobre la agricultura y la ganader\u00eda dificulta el abastecimiento regular de productos frescos y de proximidad, con el incremento consiguiente de los costes. Adem\u00e1s, las condiciones clim\u00e1ticas adversas pueden reducir la frecuentaci\u00f3n de terrazas y espacios exteriores, afectando la facturaci\u00f3n, especialmente en destinos donde el consumo al aire libre es clave. Ante esta realidad, <strong>la restauraci\u00f3n tiene que adaptarse con medidas de eficiencia h\u00eddrica y energ\u00e9tica, reformulaci\u00f3n de cartas<\/strong> seg\u00fan disponibilidad local y temporal e <strong>integraci\u00f3n en estrategias tur\u00edsticas<\/strong> resilientes y sostenibles.<\/p>\n<p>En cuanto al deporte, ya hace un tiempo que las instalaciones deportivas han incrementado la inversi\u00f3n en la climatizaci\u00f3n de sus espacios a causa de las altas temperaturas. El sector tambi\u00e9n ha incorporado nuevos elementos con el objetivo de <strong>ahorrar agua<\/strong> como, por ejemplo, reductores de caudal o circuitos de recirculaci\u00f3n y reaprovechamiento. \u201cEn t\u00e9rminos generales, las instalaciones deportivas catalanas que tienen piscinas han <strong>reducido un 40% el consumo de agua<\/strong>\u201d, explica el presidente de Pimec Deportes, Augusto Tarrag\u00f3. A la vez, el calor extremo y los fen\u00f3menos adversos han impactado directamente en la planificaci\u00f3n de acontecimientos y actividades de ocio, con cancelaciones, reprogramaciones y un aumento de los costes de gesti\u00f3n.<\/p>\n<p>Un sector que tambi\u00e9n sufre las consecuencias de la emergencia clim\u00e1tica es el de las empresas de limpieza. En relaci\u00f3n con la limpieza de equipamientos p\u00fablicos, la vicepresidenta de la Asociaci\u00f3n Catalana de Empresas de Limpieza y miembra del Comit\u00e9 Ejecutivo de Pimec, <strong>Natividad Pintado<\/strong>, explica que el incremento de temperaturas y los periodos prolongados de sequ\u00eda generan m\u00e1s pulso en suspensi\u00f3n y acumulaci\u00f3n de residuos, hecho que \u201cobliga a<strong> intensificar las tareas de limpieza<\/strong> para garantizar la salubridad y el bienestar de los usuarios\u201d. Pintado tambi\u00e9n se\u00f1ala que, con la sequ\u00eda y las restricciones h\u00eddricas, muchas empresas han tenido que <strong>implementar sistemas de limpieza m\u00e1s eficientes<\/strong> pero m\u00e1s costosos tecnol\u00f3gicamente, \u201ccon menos margen de maniobra para las peque\u00f1as y medianas empresas\u201d. En cuanto a las altas temperaturas, la limpieza de equipamientos p\u00fablicos tambi\u00e9n se tiene que adaptar a los horarios, al incremento de los equipos de protecci\u00f3n, a la necesidad de realizar m\u00e1s pausas y mejorar la organizaci\u00f3n y la productividad de las personas trabajadoras.<\/p>\n<p>En cuanto a la industria, el presidente de Pimec Industria, <strong>Josep Soto<\/strong>, explica que \u201cen relaci\u00f3n con la sequ\u00eda, el sector se ha visto obligado a reducir consumos y reinventar procesos para hacer frente a las restricciones\u201d, apuntando tambi\u00e9n que entre el <strong>2023 y 2024<\/strong> el consumo de agua por parte de las empresas <strong>cay\u00f3 un 8%,<\/strong> en muchos casos sin que la producci\u00f3n global se viera afectada. Sectores como el alimentario, el qu\u00edmico o el papelero se han tensionado especialmente por la sequ\u00eda, puesto que el agua forma parte indisociable del proceso productivo. \u201cLa imposibilidad de garantizar el suministro ha condicionado, incluso, proyectos de inversi\u00f3n y expansi\u00f3n industrial, con el riesgo que las empresas innovadoras acaben trasladando su actividad a regiones con m\u00e1s garant\u00edas h\u00eddricas\u201d, explica.<\/p>\n<p>\u201cEl tejido industrial catal\u00e1n ha demostrado resiliencia hacia los efectos del cambio clim\u00e1tico. La reducci\u00f3n de consumos de agua, la digitalizaci\u00f3n de procesos y la innovaci\u00f3n en sostenibilidad son una realidad y las pymes industriales est\u00e1n haciendo todo lo posible para reinventarse&#8221;, dice Soto. En este sentido, alerta que es <strong>imprescindible<\/strong> el apoyo de la administraci\u00f3n con pol\u00edticas que pongan el foco en la realidad de las pymes, puesto que muchas tienen dificultades para abordar las inversiones, carencia de recursos financieros y t\u00e9cnicos e incertidumbre sobre las ayudas p\u00fablicas.<\/p>\n<p><em>Natalia Guerrero, Departamento de Comunicaci\u00f3n de Pimec.<\/em><\/p>\n","protected":false},"excerpt":{"rendered":"<p>En un contexto de emergencia clim\u00e1tica, las pymes afrontan su impacto cada vez m\u00e1s creciente y responden con estrategias de sostenibilidad y resiliencia para proteger la actividad, mantener la competitividad y garantizar la continuidad del negocio El cambio clim\u00e1tico es una realidad que desde hace a\u00f1os impacta a todos los niveles. Largos periodos de sequ\u00eda, temperaturas cada vez m\u00e1s altas, episodios puntuales de lluvias intensas o fuertes granizadas son algunos de los efectos de la huella humana sobre el planeta y que tambi\u00e9n tienen consecuencias en la econom\u00eda. Ante este escenario, las pymes, que representan el 99,8% del tejido empresarial<\/p>\n","protected":false},"author":199,"featured_media":31158,"comment_status":"open","ping_status":"closed","sticky":false,"template":"","format":"standard","meta":[],"categories":[342],"tags":[1908],"_links":{"self":[{"href":"https:\/\/www.pimealdia.org\/es\/wp-json\/wp\/v2\/posts\/31162"}],"collection":[{"href":"https:\/\/www.pimealdia.org\/es\/wp-json\/wp\/v2\/posts"}],"about":[{"href":"https:\/\/www.pimealdia.org\/es\/wp-json\/wp\/v2\/types\/post"}],"author":[{"embeddable":true,"href":"https:\/\/www.pimealdia.org\/es\/wp-json\/wp\/v2\/users\/199"}],"replies":[{"embeddable":true,"href":"https:\/\/www.pimealdia.org\/es\/wp-json\/wp\/v2\/comments?post=31162"}],"version-history":[{"count":5,"href":"https:\/\/www.pimealdia.org\/es\/wp-json\/wp\/v2\/posts\/31162\/revisions"}],"predecessor-version":[{"id":31167,"href":"https:\/\/www.pimealdia.org\/es\/wp-json\/wp\/v2\/posts\/31162\/revisions\/31167"}],"wp:featuredmedia":[{"embeddable":true,"href":"https:\/\/www.pimealdia.org\/es\/wp-json\/wp\/v2\/media\/31158"}],"wp:attachment":[{"href":"https:\/\/www.pimealdia.org\/es\/wp-json\/wp\/v2\/media?parent=31162"}],"wp:term":[{"taxonomy":"category","embeddable":true,"href":"https:\/\/www.pimealdia.org\/es\/wp-json\/wp\/v2\/categories?post=31162"},{"taxonomy":"post_tag","embeddable":true,"href":"https:\/\/www.pimealdia.org\/es\/wp-json\/wp\/v2\/tags?post=31162"}],"curies":[{"name":"wp","href":"https:\/\/api.w.org\/{rel}","templated":true}]}}