{"id":31184,"date":"2025-07-23T12:49:34","date_gmt":"2025-07-23T10:49:34","guid":{"rendered":"https:\/\/www.pimealdia.org\/?p=31184"},"modified":"2025-07-23T13:04:34","modified_gmt":"2025-07-23T11:04:34","slug":"mantener-viva-la-proximidad-un-deber-colectivo","status":"publish","type":"post","link":"https:\/\/www.pimealdia.org\/es\/mantener-viva-la-proximidad-un-deber-colectivo\/","title":{"rendered":"Mantener viva la proximidad: un deber colectivo"},"content":{"rendered":"<p><em>La actualizaci\u00f3n de la Ley de Comercio tiene que tener como prioridad fortalecer, dignificar y profesionalizar el comercio de proximidad<\/em><\/p>\n<p>Como panadera, he estado testigo de la profunda transformaci\u00f3n que ha experimentado el comercio de proximidad en los \u00faltimos a\u00f1os. Los h\u00e1bitos de consumo evolucionan de manera acelerada, la digitalizaci\u00f3n se impone y proliferan nuevos modelos de negocio; todo esto impacta directamente en nuestra actividad econ\u00f3mica y en la salud del comercio local.<\/p>\n<p>Los establecimientos de comercio no son solo un punto de compra, son generadores de actividad econ\u00f3mica, de ocupaci\u00f3n y motor de bienestar social. Pero, porque lo contin\u00faen siendo, hacen falta medidas concretas y valientes que garanticen la viabilidad y competitividad. Y es por eso que desde Pimec Comer\u00e7 <strong>reclamamos una actualizaci\u00f3n de la Ley de Comercio<\/strong> con una prioridad clara: fortalecer, dignificar y profesionalizar nuestro comercio de proximidad.<\/p>\n<p>Es urgente apostar por un modelo que ponga las personas en el centro. <strong>Dignificar<\/strong> el comercio quiere decir dotarlo de los instrumentos adecuados para adaptarse a los nuevos tiempos, sin perder la esencia que lo hace \u00fanico. <strong>Profesionalizarlo<\/strong> implica proporcionar formaci\u00f3n continua para poder ofrecer producto y servicio de excelencia y, el m\u00e1s importante, una experiencia de consumo, adem\u00e1s de contar con apoyo para digitalizarse, herramientas para gestionar mejor los negocios y capacidad para captar y retener talento. Y, finalmente, <strong>fortalecerlo<\/strong> quiere decir proteger su entorno: planificar urban\u00edsticamente con mirada comercial, garantizar un uso racional del espacio p\u00fablico, promover la compra responsable y establecer medidas que ayuden a garantizar la continuidad de los negocios.<\/p>\n<p>Un tema que tiene que estar a la agenda pol\u00edtica es la <strong>reducci\u00f3n de la burocracia<\/strong>. El comercio de proximidad es mucho m\u00e1s que una actividad econ\u00f3mica, puesto que no solo provee los consumidores de bienes y servicios, sino que es una pieza esencial para la convivencia, la cohesi\u00f3n social, la sostenibilidad medioambiental y la seguridad. No podemos dejarlo desprotegido ante una regulaci\u00f3n pensada para escenarios que no reflejan su realidad. Es imprescindible simplificar y adaptar la normativa a la dimensi\u00f3n real de las pymes del sector, porque las reglas del juego no pueden ser iguales para todo el mundo.<\/p>\n<p>Para garantizar la continuidad del comercio local tambi\u00e9n hacen falta pol\u00edticas activas de apoyo. Las modificaciones de la Ley de Comercio tienen que fomentar la digitalizaci\u00f3n y transformaci\u00f3n del sector, y dotar las administraciones locales de los recursos necesarios para hacer pol\u00edticas de promoci\u00f3n y ordenaci\u00f3n comercial. Adem\u00e1s, la ley tiene que velar para evitar que se <strong>generen posiciones de dominio<\/strong> que puedan poner en riesgo la competencia y el progreso compartido, porque hay de haber un equilibrio con todos los modelos comerciales, pero en igualdad de condiciones. No podemos sufrir de este modo las consecuencias de una concentraci\u00f3n que empobrece nuestro tejido econ\u00f3mico y social.<\/p>\n<p>Fortalecer el comercio de proximidad es una responsabilidad colectiva, en la cual participan las empresas, los profesionales aut\u00f3nomos, la ciudadan\u00eda y las administraciones. Con una legislaci\u00f3n adaptada a la realidad del sector y una nueva \u00e9tica del consumo, podremos <strong>construir un futuro mejor<\/strong> en que el modelo comercial catal\u00e1n, arraigado en el territorio, recupere la centralidad y el papel que le corresponde.<\/p>\n<p><em>M\u00f3nica Gregori, Presidenta de Pimec Comer\u00e7.<\/em><\/p>\n","protected":false},"excerpt":{"rendered":"<p>La actualizaci\u00f3n de la Ley de Comercio tiene que tener como prioridad fortalecer, dignificar y profesionalizar el comercio de proximidad Como panadera, he estado testigo de la profunda transformaci\u00f3n que ha experimentado el comercio de proximidad en los \u00faltimos a\u00f1os. Los h\u00e1bitos de consumo evolucionan de manera acelerada, la digitalizaci\u00f3n se impone y proliferan nuevos modelos de negocio; todo esto impacta directamente en nuestra actividad econ\u00f3mica y en la salud del comercio local. Los establecimientos de comercio no son solo un punto de compra, son generadores de actividad econ\u00f3mica, de ocupaci\u00f3n y motor de bienestar social. Pero, porque lo contin\u00faen<\/p>\n","protected":false},"author":239,"featured_media":31181,"comment_status":"open","ping_status":"closed","sticky":false,"template":"","format":"standard","meta":[],"categories":[770],"tags":[993],"_links":{"self":[{"href":"https:\/\/www.pimealdia.org\/es\/wp-json\/wp\/v2\/posts\/31184"}],"collection":[{"href":"https:\/\/www.pimealdia.org\/es\/wp-json\/wp\/v2\/posts"}],"about":[{"href":"https:\/\/www.pimealdia.org\/es\/wp-json\/wp\/v2\/types\/post"}],"author":[{"embeddable":true,"href":"https:\/\/www.pimealdia.org\/es\/wp-json\/wp\/v2\/users\/239"}],"replies":[{"embeddable":true,"href":"https:\/\/www.pimealdia.org\/es\/wp-json\/wp\/v2\/comments?post=31184"}],"version-history":[{"count":3,"href":"https:\/\/www.pimealdia.org\/es\/wp-json\/wp\/v2\/posts\/31184\/revisions"}],"predecessor-version":[{"id":31200,"href":"https:\/\/www.pimealdia.org\/es\/wp-json\/wp\/v2\/posts\/31184\/revisions\/31200"}],"wp:featuredmedia":[{"embeddable":true,"href":"https:\/\/www.pimealdia.org\/es\/wp-json\/wp\/v2\/media\/31181"}],"wp:attachment":[{"href":"https:\/\/www.pimealdia.org\/es\/wp-json\/wp\/v2\/media?parent=31184"}],"wp:term":[{"taxonomy":"category","embeddable":true,"href":"https:\/\/www.pimealdia.org\/es\/wp-json\/wp\/v2\/categories?post=31184"},{"taxonomy":"post_tag","embeddable":true,"href":"https:\/\/www.pimealdia.org\/es\/wp-json\/wp\/v2\/tags?post=31184"}],"curies":[{"name":"wp","href":"https:\/\/api.w.org\/{rel}","templated":true}]}}