{"id":31233,"date":"2025-07-30T14:25:10","date_gmt":"2025-07-30T12:25:10","guid":{"rendered":"https:\/\/www.pimealdia.org\/?p=31233"},"modified":"2025-07-30T14:25:10","modified_gmt":"2025-07-30T12:25:10","slug":"nuevo-acuerdo-comercial-ee-uu-ue-puntos-principales-del-acuerdo","status":"publish","type":"post","link":"https:\/\/www.pimealdia.org\/es\/nuevo-acuerdo-comercial-ee-uu-ue-puntos-principales-del-acuerdo\/","title":{"rendered":"Nuevo acuerdo comercial EE.\u00a0UU.-UE: puntos principales del acuerdo"},"content":{"rendered":"<p data-start=\"47\" data-end=\"397\">El pasado 27 de julio, en Estados Unidos y la Uni\u00f3n Europea se lleg\u00f3 a un acuerdo comercial marco para evitar una escalada arancelaria que habr\u00eda perjudicado gravemente las exportaciones europeas. Este pacto establece un nuevo marco general que afecta a varios sectores y que puede tener un impacto relevante sobre muchas pymes catalanas y espa\u00f1olas.<\/p>\n<p data-start=\"399\" data-end=\"642\"><strong data-start=\"399\" data-end=\"425\">\u00bfQu\u00e9 prev\u00e9 el acuerdo?<\/strong><br data-start=\"425\" data-end=\"428\" \/>El acuerdo establece un arancel general del 15%. Esta tasa sustituir\u00e1 aranceles superiores previos (como el 27,5% de los autom\u00f3viles), y se establece como tasa m\u00e1xima, no acumulativa con otros aranceles existentes.<\/p>\n<p data-start=\"644\" data-end=\"705\">Aun as\u00ed, hay excepciones en algunos materiales y servicios:<\/p>\n<ul data-start=\"706\" data-end=\"1119\">\n<li data-start=\"706\" data-end=\"884\">\n<p data-start=\"708\" data-end=\"884\">Aceros y aluminio: Mantendr\u00e1n un arancel del 50%. Se estudia un sistema de cuotas que podr\u00eda rebajar la carga para determinados vol\u00famenes, pero el 50% se mantiene de momento.<\/p>\n<\/li>\n<li data-start=\"885\" data-end=\"1029\">\n<p data-start=\"887\" data-end=\"1029\">Productos farmac\u00e9uticos y semiconductores: A\u00fan no se ha decidido su tratamiento definitivo; las negociaciones seguir\u00e1n las pr\u00f3ximas semanas.<\/p>\n<\/li>\n<li data-start=\"1030\" data-end=\"1119\">\n<p data-start=\"1032\" data-end=\"1119\">Servicios: El acuerdo no incluye disposiciones espec\u00edficas sobre comercio de servicios.<\/p>\n<\/li>\n<\/ul>\n<p data-start=\"1121\" data-end=\"1280\"><strong data-start=\"1121\" data-end=\"1165\">Eliminaci\u00f3n de aranceles (Zero-for-Zero)<\/strong><br data-start=\"1165\" data-end=\"1168\" \/>Este pacto tambi\u00e9n contempla la eliminaci\u00f3n total de aranceles para una serie de productos estrat\u00e9gicos, como:<\/p>\n<ul data-start=\"1281\" data-end=\"1502\">\n<li data-start=\"1281\" data-end=\"1313\">\n<p data-start=\"1283\" data-end=\"1313\">Aeronaves y sus componentes.<\/p>\n<\/li>\n<li data-start=\"1314\" data-end=\"1365\">\n<p data-start=\"1316\" data-end=\"1365\">Equipos para la fabricaci\u00f3n de semiconductores.<\/p>\n<\/li>\n<li data-start=\"1366\" data-end=\"1422\">\n<p data-start=\"1368\" data-end=\"1422\">Ciertos productos qu\u00edmicos y medicamentos gen\u00e9ricos.<\/p>\n<\/li>\n<li data-start=\"1423\" data-end=\"1502\">\n<p data-start=\"1425\" data-end=\"1502\">Algunos productos agr\u00edcolas, recursos naturales y materias primas esenciales.<\/p>\n<\/li>\n<\/ul>\n<p data-start=\"1504\" data-end=\"1729\">Cabe destacar que el aceite de oliva y el vino quedan fuera de esta eliminaci\u00f3n y pagar\u00e1n el 15%. El Ministerio de Agricultura espa\u00f1ol ha anunciado un fondo de 400 millones de euros para compensar a los productores afectados.<\/p>\n<p data-start=\"1731\" data-end=\"1760\"><strong data-start=\"1731\" data-end=\"1758\">Compromisos adicionales<\/strong><\/p>\n<ul data-start=\"1761\" data-end=\"2191\">\n<li data-start=\"1761\" data-end=\"1990\">\n<p data-start=\"1763\" data-end=\"1990\">Energ\u00eda: La UE se compromete a comprar gas natural licuado (GNL) norteamericano por valor de 250.000 millones de d\u00f3lares anuales durante tres a\u00f1os, y tambi\u00e9n combustible nuclear, reforzando la dependencia energ\u00e9tica de EE.UU.<\/p>\n<\/li>\n<li data-start=\"1991\" data-end=\"2099\">\n<p data-start=\"1993\" data-end=\"2099\">Inversi\u00f3n industrial: Las empresas europeas invertir\u00e1n 600.000 millones de d\u00f3lares en EE.UU. hasta 2029.<\/p>\n<\/li>\n<li data-start=\"2100\" data-end=\"2191\">\n<p data-start=\"2102\" data-end=\"2191\">Equipamiento militar: La UE aumentar\u00e1 las compras de equipamiento militar norteamericano.<\/p>\n<\/li>\n<\/ul>\n<p data-start=\"2193\" data-end=\"2275\"><strong data-start=\"2193\" data-end=\"2223\">Calendario de ratificaci\u00f3n<\/strong><br data-start=\"2223\" data-end=\"2226\" \/>La versi\u00f3n definitiva ser\u00e1 sometida a votaci\u00f3n:<\/p>\n<ul data-start=\"2276\" data-end=\"2507\">\n<li data-start=\"2276\" data-end=\"2383\">\n<p data-start=\"2278\" data-end=\"2383\">El Consejo de la UE ha convocado un Ecofin extraordinario el 6 de agosto de 2025 para aprobar el pacto.<\/p>\n<\/li>\n<li data-start=\"2384\" data-end=\"2507\">\n<p data-start=\"2386\" data-end=\"2507\">El presidente de la C\u00e1mara de Representantes de EE.UU. tiene previsto una votaci\u00f3n r\u00e1pida antes del 20 de agosto de 2025.<\/p>\n<\/li>\n<\/ul>\n<p data-start=\"2509\" data-end=\"2674\">Adem\u00e1s, est\u00e1 prevista una revisi\u00f3n autom\u00e1tica a los 18 meses, con la posibilidad de reducir el arancel al 10% si se reduce el d\u00e9ficit comercial entre EE.UU. y la UE.<\/p>\n<p data-start=\"2676\" data-end=\"2717\"><strong data-start=\"2676\" data-end=\"2715\">\u00bfQu\u00e9 detalles quedan por concretar?<\/strong><\/p>\n<ul data-start=\"2718\" data-end=\"3118\">\n<li data-start=\"2718\" data-end=\"2846\">\n<p data-start=\"2720\" data-end=\"2846\">Publicaci\u00f3n de los anexos arancelarios y c\u00f3digos HS, que determinar\u00e1n qu\u00e9 productos y sectores gozan de exenciones o cuotas.<\/p>\n<\/li>\n<li data-start=\"2847\" data-end=\"2924\">\n<p data-start=\"2849\" data-end=\"2924\">Definici\u00f3n de cuotas y penalizaciones para metales como acero y aluminio.<\/p>\n<\/li>\n<li data-start=\"2925\" data-end=\"3016\">\n<p data-start=\"2927\" data-end=\"3016\">Negociaciones pendientes para el sector farmac\u00e9utico y la industria de semiconductores.<\/p>\n<\/li>\n<li data-start=\"3017\" data-end=\"3118\">\n<p data-start=\"3019\" data-end=\"3118\">Los detalles sobre la reciprocidad del arancel cero aplicado a los bienes norteamericanos en la UE.<\/p>\n<\/li>\n<\/ul>\n<p data-start=\"3120\" data-end=\"3537\"><strong data-start=\"3120\" data-end=\"3146\">Impacto para las pymes<\/strong><br data-start=\"3146\" data-end=\"3149\" \/>Este acuerdo afectar\u00e1 especialmente a las pymes que exportan a EE.UU. o participan en cadenas de suministro vinculadas. Es esencial estar al tanto de la publicaci\u00f3n definitiva de los anexos y de posibles medidas de acompa\u00f1amiento. Recomendamos a las empresas seguir la evoluci\u00f3n del acuerdo y contactar con los servicios de asesoramiento internacional de Pimec para consultas espec\u00edficas.<\/p>\n<p data-start=\"3120\" data-end=\"3537\"><em>Carles Mas,\u00a0Director del \u00c1rea de Econom\u00eda y Empresa de Pimec.<\/em><\/p>\n","protected":false},"excerpt":{"rendered":"<p>El pasado 27 de julio, en Estados Unidos y la Uni\u00f3n Europea se lleg\u00f3 a un acuerdo comercial marco para evitar una escalada arancelaria que habr\u00eda perjudicado gravemente las exportaciones europeas. Este pacto establece un nuevo marco general que afecta a varios sectores y que puede tener un impacto relevante sobre muchas pymes catalanas y espa\u00f1olas. \u00bfQu\u00e9 prev\u00e9 el acuerdo?El acuerdo establece un arancel general del 15%. Esta tasa sustituir\u00e1 aranceles superiores previos (como el 27,5% de los autom\u00f3viles), y se establece como tasa m\u00e1xima, no acumulativa con otros aranceles existentes. Aun as\u00ed, hay excepciones en algunos materiales y servicios:<\/p>\n","protected":false},"author":202,"featured_media":31231,"comment_status":"open","ping_status":"closed","sticky":false,"template":"","format":"standard","meta":[],"categories":[342],"tags":[2491],"_links":{"self":[{"href":"https:\/\/www.pimealdia.org\/es\/wp-json\/wp\/v2\/posts\/31233"}],"collection":[{"href":"https:\/\/www.pimealdia.org\/es\/wp-json\/wp\/v2\/posts"}],"about":[{"href":"https:\/\/www.pimealdia.org\/es\/wp-json\/wp\/v2\/types\/post"}],"author":[{"embeddable":true,"href":"https:\/\/www.pimealdia.org\/es\/wp-json\/wp\/v2\/users\/202"}],"replies":[{"embeddable":true,"href":"https:\/\/www.pimealdia.org\/es\/wp-json\/wp\/v2\/comments?post=31233"}],"version-history":[{"count":3,"href":"https:\/\/www.pimealdia.org\/es\/wp-json\/wp\/v2\/posts\/31233\/revisions"}],"predecessor-version":[{"id":31235,"href":"https:\/\/www.pimealdia.org\/es\/wp-json\/wp\/v2\/posts\/31233\/revisions\/31235"}],"wp:featuredmedia":[{"embeddable":true,"href":"https:\/\/www.pimealdia.org\/es\/wp-json\/wp\/v2\/media\/31231"}],"wp:attachment":[{"href":"https:\/\/www.pimealdia.org\/es\/wp-json\/wp\/v2\/media?parent=31233"}],"wp:term":[{"taxonomy":"category","embeddable":true,"href":"https:\/\/www.pimealdia.org\/es\/wp-json\/wp\/v2\/categories?post=31233"},{"taxonomy":"post_tag","embeddable":true,"href":"https:\/\/www.pimealdia.org\/es\/wp-json\/wp\/v2\/tags?post=31233"}],"curies":[{"name":"wp","href":"https:\/\/api.w.org\/{rel}","templated":true}]}}