{"id":31243,"date":"2025-08-07T10:10:41","date_gmt":"2025-08-07T08:10:41","guid":{"rendered":"https:\/\/www.pimealdia.org\/?p=31243"},"modified":"2025-08-07T10:10:54","modified_gmt":"2025-08-07T08:10:54","slug":"apagon-electrico-que-necesita-el-tejido-empresarial-para-estar-preparado","status":"publish","type":"post","link":"https:\/\/www.pimealdia.org\/es\/apagon-electrico-que-necesita-el-tejido-empresarial-para-estar-preparado\/","title":{"rendered":"Apag\u00f3n el\u00e9ctrico: \u00bfqu\u00e9 necesita el tejido empresarial para estar preparado?"},"content":{"rendered":"<p style=\"text-align: justify;\" data-start=\"221\" data-end=\"615\">El apag\u00f3n el\u00e9ctrico generalizado del 28 de abril de 2025 ha sido una llamada de atenci\u00f3n para el tejido empresarial catal\u00e1n, especialmente para las pymes. Seg\u00fan <a href=\"https:\/\/services.pimec.org\/images\/news\/5\/doc\/6893072c71735-10393-Afectaci%C3%B3%20de%20l'apagada%20el%C3%A8ctrica%20a%20les%20pimes%20catalanes.pdf?_gl=1*xnhmky*_gcl_au*ODg0MzI2ODE5LjE3NTM2ODcwNjA.*_ga*NTgwMTg4Njg2LjE3NTIwNTA5MjA.*_ga_TL1GYGSMWB*czE3NTQ1NTExOTckbzEwMiRnMSR0MTc1NDU1Mjg4OSRqNjAkbDAkaDA.&amp;_ga=2.164053759.1560445889.1754287478-580188686.1752050920\">datos recientes del Observatorio de la Pyme de Catalu\u00f1a<\/a>, el impacto econ\u00f3mico acumulado supera los 878 millones de euros, con p\u00e9rdidas medias que pueden llegar hasta los 25.818 euros por empresa, dependiendo de su tama\u00f1o y actividad.<\/p>\n<p style=\"text-align: justify;\" data-start=\"617\" data-end=\"911\">Este informe constata que casi tres de cada cuatro empresas sufrieron una parada total de su actividad durante el apag\u00f3n, y cerca de la mitad tuvieron que reducir la jornada laboral. Pero m\u00e1s all\u00e1 de las p\u00e9rdidas materiales y econ\u00f3micas, la crisis ha evidenciado graves carencias estructurales.<\/p>\n<h3 style=\"text-align: justify;\" data-start=\"918\" data-end=\"968\"><strong data-start=\"922\" data-end=\"968\">Construir un entorno empresarial preparado<\/strong><\/h3>\n<p style=\"text-align: justify;\" data-start=\"970\" data-end=\"1244\">Las pymes manifiestan una clara voluntad de evolucionar hacia una mejor preparaci\u00f3n para hacer frente a situaciones como el apag\u00f3n general. Para mejorar la resiliencia ante posibles apagones futuros, se recomienda seguir un protocolo de actuaci\u00f3n estructurado en tres fases:<\/p>\n<h4 style=\"text-align: justify;\" data-start=\"1246\" data-end=\"1288\">1. Antes del apag\u00f3n (fase preventiva)<\/h4>\n<ul style=\"text-align: justify;\">\n<li data-start=\"1292\" data-end=\"1382\">Revisar equipos de soporte: comprobar que los SAI y generadores funcionan correctamente.<\/li>\n<li data-start=\"1385\" data-end=\"1460\">Tener copias de seguridad actualizadas y almacenadas fuera de la empresa.<\/li>\n<li data-start=\"1463\" data-end=\"1518\">Formar al personal sobre qu\u00e9 hacer en caso de apag\u00f3n.<\/li>\n<li data-start=\"1521\" data-end=\"1597\">Disponer de kits de emergencia: linternas, bater\u00edas externas, radios, etc.<\/li>\n<li data-start=\"1600\" data-end=\"1700\">Clasificaci\u00f3n de riesgos por \u00e1reas: identificar zonas y equipos cr\u00edticos y establecer prioridades.<\/li>\n<li data-start=\"1703\" data-end=\"1802\">Comunicaci\u00f3n autom\u00e1tica de incidencias: sistemas que alerten autom\u00e1ticamente al personal t\u00e9cnico.<\/li>\n<li data-start=\"1805\" data-end=\"1884\">Simulacros regulares: programar pruebas peri\u00f3dicas para evaluar la respuesta.<\/li>\n<li data-start=\"1887\" data-end=\"1980\">Manual de uso r\u00e1pido para equipos: fichas visuales con instrucciones para proteger equipos.<\/li>\n<li data-start=\"1983\" data-end=\"2067\">Monitorizaci\u00f3n remota: controlar el estado el\u00e9ctrico y de los equipos a distancia.<\/li>\n<li data-start=\"2070\" data-end=\"2163\">Redundancia de servicios: tener servicios duplicados en ubicaciones diferentes si es posible.<\/li>\n<\/ul>\n<h4 style=\"text-align: justify;\" data-start=\"2165\" data-end=\"2190\">2. Durante el apag\u00f3n<\/h4>\n<ul style=\"text-align: justify;\">\n<li data-start=\"2194\" data-end=\"2256\">Asegurarse de que todo el mundo est\u00e1 bien y en lugar seguro.<\/li>\n<li data-start=\"2259\" data-end=\"2298\">Activar la iluminaci\u00f3n de emergencia.<\/li>\n<li data-start=\"2301\" data-end=\"2344\">Evitar el uso de ascensores o maquinaria.<\/li>\n<li data-start=\"2347\" data-end=\"2426\">Desconectar ordenadores, servidores y equipos electr\u00f3nicos para evitar da\u00f1os.<\/li>\n<li data-start=\"2429\" data-end=\"2516\">Aprovechar el tiempo del SAI para guardar trabajos y apagar sistemas de forma segura.<\/li>\n<li data-start=\"2519\" data-end=\"2592\">Informar a todo el personal de la situaci\u00f3n y de las acciones a seguir.<\/li>\n<li data-start=\"2595\" data-end=\"2685\">Contactar con la compa\u00f1\u00eda el\u00e9ctrica para obtener informaci\u00f3n sobre la duraci\u00f3n estimada.<\/li>\n<li data-start=\"2688\" data-end=\"2744\">Encender el generador si est\u00e1 disponible y autorizado.<\/li>\n<li data-start=\"2747\" data-end=\"2831\">Priorizar la energ\u00eda para sistemas cr\u00edticos (servidores, comunicaciones, seguridad).<\/li>\n<\/ul>\n<h4 style=\"text-align: justify;\" data-start=\"2833\" data-end=\"2859\">3. Despu\u00e9s del apag\u00f3n<\/h4>\n<ul style=\"text-align: justify;\">\n<li data-start=\"2863\" data-end=\"2943\">Esperar unos minutos antes de reconectar equipos para evitar picos de tensi\u00f3n.<\/li>\n<li data-start=\"2946\" data-end=\"2992\">Comprobar el estado de los sistemas y datos.<\/li>\n<li data-start=\"2995\" data-end=\"3074\">Registrar el incidente: hora de inicio y fin, afectaciones, acciones tomadas.<\/li>\n<li data-start=\"3077\" data-end=\"3153\">Revisi\u00f3n post-incidente: evaluar qu\u00e9 ha funcionado y qu\u00e9 se puede mejorar.<\/li>\n<li data-start=\"3156\" data-end=\"3227\">Aplicar acciones correctivas y actualizar el protocolo si es necesario.<\/li>\n<\/ul>\n<h3 style=\"text-align: justify;\" data-start=\"3234\" data-end=\"3270\"><strong data-start=\"3238\" data-end=\"3270\">Demandas a la Administraci\u00f3n<\/strong><\/h3>\n<p style=\"text-align: justify;\" data-start=\"3272\" data-end=\"3561\">El tejido empresarial y las administraciones no estaban suficientemente preparados para afrontar una incidencia como esta. A partir de la encuesta, se identifican un conjunto de necesidades empresariales prioritarias sobre c\u00f3mo puede actuar la administraci\u00f3n ante este tipo de situaciones:<\/p>\n<ul style=\"text-align: justify;\">\n<li data-start=\"3565\" data-end=\"3781\"><strong data-start=\"3565\" data-end=\"3604\">Comunicaci\u00f3n institucional efectiva<\/strong>: las empresas reclaman canales de informaci\u00f3n m\u00e1s \u00e1giles y fiables, con notificaciones multicanal y mensajes claros sobre las incidencias y los tiempos estimados de resoluci\u00f3n.<\/li>\n<li data-start=\"3785\" data-end=\"3989\"><strong data-start=\"3785\" data-end=\"3822\">Protocolos oficiales de actuaci\u00f3n<\/strong>: muchas empresas no saben qu\u00e9 hacer cuando todo se apaga. Por eso, piden que se definan y difundan protocolos coordinados con las distribuidoras y servicios p\u00fablicos.<\/li>\n<li data-start=\"3993\" data-end=\"4269\"><strong data-start=\"3993\" data-end=\"4031\">Ayudas para mejorar la resiliencia<\/strong>: la inversi\u00f3n en generadores, sistemas SAI, copias de seguridad en la nube o planes de continuidad del negocio supone un esfuerzo que muchas pymes no pueden asumir solas. Se reclaman subvenciones espec\u00edficas para facilitar estas medidas.<\/li>\n<li data-start=\"4273\" data-end=\"4497\"><strong data-start=\"4273\" data-end=\"4306\">Asesoramiento y apoyo t\u00e9cnico<\/strong>: las empresas quieren contar con profesionales que les ayuden a implantar medidas preventivas, formaci\u00f3n para el personal y simulacros peri\u00f3dicos para poner a prueba los planes de actuaci\u00f3n.<\/li>\n<\/ul>\n<p style=\"text-align: justify;\">El apag\u00f3n ha sido una advertencia. Las pymes catalanas no solo necesitan recuperar las p\u00e9rdidas, sino tambi\u00e9n garantizar que una situaci\u00f3n similar no vuelva a tener consecuencias tan graves. Por ello, es necesario apostar por la colaboraci\u00f3n p\u00fablico-privada para construir una infraestructura m\u00e1s s\u00f3lida y dar una respuesta m\u00e1s eficiente ante emergencias de este tipo.<\/p>\n","protected":false},"excerpt":{"rendered":"<p>El apag\u00f3n el\u00e9ctrico generalizado del 28 de abril de 2025 ha sido una llamada de atenci\u00f3n para el tejido empresarial catal\u00e1n, especialmente para las pymes. Seg\u00fan datos recientes del Observatorio de la Pyme de Catalu\u00f1a, el impacto econ\u00f3mico acumulado supera los 878 millones de euros, con p\u00e9rdidas medias que pueden llegar hasta los 25.818 euros por empresa, dependiendo de su tama\u00f1o y actividad. Este informe constata que casi tres de cada cuatro empresas sufrieron una parada total de su actividad durante el apag\u00f3n, y cerca de la mitad tuvieron que reducir la jornada laboral. Pero m\u00e1s all\u00e1 de las p\u00e9rdidas<\/p>\n","protected":false},"author":13,"featured_media":31240,"comment_status":"open","ping_status":"closed","sticky":false,"template":"","format":"standard","meta":[],"categories":[772],"tags":[2396,1183],"_links":{"self":[{"href":"https:\/\/www.pimealdia.org\/es\/wp-json\/wp\/v2\/posts\/31243"}],"collection":[{"href":"https:\/\/www.pimealdia.org\/es\/wp-json\/wp\/v2\/posts"}],"about":[{"href":"https:\/\/www.pimealdia.org\/es\/wp-json\/wp\/v2\/types\/post"}],"author":[{"embeddable":true,"href":"https:\/\/www.pimealdia.org\/es\/wp-json\/wp\/v2\/users\/13"}],"replies":[{"embeddable":true,"href":"https:\/\/www.pimealdia.org\/es\/wp-json\/wp\/v2\/comments?post=31243"}],"version-history":[{"count":2,"href":"https:\/\/www.pimealdia.org\/es\/wp-json\/wp\/v2\/posts\/31243\/revisions"}],"predecessor-version":[{"id":31245,"href":"https:\/\/www.pimealdia.org\/es\/wp-json\/wp\/v2\/posts\/31243\/revisions\/31245"}],"wp:featuredmedia":[{"embeddable":true,"href":"https:\/\/www.pimealdia.org\/es\/wp-json\/wp\/v2\/media\/31240"}],"wp:attachment":[{"href":"https:\/\/www.pimealdia.org\/es\/wp-json\/wp\/v2\/media?parent=31243"}],"wp:term":[{"taxonomy":"category","embeddable":true,"href":"https:\/\/www.pimealdia.org\/es\/wp-json\/wp\/v2\/categories?post=31243"},{"taxonomy":"post_tag","embeddable":true,"href":"https:\/\/www.pimealdia.org\/es\/wp-json\/wp\/v2\/tags?post=31243"}],"curies":[{"name":"wp","href":"https:\/\/api.w.org\/{rel}","templated":true}]}}