{"id":31417,"date":"2025-10-09T12:51:07","date_gmt":"2025-10-09T10:51:07","guid":{"rendered":"https:\/\/www.pimealdia.org\/?p=31417"},"modified":"2025-10-09T12:52:25","modified_gmt":"2025-10-09T10:52:25","slug":"el-contrato-de-distribucion-todo-lo-que-hay-que-saber-sobre-su-duracion-y-regulacion-juridica","status":"publish","type":"post","link":"https:\/\/www.pimealdia.org\/es\/el-contrato-de-distribucion-todo-lo-que-hay-que-saber-sobre-su-duracion-y-regulacion-juridica\/","title":{"rendered":"El contrato de distribuci\u00f3n: todo lo que hay que saber sobre su duraci\u00f3n y regulaci\u00f3n jur\u00eddica"},"content":{"rendered":"<p data-start=\"219\" data-end=\"669\">El contrato de distribuci\u00f3n es un <strong>contrato de colaboraci\u00f3n mercantil entre empresarios<\/strong>, el cual tiene una gran importancia dentro del derecho comercial en Espa\u00f1a. No obstante, no cuenta con una regulaci\u00f3n legal espec\u00edfica de car\u00e1cter general. Su normativa se ha ido configurando principalmente a trav\u00e9s de la jurisprudencia, teniendo en cuenta las particularidades de cada tipo de contrato y la relevancia de los pactos establecidos entre las partes.<\/p>\n<p data-start=\"671\" data-end=\"731\"><strong data-start=\"671\" data-end=\"731\">\u00bfCu\u00e1l es la principal carencia? La duraci\u00f3n del contrato<\/strong><\/p>\n<p data-start=\"733\" data-end=\"1141\">Este contrato puede pactarse tanto por tiempo determinado como por tiempo indefinido. Sin embargo, en la pr\u00e1ctica, es habitual que la relaci\u00f3n se establezca por un per\u00edodo indefinido, especialmente cuando se busca consolidar una colaboraci\u00f3n estable. Esta estabilidad permite al distribuidor amortizar sus inversiones y al concedente-proveedor asegurar la presencia continuada de sus productos en el mercado.<\/p>\n<p data-start=\"1143\" data-end=\"1505\">Cuando el contrato tiene una duraci\u00f3n indefinida y no existe un plazo pactado, cualquiera de las partes puede resolverlo unilateralmente en cualquier momento. Pero este derecho de resoluci\u00f3n no es absoluto: debe respetarse el principio de buena fe y concederse un plazo de preaviso razonable, de acuerdo con los usos comerciales y la naturaleza de la obligaci\u00f3n.<\/p>\n<p data-start=\"1507\" data-end=\"1803\">El Tribunal Supremo ha se\u00f1alado que una resoluci\u00f3n repentina y sin preaviso puede considerarse un abuso de derecho o una conducta desleal, especialmente si el distribuidor ha realizado inversiones importantes o si el concedente-proveedor se beneficia de la clientela generada por el distribuidor.<\/p>\n<p data-start=\"1805\" data-end=\"1864\"><strong data-start=\"1805\" data-end=\"1864\">Indemnizaciones por resoluci\u00f3n de contratos indefinidos<\/strong><\/p>\n<p data-start=\"1866\" data-end=\"2318\">Una vez superada la cuesti\u00f3n del preaviso, surge la problem\u00e1tica relacionada con las indemnizaciones derivadas de la resoluci\u00f3n de un contrato indefinido. Si el concedente-proveedor se aprovecha de la clientela que ha generado el distribuidor, este \u00faltimo puede tener derecho a una indemnizaci\u00f3n por clientela. Esta doctrina est\u00e1 consolidada en la jurisprudencia y se inspira en la regulaci\u00f3n del contrato de agencia, que se aplica de forma supletoria.<\/p>\n<p data-start=\"2320\" data-end=\"2344\"><strong data-start=\"2320\" data-end=\"2344\">Problemas habituales<\/strong><\/p>\n<p data-start=\"2346\" data-end=\"2411\">La falta de una regulaci\u00f3n legal espec\u00edfica genera incertidumbre:<\/p>\n<ul data-start=\"2413\" data-end=\"2579\">\n<li data-start=\"2413\" data-end=\"2462\">\n<p data-start=\"2415\" data-end=\"2462\">Conflictos sobre la <strong>suficiencia del preaviso.<\/strong><\/p>\n<\/li>\n<li data-start=\"2463\" data-end=\"2510\">\n<p data-start=\"2465\" data-end=\"2510\">Debates sobre la <strong>causa justa de resoluci\u00f3n.<\/strong><\/p>\n<\/li>\n<li data-start=\"2511\" data-end=\"2579\">\n<p data-start=\"2513\" data-end=\"2579\">Dificultades en la <strong>valoraci\u00f3n de la indemnizaci\u00f3n<\/strong>.<\/p>\n<\/li>\n<\/ul>\n<p data-start=\"2581\" data-end=\"2613\"><strong data-start=\"2581\" data-end=\"2613\">Soluciones y recomendaciones<\/strong><\/p>\n<p data-start=\"2615\" data-end=\"2734\">En este contexto, es fundamental que las partes establezcan pactos claros y por escrito, especialmente en relaci\u00f3n con:<\/p>\n<ul data-start=\"2736\" data-end=\"2860\">\n<li data-start=\"2736\" data-end=\"2773\">\n<p data-start=\"2738\" data-end=\"2773\">La forma y el plazo del <strong>preaviso<\/strong>.<\/p>\n<\/li>\n<li data-start=\"2774\" data-end=\"2824\">\n<p data-start=\"2776\" data-end=\"2824\">Las causas de <strong>denuncia<\/strong> y las compensaciones.<\/p>\n<\/li>\n<li data-start=\"2825\" data-end=\"2860\">\n<p data-start=\"2827\" data-end=\"2860\">La <strong>duraci\u00f3n expresa<\/strong> del contrato.<\/p>\n<\/li>\n<\/ul>\n<p data-start=\"2862\" data-end=\"3001\">La ausencia de una duraci\u00f3n expresa puede hacer que la relaci\u00f3n se considere <strong>indefinida<\/strong> y, por tanto, d\u00e9 lugar a los problemas mencionados.<\/p>\n<p data-start=\"3003\" data-end=\"3291\">Desde Pimec podemos ofreceros apoyo legal para la preparaci\u00f3n de contratos de distribuci\u00f3n o resolver cualquier duda relacionada con este tema. Pod\u00e9is contactar con el Departamento Jur\u00eddico de Pimec para m\u00e1s informaci\u00f3n: <a class=\"decorated-link\" href=\"https:\/\/www.pimec.org\/ca\/pimes-autonoms\/serveis\/assessoria-juridica\" target=\"_new\" rel=\"noopener\" data-start=\"3224\" data-end=\"3291\">https:\/\/www.pimec.org\/ca\/pimes-autonoms\/serveis\/assessoria-juridica<\/a><\/p>\n<p style=\"text-align: center;\" data-start=\"3293\" data-end=\"3336\"><em>Isabel Soria, abogada civil y mercantil del departamento jur\u00eddico de Pimec<\/em><\/p>\n","protected":false},"excerpt":{"rendered":"<p>El contrato de distribuci\u00f3n es un contrato de colaboraci\u00f3n mercantil entre empresarios, el cual tiene una gran importancia dentro del derecho comercial en Espa\u00f1a. No obstante, no cuenta con una regulaci\u00f3n legal espec\u00edfica de car\u00e1cter general. Su normativa se ha ido configurando principalmente a trav\u00e9s de la jurisprudencia, teniendo en cuenta las particularidades de cada tipo de contrato y la relevancia de los pactos establecidos entre las partes. \u00bfCu\u00e1l es la principal carencia? La duraci\u00f3n del contrato Este contrato puede pactarse tanto por tiempo determinado como por tiempo indefinido. Sin embargo, en la pr\u00e1ctica, es habitual que la relaci\u00f3n se<\/p>\n","protected":false},"author":206,"featured_media":31414,"comment_status":"open","ping_status":"closed","sticky":false,"template":"","format":"standard","meta":[],"categories":[772],"tags":[2509],"_links":{"self":[{"href":"https:\/\/www.pimealdia.org\/es\/wp-json\/wp\/v2\/posts\/31417"}],"collection":[{"href":"https:\/\/www.pimealdia.org\/es\/wp-json\/wp\/v2\/posts"}],"about":[{"href":"https:\/\/www.pimealdia.org\/es\/wp-json\/wp\/v2\/types\/post"}],"author":[{"embeddable":true,"href":"https:\/\/www.pimealdia.org\/es\/wp-json\/wp\/v2\/users\/206"}],"replies":[{"embeddable":true,"href":"https:\/\/www.pimealdia.org\/es\/wp-json\/wp\/v2\/comments?post=31417"}],"version-history":[{"count":4,"href":"https:\/\/www.pimealdia.org\/es\/wp-json\/wp\/v2\/posts\/31417\/revisions"}],"predecessor-version":[{"id":31425,"href":"https:\/\/www.pimealdia.org\/es\/wp-json\/wp\/v2\/posts\/31417\/revisions\/31425"}],"wp:featuredmedia":[{"embeddable":true,"href":"https:\/\/www.pimealdia.org\/es\/wp-json\/wp\/v2\/media\/31414"}],"wp:attachment":[{"href":"https:\/\/www.pimealdia.org\/es\/wp-json\/wp\/v2\/media?parent=31417"}],"wp:term":[{"taxonomy":"category","embeddable":true,"href":"https:\/\/www.pimealdia.org\/es\/wp-json\/wp\/v2\/categories?post=31417"},{"taxonomy":"post_tag","embeddable":true,"href":"https:\/\/www.pimealdia.org\/es\/wp-json\/wp\/v2\/tags?post=31417"}],"curies":[{"name":"wp","href":"https:\/\/api.w.org\/{rel}","templated":true}]}}