{"id":31634,"date":"2025-11-13T13:33:03","date_gmt":"2025-11-13T11:33:03","guid":{"rendered":"https:\/\/www.pimealdia.org\/?p=31634"},"modified":"2025-11-17T12:59:15","modified_gmt":"2025-11-17T10:59:15","slug":"impulsar-la-cultura-financiera-para-crecer","status":"publish","type":"post","link":"https:\/\/www.pimealdia.org\/es\/impulsar-la-cultura-financiera-para-crecer\/","title":{"rendered":"Impulsar la cultura financiera para crecer"},"content":{"rendered":"<p style=\"text-align: center;\" data-start=\"0\" data-end=\"783\"><em>Con el objetivo de fomentar la reflexi\u00f3n y el debate sobre los retos del tejido productivo catal\u00e1n, Pimec y The New Barcelona Post organizan el ciclo de encuentros Eixample Talks. En su segunda edici\u00f3n, bajo el t\u00edtulo <strong data-start=\"222\" data-end=\"266\">\u201cEl desaf\u00edo de la financiaci\u00f3n empresarial\u201d<\/strong> y celebrada en la sede de Pimec, diversos expertos analizaron las dificultades y oportunidades de las pymes para acceder al capital y reforzar su competitividad.<\/em><\/p>\n<p data-start=\"0\" data-end=\"783\">El acceso a la financiaci\u00f3n sigue siendo uno de los principales retos para las peque\u00f1as y medianas empresas, motor esencial de la econom\u00eda catalana y europea. A pesar de representar m\u00e1s del<strong> 90% del tejido empresarial<\/strong>, muchas de estas empresas encuentran dificultades a la hora de obtener cr\u00e9dito, inversi\u00f3n o apoyo financiero para crecer, innovar o simplemente mantener su actividad. Las exigencias bancarias, el desconocimiento o la incertidumbre geopol\u00edtica actual son algunos de los obst\u00e1culos que limitan su desarrollo. Ante este escenario, nuevas f\u00f3rmulas como la financiaci\u00f3n alternativa, los fondos de capital riesgo o los programas p\u00fablicos de apoyo se abren paso como v\u00edas para garantizar la supervivencia y competitividad de las pymes en un mercado cada vez m\u00e1s exigente.<\/p>\n<p data-start=\"785\" data-end=\"1272\">El acceso a la financiaci\u00f3n es un viejo conocido del tejido productivo catal\u00e1n, y <strong>Pimec y The New Barcelona Post<\/strong> pusieron el foco en este tema en la segunda sesi\u00f3n de las <strong><em data-start=\"956\" data-end=\"972\">Eixample Talks<\/em><\/strong>. A lo largo de la jornada, expertos en la materia abordaron cu\u00e1les son las soluciones para mejorar el d\u00eda a d\u00eda de las pymes en relaci\u00f3n con el capital, contribuyendo as\u00ed a ampliar la cultura financiera del tejido empresarial catal\u00e1n para que pueda ganar dimensi\u00f3n, competitividad y productividad.<\/p>\n<p data-start=\"1274\" data-end=\"2235\">La directora territorial de Bankinter en Catalu\u00f1a, <strong>Emma Montserrat<\/strong>, traz\u00f3 una fotograf\u00eda macro y un diagn\u00f3stico positivo de la previsi\u00f3n econ\u00f3mica. \u201cEl entorno muestra buenos datos: se estima un <strong>crecimiento del PIB a nivel estatal y auton\u00f3mico<\/strong>, los tipos de inter\u00e9s han bajado y se han estabilizado, y las pymes prev\u00e9n un crecimiento de sus ventas bastante elevado\u201d, concret\u00f3 Montserrat. No obstante, existen problemas estructurales que impiden a las empresas aprovechar este contexto, como la dificultad para cubrir vacantes y sacar adelante ciertos proyectos, o la dimensi\u00f3n del tejido empresarial. \u201cCatalu\u00f1a se caracteriza por el emprendimiento, nacen m\u00e1s empresas que la media europea, pero tenemos dificultades para que ganen dimensi\u00f3n\u201d, se\u00f1al\u00f3 la experta, antes de apuntar que \u201ccuando una empresa alcanza cierta dimensi\u00f3n, tambi\u00e9n mejora su productividad, es m\u00e1s competitiva y tiene m\u00e1s capacidad para acceder a financiaci\u00f3n y para internacionalizarse\u201d.<\/p>\n<div style=\"width: 1170px;\" class=\"wp-video\"><!--[if lt IE 9]><script>document.createElement('video');<\/script><![endif]-->\n<video class=\"wp-video-shortcode\" id=\"video-31634-1\" width=\"1170\" height=\"658\" preload=\"metadata\" controls=\"controls\"><source type=\"video\/mp4\" src=\"https:\/\/www.pimealdia.org\/wp-content\/uploads\/2025\/11\/Emma-bona.mp4?_=1\" \/><a href=\"https:\/\/www.pimealdia.org\/wp-content\/uploads\/2025\/11\/Emma-bona.mp4\">https:\/\/www.pimealdia.org\/wp-content\/uploads\/2025\/11\/Emma-bona.mp4<\/a><\/video><\/div>\n<p data-start=\"2237\" data-end=\"2949\">Desde el lado inversor, la cofundadora y directora de Asabys, <strong>Clara Camp\u00e0s<\/strong>, puso sobre la mesa dos tendencias que se producen en Europa y que afectan a Catalu\u00f1a: por un lado, la incertidumbre geopol\u00edtica y macroecon\u00f3mica, y por otro, una gran cantidad de capital p\u00fablico y privado a la espera de oportunidades. \u201cExiste una <strong>falta de cultura financiera<\/strong>, probablemente por una ausencia de pedagog\u00eda, pero tambi\u00e9n de incentivos fiscales, lo que provoca que un inversor privado prefiera invertir en una propiedad antes que en una compa\u00f1\u00eda\u201d, explic\u00f3 Camp\u00e0s, subrayando que en Europa la inversi\u00f3n de capital privado es muy inferior a la de otras regiones del mundo, aunque ha crecido mucho en los \u00faltimos quince a\u00f1os.<\/p>\n<div style=\"width: 1170px;\" class=\"wp-video\"><video class=\"wp-video-shortcode\" id=\"video-31634-2\" width=\"1170\" height=\"658\" preload=\"metadata\" controls=\"controls\"><source type=\"video\/mp4\" src=\"https:\/\/www.pimealdia.org\/wp-content\/uploads\/2025\/11\/Clara-Campas.mp4?_=2\" \/><a href=\"https:\/\/www.pimealdia.org\/wp-content\/uploads\/2025\/11\/Clara-Campas.mp4\">https:\/\/www.pimealdia.org\/wp-content\/uploads\/2025\/11\/Clara-Campas.mp4<\/a><\/video><\/div>\n<p data-start=\"2951\" data-end=\"3677\">El tercer v\u00e9rtice lo aport\u00f3 el director de negocio del Institut Catal\u00e0 de Finances (ICF),<strong> Antoni Vall\u00e8s<\/strong>, quien alert\u00f3 sobre \u201cla ineficiencia de disponer de tanta liquidez que no se est\u00e1 invirtiendo y no somos capaces de llevar al mercado\u201d. Adem\u00e1s, remarc\u00f3 que desde el sector p\u00fablico es necesario \u201capoyar el crecimiento de las compa\u00f1\u00edas y ayudar en la sucesi\u00f3n de la empresa familiar\u201d. Sobre esta cuesti\u00f3n, y con m\u00e1s del 80% del tejido productivo en manos familiares, Vall\u00e8s afirm\u00f3 que <strong>la falta de relevo empuja a vender a competidores, a menudo internacionales<\/strong>. \u201cEs necesario arraigar las compa\u00f1\u00edas en Catalu\u00f1a, sea cual sea el origen del capital, y tambi\u00e9n apostar por la reindustrializaci\u00f3n del pa\u00eds\u201d, explic\u00f3 el experto.<\/p>\n<div style=\"width: 1170px;\" class=\"wp-video\"><video class=\"wp-video-shortcode\" id=\"video-31634-3\" width=\"1170\" height=\"658\" preload=\"metadata\" controls=\"controls\"><source type=\"video\/mp4\" src=\"https:\/\/www.pimealdia.org\/wp-content\/uploads\/2025\/11\/Antoni-Valles.mp4?_=3\" \/><a href=\"https:\/\/www.pimealdia.org\/wp-content\/uploads\/2025\/11\/Antoni-Valles.mp4\">https:\/\/www.pimealdia.org\/wp-content\/uploads\/2025\/11\/Antoni-Valles.mp4<\/a><\/video><\/div>\n<p data-start=\"3679\" data-end=\"4516\" data-is-last-node=\"\" data-is-only-node=\"\">En cuanto a los tipos de financiaci\u00f3n, los tres coincidieron en el escaso h\u00e1bito de acceder a financiaci\u00f3n alternativa, que sigue siendo residual, ya que <strong>en Espa\u00f1a solo un 10% del total del endeudamiento procede de financiaci\u00f3n alternativa<\/strong>, mientras que en otros pa\u00edses competitivos de nuestro entorno alcanza el 50%. \u201cLa pyme tiene una dependencia muy importante de la banca tradicional, en muchos casos por desconocimiento, y la alternativa ofrece muchas variables y puede adaptarse a diferentes tipolog\u00edas de empresas\u201d, record\u00f3 la directora territorial de Bankinter en Catalu\u00f1a. En un mapa bancario cada vez m\u00e1s concentrado, la cooperaci\u00f3n entre los bancos, el ICF y los fondos de inversi\u00f3n se vuelve necesaria para mejorar el acceso a la financiaci\u00f3n del tejido empresarial y permitir que los proyectos puedan crecer y desarrollarse.<\/p>\n<p style=\"text-align: center;\" data-start=\"3679\" data-end=\"4516\" data-is-last-node=\"\" data-is-only-node=\"\"><em>Natalia Guerrero, t\u00e9cnica de comunicaci\u00f3n de Pimec<\/em><\/p>\n","protected":false},"excerpt":{"rendered":"<p>Con el objetivo de fomentar la reflexi\u00f3n y el debate sobre los retos del tejido productivo catal\u00e1n, Pimec y The New Barcelona Post organizan el ciclo de encuentros Eixample Talks. En su segunda edici\u00f3n, bajo el t\u00edtulo \u201cEl desaf\u00edo de la financiaci\u00f3n empresarial\u201d y celebrada en la sede de Pimec, diversos expertos analizaron las dificultades y oportunidades de las pymes para acceder al capital y reforzar su competitividad. El acceso a la financiaci\u00f3n sigue siendo uno de los principales retos para las peque\u00f1as y medianas empresas, motor esencial de la econom\u00eda catalana y europea. A pesar de representar m\u00e1s del<\/p>\n","protected":false},"author":199,"featured_media":31657,"comment_status":"open","ping_status":"closed","sticky":false,"template":"","format":"standard","meta":[],"categories":[342],"tags":[2532],"_links":{"self":[{"href":"https:\/\/www.pimealdia.org\/es\/wp-json\/wp\/v2\/posts\/31634"}],"collection":[{"href":"https:\/\/www.pimealdia.org\/es\/wp-json\/wp\/v2\/posts"}],"about":[{"href":"https:\/\/www.pimealdia.org\/es\/wp-json\/wp\/v2\/types\/post"}],"author":[{"embeddable":true,"href":"https:\/\/www.pimealdia.org\/es\/wp-json\/wp\/v2\/users\/199"}],"replies":[{"embeddable":true,"href":"https:\/\/www.pimealdia.org\/es\/wp-json\/wp\/v2\/comments?post=31634"}],"version-history":[{"count":11,"href":"https:\/\/www.pimealdia.org\/es\/wp-json\/wp\/v2\/posts\/31634\/revisions"}],"predecessor-version":[{"id":31679,"href":"https:\/\/www.pimealdia.org\/es\/wp-json\/wp\/v2\/posts\/31634\/revisions\/31679"}],"wp:featuredmedia":[{"embeddable":true,"href":"https:\/\/www.pimealdia.org\/es\/wp-json\/wp\/v2\/media\/31657"}],"wp:attachment":[{"href":"https:\/\/www.pimealdia.org\/es\/wp-json\/wp\/v2\/media?parent=31634"}],"wp:term":[{"taxonomy":"category","embeddable":true,"href":"https:\/\/www.pimealdia.org\/es\/wp-json\/wp\/v2\/categories?post=31634"},{"taxonomy":"post_tag","embeddable":true,"href":"https:\/\/www.pimealdia.org\/es\/wp-json\/wp\/v2\/tags?post=31634"}],"curies":[{"name":"wp","href":"https:\/\/api.w.org\/{rel}","templated":true}]}}