{"id":31759,"date":"2025-12-19T12:34:25","date_gmt":"2025-12-19T10:34:25","guid":{"rendered":"https:\/\/www.pimealdia.org\/?p=31759"},"modified":"2025-12-19T12:34:25","modified_gmt":"2025-12-19T10:34:25","slug":"por-una-lengua-aprendida-y-utilizada-tambien-en-el-mundo-del-trabajo-y-de-las-empresas","status":"publish","type":"post","link":"https:\/\/www.pimealdia.org\/es\/por-una-lengua-aprendida-y-utilizada-tambien-en-el-mundo-del-trabajo-y-de-las-empresas\/","title":{"rendered":"Por una lengua aprendida y utilizada tambi\u00e9n en el mundo del trabajo y de las empresas"},"content":{"rendered":"<p style=\"text-align: center;\" data-start=\"135\" data-end=\"210\">Art\u00edculo original de Via Empresa reproducido con la autorizaci\u00f3n del autor.<\/p>\n<h3 style=\"text-align: center;\" data-start=\"212\" data-end=\"369\"><strong>Todos nosotros somos responsables de dar peque\u00f1os pasos adelante en nuestra vida cotidiana para asegurar la sostenibilidad ling\u00fc\u00edstica de la lengua catalana<\/strong><\/h3>\n<p data-start=\"371\" data-end=\"985\">El pasado 13 de mayo se present\u00f3 el<em> <a href=\"https:\/\/llengua.gencat.cat\/web\/.content\/temes\/pacte-nacional-per-la-llengua\/pacte-nacional-per-la-llengua.pdf\"><strong data-start=\"407\" data-end=\"439\"><span style=\"color: #000000;\">Pacto Nacional por la Lengua<\/span><\/strong><\/a><\/em>. Se trata de una hoja de ruta propuesta por el Gobierno, elaborada a trav\u00e9s de un proceso participativo con cerca de 2.600 propuestas, que traza el camino a seguir hasta 2030 para garantizar el futuro del catal\u00e1n como lengua de cohesi\u00f3n social. El Pacto, firmado inicialmente por 25 entidades, cuenta con una inversi\u00f3n hist\u00f3rica en pol\u00edtica ling\u00fc\u00edstica y propone incorporar 600.000 nuevos hablantes y reforzar el uso del <strong>catal\u00e1n<\/strong> en las administraciones p\u00fablicas, la educaci\u00f3n, la sanidad, el sector cultural y el \u00e1mbito tecnol\u00f3gico, entre otros.<\/p>\n<p data-start=\"987\" data-end=\"1716\">Aunque se trata de un pacto dirigido al conjunto de la sociedad, las empresas y el mundo del trabajo constituyen uno de los ejes vertebradores del documento. De hecho, entre los firmantes iniciales se encuentran <strong data-start=\"1199\" data-end=\"1228\">Comisiones Obreras <\/strong>(CCOO), la <strong data-start=\"1233\" data-end=\"1278\">Confederaci\u00f3n de Cooperativas de Catalu\u00f1a<\/strong>, el <strong data-start=\"1283\" data-end=\"1338\">Consejo de Gremios de Comercio, Servicios y Turismo<\/strong>, <strong data-start=\"1340\" data-end=\"1362\">Foment del Treball<\/strong>, la <strong data-start=\"1367\" data-end=\"1384\">Intersindical<\/strong>, <strong data-start=\"1386\" data-end=\"1395\">PIMEC<\/strong>, <strong data-start=\"1397\" data-end=\"1404\">UGT<\/strong> y <strong data-start=\"1407\" data-end=\"1415\">USOC<\/strong>, y posteriormente se han adherido organizaciones como la <strong data-start=\"1473\" data-end=\"1526\">Agrupaci\u00f3 de Botiguers i Comerciants de Catalunya<\/strong>, la <strong data-start=\"1531\" data-end=\"1601\">Associaci\u00f3 Catalana d\u2019Empreses del Lleure, l\u2019Educaci\u00f3 i la Cultura<\/strong>, el <strong data-start=\"1606\" data-end=\"1653\">Gremio del Comercio de Muebles de Barcelona<\/strong>, la <strong data-start=\"1658\" data-end=\"1691\">Uni\u00f3n Empresarial de la Anoia<\/strong>, <strong data-start=\"1693\" data-end=\"1702\">CECOT<\/strong>, entre otras.<\/p>\n<p data-start=\"1718\" data-end=\"2581\">En este \u00e1mbito, el documento parte de una idea fundamental: la empresa es uno de los espacios donde las personas adultas pasan m\u00e1s tiempo y, por tanto, uno de los lugares donde m\u00e1s se puede incidir en el aprendizaje y el uso efectivo de la lengua. Sin embargo, en el mundo del trabajo las cosas no son f\u00e1ciles: con demasiada frecuencia se olvida que la ausencia habitual de la valoraci\u00f3n de los conocimientos de catal\u00e1n en los procesos de selecci\u00f3n de personal tiene como consecuencia un menor inter\u00e9s por aprender la lengua y dificulta su uso habitual en contextos empresariales. Uno de los grandes objetivos del Pacto es, por tanto, incorporar plenamente el uso, el aprendizaje y la acreditaci\u00f3n del catal\u00e1n en el \u00e1mbito laboral. Alcanzar este objetivo no es tarea sencilla, sino que exige poner en marcha medidas concretas que requieren el compromiso de todos.<\/p>\n<p data-start=\"2583\" data-end=\"2776\"><strong>Con demasiada frecuencia se olvida que la ausencia habitual de la valoraci\u00f3n de los conocimientos de catal\u00e1n en la selecci\u00f3n de personal tiene como consecuencia un menor inter\u00e9s por aprenderlo.<\/strong><\/p>\n<p data-start=\"2778\" data-end=\"3719\">En primer lugar, es necesario \u201cmejorar el acceso a la formaci\u00f3n y a la acreditaci\u00f3n de la lengua catalana en las relaciones laborales, aprovechando los mecanismos del <strong data-start=\"2945\" data-end=\"3009\">Consorcio para la Formaci\u00f3n Continua de Catalu\u00f1a <\/strong><span style=\"color: #000000;\"><a style=\"color: #000000;\" href=\"https:\/\/conforcat.gencat.cat\/es\/inici\/index.html\">(CONFORCAT)<\/a><\/span> y de los fondos estatales y europeos\u201d. El CONFORCAT dispone de un <span style=\"color: #000000;\"><a style=\"color: #000000;\" href=\"https:\/\/conforcat.gencat.cat\/es\/Treballadors\/cercador-cursos-del-consorci\/index.html\">buscador de cursos<\/a><\/span> mediante el cual, accediendo a <em data-start=\"3130\" data-end=\"3158\">Competencias transversales<\/em>, se puede consultar la oferta de cursos de catal\u00e1n de todos los niveles. Otro objetivo espec\u00edfico es \u201cgarantizar que se respeten los derechos ling\u00fc\u00edsticos de los trabajadores\u201d y, en relaci\u00f3n con ello, \u201cimpulsar el uso del catal\u00e1n como lengua habitual en los centros de trabajo\u201d. Asegurar el aprendizaje del catal\u00e1n en el entorno laboral es un derecho de los trabajadores, ya que les capacita para desarrollar mejor sus tareas, les abre la puerta a m\u00e1s oportunidades en el mercado laboral y les facilita la participaci\u00f3n en todos los \u00e1mbitos de la vida p\u00fablica.<\/p>\n<p data-start=\"3721\" data-end=\"4355\">Las empresas, por su parte, deben incentivar las <span style=\"color: #000000;\"><a style=\"color: #000000;\" href=\"https:\/\/llengua.gencat.cat\/es\/serveis\/empresa_\/emmarcat\/rsc-i-llengua\/index.html\">buenas pr\u00e1cticas ling\u00fc\u00edsticas<\/a><\/span>, no solo hacia los clientes, sino tambi\u00e9n entre los trabajadores. Existen numerosos ejemplos: cuando en un centro de trabajo no se aplica una pol\u00edtica ling\u00fc\u00edstica, por ejemplo, en la acogida de nuevos trabajadores o en las reuniones de trabajo, conviene plantearse si se est\u00e1 facilitando o dificultando que el trabajador reci\u00e9n llegado tenga una oportunidad m\u00e1s de conocer y usar la lengua, una ocasi\u00f3n para percibir su utilidad, un incentivo para aprenderla y una herramienta de equiparaci\u00f3n en cuanto a las distintas habilidades de los trabajadores.<\/p>\n<p data-start=\"4357\" data-end=\"4822\">No todo debe recaer en las empresas, por supuesto. Las administraciones deben promover, \u201cen el marco de la negociaci\u00f3n colectiva, el aprendizaje, la acreditaci\u00f3n y el uso del catal\u00e1n en el \u00e1mbito laboral mediante convenios, ayudas, subvenciones y cl\u00e1usulas de contrataci\u00f3n p\u00fablica\u201d, y, al mismo tiempo, \u201cincorporar el <strong data-start=\"4675\" data-end=\"4705\">Consejo del Di\u00e1logo Social<\/strong> como un agente clave m\u00e1s en la activaci\u00f3n de acuerdos para hacer efectivas las medidas relativas al \u00e1mbito laboral\u201d.<\/p>\n<p data-start=\"4824\" data-end=\"5650\">La implementaci\u00f3n del Pacto acaba de comenzar y a\u00fan tiene un largo recorrido por delante. En lo que respecta a 2025, se han seguido desarrollando los planes de an\u00e1lisis de la situaci\u00f3n ling\u00fc\u00edstica en los comercios de Catalu\u00f1a <span style=\"color: #000000;\"><a style=\"color: #000000;\" href=\"https:\/\/llengua.gencat.cat\/ca\/serveis\/dades_i_estudis\/dades\/ofercat\/index.html\">(OFERCAT)<\/a><\/span>; se ha intensificado el programa <span style=\"color: #000000;\"><a style=\"color: #000000;\" href=\"https:\/\/llengua.gencat.cat\/es\/serveis\/empresa_\/emmarcat\/index.html\">Emmarca\u2019t<\/a><\/span>, que pretende impulsar el uso de la lengua en p\u00e1ginas web, manuales de uso, aplicaciones, atenci\u00f3n telef\u00f3nica, etiquetado, etc., en las marcas m\u00e1s relevantes que operan en Catalu\u00f1a; se est\u00e1 preparando una campa\u00f1a de informaci\u00f3n digital sobre derechos y deberes ling\u00fc\u00edsticos en el sector comercial y de la restauraci\u00f3n, y se llevan a cabo acciones de formaci\u00f3n ling\u00fc\u00edstica b\u00e1sica in situ para profesionales del comercio y la restauraci\u00f3n en diversas ciudades, bajo el nombre <span style=\"color: #000000;\"><a style=\"color: #000000;\" href=\"https:\/\/llengua.gencat.cat\/web\/.content\/temes\/jornada-municipis\/comercos-aprenents.pdf\">Comer\u00e7os aprenents<\/a><\/span>, entre otras medidas de an\u00e1lisis y de impulso.<\/p>\n<p data-start=\"5652\" data-end=\"5973\">Finalmente, todos nosotros, en nuestra doble condici\u00f3n de trabajadores y consumidores, tambi\u00e9n somos responsables de dar peque\u00f1os pasos adelante en nuestra vida cotidiana para asegurar la sostenibilidad ling\u00fc\u00edstica de la lengua catalana, que no es otra cosa que garantizar la cohesi\u00f3n social de la Catalu\u00f1a del siglo XXI.<\/p>\n","protected":false},"excerpt":{"rendered":"<p>Art\u00edculo original de Via Empresa reproducido con la autorizaci\u00f3n del autor. Todos nosotros somos responsables de dar peque\u00f1os pasos adelante en nuestra vida cotidiana para asegurar la sostenibilidad ling\u00fc\u00edstica de la lengua catalana El pasado 13 de mayo se present\u00f3 el Pacto Nacional por la Lengua. Se trata de una hoja de ruta propuesta por el Gobierno, elaborada a trav\u00e9s de un proceso participativo con cerca de 2.600 propuestas, que traza el camino a seguir hasta 2030 para garantizar el futuro del catal\u00e1n como lengua de cohesi\u00f3n social. El Pacto, firmado inicialmente por 25 entidades, cuenta con una inversi\u00f3n hist\u00f3rica<\/p>\n","protected":false},"author":160,"featured_media":31766,"comment_status":"open","ping_status":"closed","sticky":false,"template":"","format":"standard","meta":[],"categories":[772],"tags":[1294],"_links":{"self":[{"href":"https:\/\/www.pimealdia.org\/es\/wp-json\/wp\/v2\/posts\/31759"}],"collection":[{"href":"https:\/\/www.pimealdia.org\/es\/wp-json\/wp\/v2\/posts"}],"about":[{"href":"https:\/\/www.pimealdia.org\/es\/wp-json\/wp\/v2\/types\/post"}],"author":[{"embeddable":true,"href":"https:\/\/www.pimealdia.org\/es\/wp-json\/wp\/v2\/users\/160"}],"replies":[{"embeddable":true,"href":"https:\/\/www.pimealdia.org\/es\/wp-json\/wp\/v2\/comments?post=31759"}],"version-history":[{"count":3,"href":"https:\/\/www.pimealdia.org\/es\/wp-json\/wp\/v2\/posts\/31759\/revisions"}],"predecessor-version":[{"id":31763,"href":"https:\/\/www.pimealdia.org\/es\/wp-json\/wp\/v2\/posts\/31759\/revisions\/31763"}],"wp:featuredmedia":[{"embeddable":true,"href":"https:\/\/www.pimealdia.org\/es\/wp-json\/wp\/v2\/media\/31766"}],"wp:attachment":[{"href":"https:\/\/www.pimealdia.org\/es\/wp-json\/wp\/v2\/media?parent=31759"}],"wp:term":[{"taxonomy":"category","embeddable":true,"href":"https:\/\/www.pimealdia.org\/es\/wp-json\/wp\/v2\/categories?post=31759"},{"taxonomy":"post_tag","embeddable":true,"href":"https:\/\/www.pimealdia.org\/es\/wp-json\/wp\/v2\/tags?post=31759"}],"curies":[{"name":"wp","href":"https:\/\/api.w.org\/{rel}","templated":true}]}}