{"id":31774,"date":"2025-12-23T13:11:22","date_gmt":"2025-12-23T11:11:22","guid":{"rendered":"https:\/\/www.pimealdia.org\/?p=31774"},"modified":"2025-12-23T13:11:22","modified_gmt":"2025-12-23T11:11:22","slug":"autonomos-por-el-derecho-a-un-sistema-mas-justo-y-equitativo","status":"publish","type":"post","link":"https:\/\/www.pimealdia.org\/es\/autonomos-por-el-derecho-a-un-sistema-mas-justo-y-equitativo\/","title":{"rendered":"Aut\u00f3nomos: por el derecho a un sistema m\u00e1s justo y equitativo"},"content":{"rendered":"<p data-start=\"0\" data-end=\"452\"><strong data-start=\"0\" data-end=\"124\">T<\/strong>rabajar por cuenta propia implica responsabilidad, riesgo y una dependencia directa tanto del negocio como de la salud. Cada d\u00eda, miles de personas levantan la persiana, gestionan su actividad y toman decisiones que afectan a su econom\u00eda y a la de sus familias. Es un colectivo que ejerce, al mismo tiempo, una funci\u00f3n laboral y empresarial. Por ello, su protecci\u00f3n social no es un lujo: es una necesidad esencial que debe adaptarse a su realidad.<\/p>\n<p data-start=\"454\" data-end=\"926\">La reforma del RETA de 2023 represent\u00f3 un primer paso, con avances en la cotizaci\u00f3n por tramos, pero queda mucho trabajo por hacer. <strong>Es necesario un sistema coherente que permita a las personas trabajadoras aut\u00f3nomas cotizar seg\u00fan la evoluci\u00f3n de su actividad<\/strong>, dentro de l\u00edmites asumibles para el negocio y con unas prestaciones que garanticen una protecci\u00f3n real ante enfermedades, accidentes, cese de actividad y situaciones familiares como la maternidad o la paternidad.<\/p>\n<p data-start=\"928\" data-end=\"1566\">La fiscalidad tambi\u00e9n debe ser coherente y equitativa. Es necesario <strong>garantizar una relaci\u00f3n clara entre los ingresos y la deducibilidad de los gastos vinculados al negocio<\/strong>, reconociendo que existen gastos que pueden tener una afectaci\u00f3n empresarial y, simult\u00e1neamente, personal, sin que ello deba excluir autom\u00e1ticamente su deducci\u00f3n. Si queremos negocios que prosperen y tengan continuidad, es imprescindible permitir que generen rendimiento y que puedan invertir. Esto resulta dif\u00edcil en el marco del IRPF, donde una escala creciente se vuelve especialmente gravosa justo cuando ocurre aquello que perseguimos: que el negocio vaya bien.<\/p>\n<p data-start=\"1568\" data-end=\"2062\">A pesar de los esfuerzos realizados, el sistema actual no responde adecuadamente a las necesidades del trabajo por cuenta propia. Es una pieza clave del tejido empresarial del pa\u00eds, pero sigue sin disponer de una protecci\u00f3n social alineada con la responsabilidad y la contribuci\u00f3n que asume. La rigidez del modelo y la dificultad de acceso a prestaciones como el desempleo o las bajas evidencian que todav\u00eda existe un importante desequilibrio entre lo que se cotiza y lo que se recibe a cambio.<\/p>\n<p data-start=\"2064\" data-end=\"2786\">Los datos muestran que <strong>la mayor\u00eda de los aut\u00f3nomos cotiza entre la base m\u00ednima y los 1.426 \u20ac<\/strong>, y que todav\u00eda son muchos los que optan por la m\u00ednima. Las prestaciones siguen siendo insuficientes. El desempleo y las bajas por enfermedad son un ejemplo claro: <strong>muchas solicitudes de paro son rechazadas por la dificultad de acreditar la involuntariedad del cierre<\/strong>. Por otra parte, cuando un aut\u00f3nomo necesita una baja, esta resulta m\u00e1s costosa porque durante los dos primeros meses debe seguir pagando la cuota \u00edntegra. A esta falta de coherencia se suma la creciente presi\u00f3n fiscal, con un IRPF que penaliza precisamente cuando el negocio empieza a progresar y que dificulta generar ahorro, invertir y consolidar la actividad.<\/p>\n<p data-start=\"2788\" data-end=\"3235\">Por ello r<strong>eclamamos un debate amplio y transparente sobre el r\u00e9gimen de aut\u00f3nomos<\/strong>, centrado en las personas, con progresividad en los cambios y con medidas que garanticen protecci\u00f3n ante la enfermedad, el cese de actividad, la conciliaci\u00f3n y la jubilaci\u00f3n. Y una revisi\u00f3n del marco fiscal para que sea coherente con la realidad del aut\u00f3nomo, permita deducir los gastos vinculados a la actividad y promueva el ahorro, la inversi\u00f3n y el crecimiento.<\/p>\n<p data-start=\"3237\" data-end=\"3522\">Trabajar por cuenta propia debe ser sin\u00f3nimo de dignidad, seguridad y oportunidades reales para prosperar. En conclusi\u00f3n, <strong>es necesario un modelo coherente y equitativo para todas las personas trabajadoras aut\u00f3nomas<\/strong>, con una protecci\u00f3n social y fiscal adecuada y adaptada a su realidad.<\/p>\n<p style=\"text-align: center;\" data-start=\"3524\" data-end=\"3572\" data-is-last-node=\"\" data-is-only-node=\"\"><em>Elisabet Bach, presidenta de Pimec Aut\u00f3nomos<\/em><\/p>\n","protected":false},"excerpt":{"rendered":"<p>Trabajar por cuenta propia implica responsabilidad, riesgo y una dependencia directa tanto del negocio como de la salud. Cada d\u00eda, miles de personas levantan la persiana, gestionan su actividad y toman decisiones que afectan a su econom\u00eda y a la de sus familias. Es un colectivo que ejerce, al mismo tiempo, una funci\u00f3n laboral y empresarial. Por ello, su protecci\u00f3n social no es un lujo: es una necesidad esencial que debe adaptarse a su realidad. La reforma del RETA de 2023 represent\u00f3 un primer paso, con avances en la cotizaci\u00f3n por tramos, pero queda mucho trabajo por hacer. Es necesario<\/p>\n","protected":false},"author":105,"featured_media":29047,"comment_status":"open","ping_status":"closed","sticky":false,"template":"","format":"standard","meta":[],"categories":[770],"tags":[982],"_links":{"self":[{"href":"https:\/\/www.pimealdia.org\/es\/wp-json\/wp\/v2\/posts\/31774"}],"collection":[{"href":"https:\/\/www.pimealdia.org\/es\/wp-json\/wp\/v2\/posts"}],"about":[{"href":"https:\/\/www.pimealdia.org\/es\/wp-json\/wp\/v2\/types\/post"}],"author":[{"embeddable":true,"href":"https:\/\/www.pimealdia.org\/es\/wp-json\/wp\/v2\/users\/105"}],"replies":[{"embeddable":true,"href":"https:\/\/www.pimealdia.org\/es\/wp-json\/wp\/v2\/comments?post=31774"}],"version-history":[{"count":4,"href":"https:\/\/www.pimealdia.org\/es\/wp-json\/wp\/v2\/posts\/31774\/revisions"}],"predecessor-version":[{"id":31782,"href":"https:\/\/www.pimealdia.org\/es\/wp-json\/wp\/v2\/posts\/31774\/revisions\/31782"}],"wp:featuredmedia":[{"embeddable":true,"href":"https:\/\/www.pimealdia.org\/es\/wp-json\/wp\/v2\/media\/29047"}],"wp:attachment":[{"href":"https:\/\/www.pimealdia.org\/es\/wp-json\/wp\/v2\/media?parent=31774"}],"wp:term":[{"taxonomy":"category","embeddable":true,"href":"https:\/\/www.pimealdia.org\/es\/wp-json\/wp\/v2\/categories?post=31774"},{"taxonomy":"post_tag","embeddable":true,"href":"https:\/\/www.pimealdia.org\/es\/wp-json\/wp\/v2\/tags?post=31774"}],"curies":[{"name":"wp","href":"https:\/\/api.w.org\/{rel}","templated":true}]}}