{"id":31818,"date":"2025-12-10T12:03:55","date_gmt":"2025-12-10T10:03:55","guid":{"rendered":"https:\/\/www.pimealdia.org\/?p=31818"},"modified":"2026-01-12T17:10:21","modified_gmt":"2026-01-12T15:10:21","slug":"la-energia-como-herramienta-transformadora","status":"publish","type":"post","link":"https:\/\/www.pimealdia.org\/es\/la-energia-como-herramienta-transformadora\/","title":{"rendered":"La energ\u00eda como herramienta transformadora"},"content":{"rendered":"<p data-start=\"48\" data-end=\"543\"><em>Con el objetivo de generar debate y aportar propuestas concretas sobre uno de los grandes desaf\u00edos del tejido productivo, Pimec y The New Barcelona Post celebraron la tercera y \u00faltima sesi\u00f3n del ciclo Eixample Talks, bajo el t\u00edtulo \u00ab<strong>El reto energ\u00e9tico para ser m\u00e1s competitivos<\/strong>\u00bb. El encuentro reuni\u00f3 a representantes del sector p\u00fablico y privado para analizar c\u00f3mo la transici\u00f3n energ\u00e9tica puede convertirse en una palanca de competitividad para las empresas y para el conjunto del territorio.<\/em><\/p>\n<p data-start=\"545\" data-end=\"1029\">El director general de <strong>L\u2019Energ\u00e8tica, Daniel P\u00e9rez<\/strong>, ofreci\u00f3 una radiograf\u00eda clara del estado de la transici\u00f3n energ\u00e9tica en Catalu\u00f1a. \u00abEstamos mejorando, pero a\u00fan muy lejos de los objetivos\u00bb, advirti\u00f3. De cara a 2030, Catalu\u00f1a deber\u00eda alcanzar una capacidad instalada de <strong>12.000 megavatios renovables<\/strong>, mientras que actualmente se sit\u00faa en torno a los <strong>2.700<\/strong>. En comparaci\u00f3n, Espa\u00f1a ya genera cerca del<strong> 56-57 %<\/strong> de su electricidad con renovables, mientras que Catalu\u00f1a se queda en un <strong>20 %<\/strong>.<\/p>\n<p data-start=\"1031\" data-end=\"1513\">Aun as\u00ed, P\u00e9rez destac\u00f3 que el sistema se encuentra en un punto de inflexi\u00f3n: \u00abEl pr\u00f3ximo a\u00f1o m\u00e1s que duplicaremos la capacidad instalada\u00bb. Proyectos como el parque solar de Alcarr\u00e0s, con <strong>300 megavatios<\/strong>, ejemplifican este impulso. Pese a este crecimiento, alert\u00f3 de uno de los principales frenos: la judicializaci\u00f3n de los proyectos. \u00abSi cada parque acaba en los tribunales y acumula retrasos de tres a\u00f1os, no llegaremos a los objetivos. Hace falta m\u00e1s aceptaci\u00f3n social y agilidad\u00bb.<\/p>\n<p data-start=\"1515\" data-end=\"1834\">El CEO de <strong>Factor Energia, Emili Rousaud<\/strong>, coincidi\u00f3 plenamente en el diagn\u00f3stico y puso el foco en la competitividad empresarial. \u00abLa ca\u00edda del coste de inversi\u00f3n ha sido tan acusada que hoy las renovables son la energ\u00eda m\u00e1s econ\u00f3mica que podemos tener, adem\u00e1s de ser la mejor desde el punto de vista ambiental\u00bb, afirm\u00f3.<\/p>\n<p data-start=\"1836\" data-end=\"2206\">Rousaud destac\u00f3 que Espa\u00f1a es una potencia en energ\u00eda renovable y que esto supone una ventaja competitiva clave para las empresas. \u00abEl precio de la energ\u00eda en horas solares, que coinciden con la actividad productiva, es mucho m\u00e1s competitivo que en otros pa\u00edses de la Uni\u00f3n Europea. Apostar por renovables es apostar por la competitividad de nuestro tejido empresarial\u00bb.<\/p>\n<p data-start=\"2208\" data-end=\"2538\">Desde el punto de vista de las infraestructuras, <strong>Jordi Vila<\/strong>, jefe de Medio Ambiente del <strong>Puerto de Barcelona<\/strong>, puso el acento en el papel del transporte en la transici\u00f3n energ\u00e9tica. \u00abEl transporte representa cerca del 25 % de las emisiones de la Uni\u00f3n Europea, y el mar\u00edtimo supone aproximadamente un 3 % a escala mundial\u00bb, explic\u00f3.<\/p>\n<p data-start=\"2540\" data-end=\"2938\">Seg\u00fan Vila, el gran reto del transporte mar\u00edtimo es la sustituci\u00f3n de los combustibles f\u00f3siles. La descarbonizaci\u00f3n total pasa por decisiones globales, lideradas por la Organizaci\u00f3n Mar\u00edtima Internacional, que fija <strong>2050<\/strong> como horizonte de neutralidad clim\u00e1tica. \u00abEl proceso ser\u00e1 progresivo: primero gas natural, despu\u00e9s biocombustibles y, m\u00e1s adelante, combustibles basados en el hidr\u00f3geno\u00bb, apunt\u00f3.<\/p>\n<p data-start=\"2940\" data-end=\"2977\"><strong>Proyectos y actuaciones en marcha<\/strong><\/p>\n<p data-start=\"2979\" data-end=\"3489\">Los ponentes detallaron las iniciativas que est\u00e1n impulsando desde sus organizaciones. Daniel P\u00e9rez explic\u00f3 que la misi\u00f3n de L\u2019Energ\u00e8tica es que la Generalitat \u00ablevante la persiana cada d\u00eda sin emitir CO?\u00bb. Esto implica desarrollar parques e\u00f3licos, solares e hidroel\u00e9ctricos, sistemas de almacenamiento con bater\u00edas e impulsar la infraestructura de recarga para el veh\u00edculo el\u00e9ctrico. \u00abNo es aceptable que los edificios p\u00fablicos sigan funcionando con calderas de gas. Debemos predicar con el ejemplo\u00bb, remarc\u00f3.<\/p>\n<p data-start=\"3491\" data-end=\"3780\">Por su parte, Emili Rousaud destac\u00f3 la apuesta de Factor Energia por la <strong>electrificaci\u00f3n de la climatizaci\u00f3n<\/strong>, la instalaci\u00f3n de <strong>cargadores dom\u00e9sticos<\/strong> para el veh\u00edculo el\u00e9ctrico y el desarrollo de <strong>tarifas flexibles<\/strong> que permitan gestionar mejor la demanda en un futuro cada vez m\u00e1s el\u00e9ctrico.<\/p>\n<p data-start=\"3782\" data-end=\"4255\">Desde el Puerto de Barcelona, Jordi Vila detall\u00f3 un consumo energ\u00e9tico anual de unos <strong>1.700 GWh<\/strong>, gran parte de los cuales corresponden a los barcos atracados. Entre los proyectos estrat\u00e9gicos destaca<strong> Nexigen<\/strong>, una infraestructura el\u00e9ctrica de <strong>200 millones de euros<\/strong> para conectar los buques a la red y eliminar emisiones mientras est\u00e1n en el puerto. Adem\u00e1s, el puerto cuenta con un potencial fotovoltaico de hasta <strong>80-90 MWp,<\/strong> que podr\u00eda cubrir hasta el <strong>35 %<\/strong> del consumo actual.<\/p>\n<p data-start=\"4257\" data-end=\"4292\"><strong>La colaboraci\u00f3n p\u00fablico-privada<\/strong><\/p>\n<p data-start=\"4294\" data-end=\"4793\">La jornada concluy\u00f3 con un amplio consenso sobre la necesidad de reforzar la colaboraci\u00f3n p\u00fablico-privada. \u00abEs la mejor manera de sacar adelante proyectos complejos\u00bb, defendi\u00f3 Rousaud, destacando experiencias como el Port Innovation Hub. Daniel P\u00e9rez record\u00f3 que el despliegue renovable requiere combinar autoconsumo y grandes instalaciones sobre el terreno, mientras que Jordi Vila subray\u00f3 que la actividad portuaria es, por definici\u00f3n, un ecosistema de colaboraci\u00f3n entre administraci\u00f3n y empresa.<\/p>\n<p data-start=\"4795\" data-end=\"5096\">En definitiva, la tercera sesi\u00f3n de Eixample Talks evidenci\u00f3 que la transici\u00f3n energ\u00e9tica no es solo una obligaci\u00f3n ambiental, sino una <strong>oportunidad estrat\u00e9gica<\/strong> para reforzar la competitividad de las pymes, modernizar infraestructuras y garantizar un crecimiento econ\u00f3mico m\u00e1s sostenible para Catalu\u00f1a.<\/p>\n<p style=\"text-align: center;\" data-start=\"5098\" data-end=\"5150\" data-is-last-node=\"\" data-is-only-node=\"\"><em>Nat\u00e0lia Balart, t\u00e9cnica de comunicaci\u00f3n de Pimec<\/em><\/p>\n","protected":false},"excerpt":{"rendered":"<p>Con el objetivo de generar debate y aportar propuestas concretas sobre uno de los grandes desaf\u00edos del tejido productivo, Pimec y The New Barcelona Post celebraron la tercera y \u00faltima sesi\u00f3n del ciclo Eixample Talks, bajo el t\u00edtulo \u00abEl reto energ\u00e9tico para ser m\u00e1s competitivos\u00bb. El encuentro reuni\u00f3 a representantes del sector p\u00fablico y privado para analizar c\u00f3mo la transici\u00f3n energ\u00e9tica puede convertirse en una palanca de competitividad para las empresas y para el conjunto del territorio. El director general de L\u2019Energ\u00e8tica, Daniel P\u00e9rez, ofreci\u00f3 una radiograf\u00eda clara del estado de la transici\u00f3n energ\u00e9tica en Catalu\u00f1a. \u00abEstamos mejorando, pero a\u00fan<\/p>\n","protected":false},"author":237,"featured_media":31816,"comment_status":"open","ping_status":"closed","sticky":false,"template":"","format":"standard","meta":[],"categories":[342],"tags":[2547],"_links":{"self":[{"href":"https:\/\/www.pimealdia.org\/es\/wp-json\/wp\/v2\/posts\/31818"}],"collection":[{"href":"https:\/\/www.pimealdia.org\/es\/wp-json\/wp\/v2\/posts"}],"about":[{"href":"https:\/\/www.pimealdia.org\/es\/wp-json\/wp\/v2\/types\/post"}],"author":[{"embeddable":true,"href":"https:\/\/www.pimealdia.org\/es\/wp-json\/wp\/v2\/users\/237"}],"replies":[{"embeddable":true,"href":"https:\/\/www.pimealdia.org\/es\/wp-json\/wp\/v2\/comments?post=31818"}],"version-history":[{"count":1,"href":"https:\/\/www.pimealdia.org\/es\/wp-json\/wp\/v2\/posts\/31818\/revisions"}],"predecessor-version":[{"id":31819,"href":"https:\/\/www.pimealdia.org\/es\/wp-json\/wp\/v2\/posts\/31818\/revisions\/31819"}],"wp:featuredmedia":[{"embeddable":true,"href":"https:\/\/www.pimealdia.org\/es\/wp-json\/wp\/v2\/media\/31816"}],"wp:attachment":[{"href":"https:\/\/www.pimealdia.org\/es\/wp-json\/wp\/v2\/media?parent=31818"}],"wp:term":[{"taxonomy":"category","embeddable":true,"href":"https:\/\/www.pimealdia.org\/es\/wp-json\/wp\/v2\/categories?post=31818"},{"taxonomy":"post_tag","embeddable":true,"href":"https:\/\/www.pimealdia.org\/es\/wp-json\/wp\/v2\/tags?post=31818"}],"curies":[{"name":"wp","href":"https:\/\/api.w.org\/{rel}","templated":true}]}}