{"id":31884,"date":"2026-02-03T14:22:14","date_gmt":"2026-02-03T12:22:14","guid":{"rendered":"https:\/\/www.pimealdia.org\/?p=31884"},"modified":"2026-02-03T16:56:43","modified_gmt":"2026-02-03T14:56:43","slug":"la-ia-como-motor-de-transformacion-para-la-salud-y-los-servicios-sociales","status":"publish","type":"post","link":"https:\/\/www.pimealdia.org\/es\/la-ia-como-motor-de-transformacion-para-la-salud-y-los-servicios-sociales\/","title":{"rendered":"La IA, como motor de transformaci\u00f3n para la salud y los servicios sociales"},"content":{"rendered":"<p>La <strong>inteligencia artificial (IA)<\/strong> avanza a un ritmo acelerado y ya est\u00e1 generando un debate profundo sobre el presente y el futuro del trabajo y de todas las profesiones. En el sector salud y social, este impacto es especialmente relevante, tanto por las oportunidades que ofrece para mejorar procesos, diagn\u00f3sticos y servicios, como por los retos que plantea, especialmente en \u00e1mbitos como la \u00e9tica, la inclusi\u00f3n y la interoperabilidad de datos.<\/p>\n<p>Conscientes de este contexto de transformaci\u00f3n, Pimec organiz\u00f3 el <strong>primer plenario de la sectorial Salud y Social<\/strong>, con el objetivo de analizar c\u00f3mo aplicar la IA de manera responsable, eficiente y orientada a las personas. La jornada reuni\u00f3 a profesionales del sector, expertos tecnol\u00f3gicos y representantes institucionales para compartir experiencias, visiones y casos de uso reales.<\/p>\n<p>Durante el encuentro se presentaron <strong>aplicaciones concretas de la IA<\/strong> ya en funcionamiento en el \u00e1mbito <strong>sanitario y social<\/strong>, poniendo el foco en su impacto pr\u00e1ctico en el d\u00eda a d\u00eda de las organizaciones:<\/p>\n<ul>\n<li>Apoyo al diagn\u00f3stico por la imagen.<\/li>\n<li>Optimizaci\u00f3n de flujos asistenciales.<\/li>\n<li>Gesti\u00f3n y explotaci\u00f3n de datos cl\u00ednicos.<\/li>\n<li>Integraci\u00f3n de diferentes soluciones tecnol\u00f3gicas para mejorar la eficiencia de los servicios.<\/li>\n<\/ul>\n<p>Uno de los puntos clave del debate fue la necesidad de que la IA se implante sobre <strong>sistemas interoperables<\/strong>, capaces de intercambiar datos de manera segura, fluida y unificada entre los diferentes agentes del sistema. Sin esta base, se remarc\u00f3 que es dif\u00edcil que la tecnolog\u00eda genere un impacto real y sostenible.<\/p>\n<p>Tambi\u00e9n se puso el acento en la importancia de una <strong>adopci\u00f3n responsable de la IA<\/strong>, con criterios de transparencia, marcos de gobernanza s\u00f3lidos y formaci\u00f3n espec\u00edfica para los profesionales. El objetivo es evitar riesgos, garantizar la equidad y asegurar que la tecnolog\u00eda est\u00e9 siempre al servicio de la mejora de la atenci\u00f3n y del bienestar de las personas.<\/p>\n<p>El debate evidenci\u00f3 que el futuro del sector pasa por la <strong>cocreaci\u00f3n y la colaboraci\u00f3n<\/strong> entre administraci\u00f3n, empresas y profesionales, impulsando proyectos que den respuesta a necesidades reales y no s\u00f3lo a retos tecnol\u00f3gicos.<\/p>\n<p>La jornada dej\u00f3 claro que la IA puede ser un <strong>motor de transformaci\u00f3n<\/strong> para la salud y los servicios sociales, pero s\u00f3lo si se aplica con criterio, colaboraci\u00f3n y un fuerte enfoque humano y \u00e9tico. Espacios como este plenario permiten analizar tendencias, compartir experiencias y explorar oportunidades de colaboraci\u00f3n, reforzando la visi\u00f3n de Pimec de preparar el sector para un futuro digital, sostenible y centrado en las personas.<\/p>\n<p style=\"text-align: center;\"><em>M. \u00c0ngels Ben\u00edtez, responsable de pol\u00edticas sociales y de inclusi\u00f3n laboral y coordinadora de Pimec Salud y Social<\/em><\/p>\n","protected":false},"excerpt":{"rendered":"<p>La inteligencia artificial (IA) avanza a un ritmo acelerado y ya est\u00e1 generando un debate profundo sobre el presente y el futuro del trabajo y de todas las profesiones. En el sector salud y social, este impacto es especialmente relevante, tanto por las oportunidades que ofrece para mejorar procesos, diagn\u00f3sticos y servicios, como por los retos que plantea, especialmente en \u00e1mbitos como la \u00e9tica, la inclusi\u00f3n y la interoperabilidad de datos. Conscientes de este contexto de transformaci\u00f3n, Pimec organiz\u00f3 el primer plenario de la sectorial Salud y Social, con el objetivo de analizar c\u00f3mo aplicar la IA de manera responsable,<\/p>\n","protected":false},"author":175,"featured_media":31890,"comment_status":"open","ping_status":"closed","sticky":false,"template":"","format":"standard","meta":[],"categories":[332],"tags":[1349,2560],"_links":{"self":[{"href":"https:\/\/www.pimealdia.org\/es\/wp-json\/wp\/v2\/posts\/31884"}],"collection":[{"href":"https:\/\/www.pimealdia.org\/es\/wp-json\/wp\/v2\/posts"}],"about":[{"href":"https:\/\/www.pimealdia.org\/es\/wp-json\/wp\/v2\/types\/post"}],"author":[{"embeddable":true,"href":"https:\/\/www.pimealdia.org\/es\/wp-json\/wp\/v2\/users\/175"}],"replies":[{"embeddable":true,"href":"https:\/\/www.pimealdia.org\/es\/wp-json\/wp\/v2\/comments?post=31884"}],"version-history":[{"count":4,"href":"https:\/\/www.pimealdia.org\/es\/wp-json\/wp\/v2\/posts\/31884\/revisions"}],"predecessor-version":[{"id":31893,"href":"https:\/\/www.pimealdia.org\/es\/wp-json\/wp\/v2\/posts\/31884\/revisions\/31893"}],"wp:featuredmedia":[{"embeddable":true,"href":"https:\/\/www.pimealdia.org\/es\/wp-json\/wp\/v2\/media\/31890"}],"wp:attachment":[{"href":"https:\/\/www.pimealdia.org\/es\/wp-json\/wp\/v2\/media?parent=31884"}],"wp:term":[{"taxonomy":"category","embeddable":true,"href":"https:\/\/www.pimealdia.org\/es\/wp-json\/wp\/v2\/categories?post=31884"},{"taxonomy":"post_tag","embeddable":true,"href":"https:\/\/www.pimealdia.org\/es\/wp-json\/wp\/v2\/tags?post=31884"}],"curies":[{"name":"wp","href":"https:\/\/api.w.org\/{rel}","templated":true}]}}