{"id":31920,"date":"2026-02-13T11:29:18","date_gmt":"2026-02-13T09:29:18","guid":{"rendered":"https:\/\/www.pimealdia.org\/?p=31920"},"modified":"2026-02-13T11:29:18","modified_gmt":"2026-02-13T09:29:18","slug":"crecer-en-un-entorno-incierto-el-reto-de-las-pymes-en-2026","status":"publish","type":"post","link":"https:\/\/www.pimealdia.org\/es\/crecer-en-un-entorno-incierto-el-reto-de-las-pymes-en-2026\/","title":{"rendered":"Crecer en un entorno incierto: el reto de las pymes en 2026"},"content":{"rendered":"<p>El 2026 no apunta a una recesi\u00f3n, pero tampoco ser\u00e1 un a\u00f1o tranquilo. Las previsiones indican que <strong>la econom\u00eda seguir\u00e1 creciendo<\/strong>, y que Espa\u00f1a y Catalu\u00f1a lo har\u00e1n por <strong>encima<\/strong> de la <strong>media europea<\/strong>. Ahora bien, este crecimiento convivir\u00e1 con un nivel <strong>de incertidumbre<\/strong> elevado que afecta directamente a la confianza y a la capacidad de planificaci\u00f3n de las pymes.<\/p>\n<p>La inestabilidad geopol\u00edtica, las tensiones comerciales y el uso creciente del comercio y de la tecnolog\u00eda como instrumentos de presi\u00f3n internacional forman parte del nuevo escenario econ\u00f3mico. Esto genera volatilidad, complica las decisiones de inversi\u00f3n y tensiona las cadenas de suministro. En un contexto as\u00ed, las empresas necesitan <strong>m\u00e1s previsibilidad para poder crecer con seguridad<\/strong>.<\/p>\n<p>A pesar de este entorno complejo, <strong>la econom\u00eda catalana mantiene un crecimiento moderado, sostenido principalmente por la demanda interna y el buen comportamiento del mercado laboral<\/strong>. Pero la realidad no es igual para todos. Las empresas medianas afrontan 2026 con perspectivas relativamente positivas, mientras que muchas microempresas contin\u00faan m\u00e1s expuestas a la debilidad de la demanda, a las tensiones de tesorer\u00eda y a la presi\u00f3n sobre los m\u00e1rgenes.<\/p>\n<p>La <strong>inversi\u00f3n <\/strong>y la creaci\u00f3n<strong> de empleo avanzan<\/strong>, pero de manera<strong> desigual<\/strong>. Las empresas con m\u00e1s dimensi\u00f3n son las que muestran m\u00e1s capacidad para invertir en activos productivos y ampliar plantilla. Esta diferencia puede frenar la modernizaci\u00f3n del conjunto del tejido empresarial si no se crean las condiciones para que todas las pymes puedan dar el paso.<\/p>\n<p>La <strong>financiaci\u00f3n <\/strong>sigue siendo<strong> un elemento clave<\/strong>. A pesar de una cierta estabilidad, una parte significativa de las pymes no percibe mejoras claras en el acceso al cr\u00e9dito. A esto se suma el aumento de los costes de los proveedores y la dificultad de trasladarlos \u00edntegramente a los precios finales, lo que mantiene la presi\u00f3n sobre los m\u00e1rgenes.<\/p>\n<p>Al mismo tiempo, la <strong>digitalizaci\u00f3n<\/strong> y la inteligencia artificial avanzan con fuerza. Cada vez m\u00e1s empresas apuestan por ganar eficiencia y competitividad. Pero <strong>la adopci\u00f3n es desigual<\/strong>, y hay que reforzar la capacitaci\u00f3n y el acompa\u00f1amiento para que ninguna empresa quede atr\u00e1s.<\/p>\n<p>En <strong>2026 exigir\u00e1 prudencia<\/strong>, pero tambi\u00e9n <strong>determinaci\u00f3n<\/strong>. Es necesario un entorno regulatorio, fiscal y financiero que facilite el crecimiento empresarial, reduzca trabas y permita a las pymes ganar dimensi\u00f3n, productividad y resiliencia. Sin pymes m\u00e1s fuertes, no habr\u00e1 un crecimiento s\u00f3lido y sostenible.<\/p>\n<p style=\"text-align: center;\"><em>Oriol Amat, presidente del Observatorio de la Pyme de Catalu\u00f1a<\/em><\/p>\n","protected":false},"excerpt":{"rendered":"<p>El 2026 no apunta a una recesi\u00f3n, pero tampoco ser\u00e1 un a\u00f1o tranquilo. Las previsiones indican que la econom\u00eda seguir\u00e1 creciendo, y que Espa\u00f1a y Catalu\u00f1a lo har\u00e1n por encima de la media europea. Ahora bien, este crecimiento convivir\u00e1 con un nivel de incertidumbre elevado que afecta directamente a la confianza y a la capacidad de planificaci\u00f3n de las pymes. La inestabilidad geopol\u00edtica, las tensiones comerciales y el uso creciente del comercio y de la tecnolog\u00eda como instrumentos de presi\u00f3n internacional forman parte del nuevo escenario econ\u00f3mico. Esto genera volatilidad, complica las decisiones de inversi\u00f3n y tensiona las cadenas de<\/p>\n","protected":false},"author":217,"featured_media":30531,"comment_status":"open","ping_status":"closed","sticky":false,"template":"","format":"standard","meta":[],"categories":[770],"tags":[2563],"_links":{"self":[{"href":"https:\/\/www.pimealdia.org\/es\/wp-json\/wp\/v2\/posts\/31920"}],"collection":[{"href":"https:\/\/www.pimealdia.org\/es\/wp-json\/wp\/v2\/posts"}],"about":[{"href":"https:\/\/www.pimealdia.org\/es\/wp-json\/wp\/v2\/types\/post"}],"author":[{"embeddable":true,"href":"https:\/\/www.pimealdia.org\/es\/wp-json\/wp\/v2\/users\/217"}],"replies":[{"embeddable":true,"href":"https:\/\/www.pimealdia.org\/es\/wp-json\/wp\/v2\/comments?post=31920"}],"version-history":[{"count":1,"href":"https:\/\/www.pimealdia.org\/es\/wp-json\/wp\/v2\/posts\/31920\/revisions"}],"predecessor-version":[{"id":31921,"href":"https:\/\/www.pimealdia.org\/es\/wp-json\/wp\/v2\/posts\/31920\/revisions\/31921"}],"wp:featuredmedia":[{"embeddable":true,"href":"https:\/\/www.pimealdia.org\/es\/wp-json\/wp\/v2\/media\/30531"}],"wp:attachment":[{"href":"https:\/\/www.pimealdia.org\/es\/wp-json\/wp\/v2\/media?parent=31920"}],"wp:term":[{"taxonomy":"category","embeddable":true,"href":"https:\/\/www.pimealdia.org\/es\/wp-json\/wp\/v2\/categories?post=31920"},{"taxonomy":"post_tag","embeddable":true,"href":"https:\/\/www.pimealdia.org\/es\/wp-json\/wp\/v2\/tags?post=31920"}],"curies":[{"name":"wp","href":"https:\/\/api.w.org\/{rel}","templated":true}]}}