{"id":31994,"date":"2026-02-26T11:20:33","date_gmt":"2026-02-26T09:20:33","guid":{"rendered":"https:\/\/www.pimealdia.org\/?p=31994"},"modified":"2026-02-26T15:36:25","modified_gmt":"2026-02-26T13:36:25","slug":"cataluna-exporta-te-acompana-en-tu-salto-internacional","status":"publish","type":"post","link":"https:\/\/www.pimealdia.org\/es\/cataluna-exporta-te-acompana-en-tu-salto-internacional\/","title":{"rendered":"Catalu\u00f1a Exporta te acompa\u00f1a en tu salto internacional"},"content":{"rendered":"<p>Dar el paso hacia la exportaci\u00f3n a menudo es una decisi\u00f3n compleja para muchas pymes: falta de experiencia, desconocimiento de mercados, recursos limitados o incertidumbre ante los riesgos internacionales. Para dar respuesta a estos retos nace <span style=\"color: #000000;\"><strong><a style=\"color: #000000;\" href=\"https:\/\/www.accio.gencat.cat\/es\/serveis\/internacionalitzacio\/comencar-a-exportar\/iniciacio-exportacio\/index.html\">Catalunya Exporta<\/a><\/strong><\/span>, una iniciativa p\u00fablica-privada pensada para facilitar que las empresas catalanas empiecen a exportar y se conviertan en exportadoras regulares.<\/p>\n<p>El programa est\u00e1 impulsado por la <strong>Generalitat de Catalunya<\/strong> a trav\u00e9s de <strong>ACCI\u00d3<\/strong>, con la colaboraci\u00f3n de entidades empresariales como <strong>Pimec<\/strong> y otros agentes del tejido econ\u00f3mico. \u00c9ste, se enmarca dentro de la<strong> Estrategia de internacionalizaci\u00f3n de la econom\u00eda catalana 2026-2030<\/strong>, donde se definen <strong>los siguientes objetivos<\/strong> para <strong>2030<\/strong>:<\/p>\n<ol>\n<li><strong>2.000<\/strong> empresas que <strong>empiecen a exportar.<\/strong><\/li>\n<li>Llegar a <strong>19.000 empresas exportadoras regulares.<\/strong><\/li>\n<li>Llegar a <strong>5 pa\u00edses de media<\/strong> la <strong>diversificaci\u00f3n geogr\u00e1fica<\/strong> en los mercados de destino.<\/li>\n<li>Llegar a <strong>3.500 empresas<\/strong> con <strong>filiales<\/strong> en el exterior.<\/li>\n<li>Superar las<strong> 2.000 empresas<\/strong> que exporten m\u00e1s de <strong>5M\u20ac.<\/strong><\/li>\n<li><strong>Aumentar el valor a\u00f1adido<\/strong> de las exportaciones especialmente las exportaciones tecnol\u00f3gicas.<\/li>\n<\/ol>\n<p>En Catalu\u00f1a, las exportaciones representan una parte clave del <strong>PIB y del empleo<\/strong>, con miles de puestos de trabajo vinculados a empresas que act\u00faan fuera de nuestras fronteras. Para las pymes, entrar en este mundo con apoyo es fundamental para minimizar riesgos y aprovechar oportunidades ya que la exportaci\u00f3n no s\u00f3lo significa crecer, sino que permite <strong>diversificar riesgos<\/strong> y <strong>estabilizar ingresos, refuerza<\/strong> la <strong>competitividad<\/strong> ante mercados globales y <strong>facilita el acceso<\/strong> a tecnolog\u00edas y\u00a0 conocimientos internacionales.<\/p>\n<p>El programa combina <strong>capacitaci\u00f3n, elaboraci\u00f3n de una hoja de ruta y acompa\u00f1amiento durante los pr\u00f3ximos 3 a\u00f1os<\/strong>, con un enfoque pr\u00e1ctico y personalizado:<\/p>\n<ol>\n<li><strong>Capacitaci\u00f3n especializada <\/strong>en internacionalizaci\u00f3n.<\/li>\n<li>Evaluaci\u00f3n del punto de partida y<strong> potencial exportador <\/strong>individualizado por empresa.<\/li>\n<li>Definici\u00f3n de una<strong> hoja de ruta exportadora <\/strong>adaptada.<\/li>\n<li><strong>Acompa\u00f1amiento personalizado <\/strong>durante 3 a\u00f1os.<\/li>\n<li><strong>Orientaci\u00f3n <\/strong>en ayudas, servicios y herramientas disponibles que mejor se adapten al proyecto.<\/li>\n<\/ol>\n<p>En este contexto, <strong>Catalunya Exporta<\/strong> act\u00faa como instrumento operativo para transformar empresas que a\u00fan no exportan o lo hacen de manera espor\u00e1dica en exportadores regulares y competitivos. As\u00ed pues el programa busca:<\/p>\n<ul>\n<li><strong>Reducir barreras<\/strong> de entrada a los mercados internacionales.<\/li>\n<li><strong>Mejorar<\/strong> las <strong>capacidades internas<\/strong> de las empresas.<\/li>\n<li><strong>Minimizar riesgos<\/strong> en las primeras fases del proceso.<\/li>\n<li>Instruir la internacionalizaci\u00f3n como un <strong>vector de crecimiento<\/strong> empresarial.<\/li>\n<\/ul>\n<p>As\u00ed pues, se espera que para muchas peque\u00f1as y medianas empresas, internacionalizarse deje de ser solo una opci\u00f3n para pasar a ser una realidad y una <strong>palanca estable de competitividad y diversificaci\u00f3n de mercados<\/strong>.<\/p>\n<p style=\"text-align: center;\"><em>M\u00edriam Sabat\u00e9, directora del Departamento Internacional de Pimec<\/em><\/p>\n","protected":false},"excerpt":{"rendered":"<p>Dar el paso hacia la exportaci\u00f3n a menudo es una decisi\u00f3n compleja para muchas pymes: falta de experiencia, desconocimiento de mercados, recursos limitados o incertidumbre ante los riesgos internacionales. Para dar respuesta a estos retos nace Catalunya Exporta, una iniciativa p\u00fablica-privada pensada para facilitar que las empresas catalanas empiecen a exportar y se conviertan en exportadoras regulares. El programa est\u00e1 impulsado por la Generalitat de Catalunya a trav\u00e9s de ACCI\u00d3, con la colaboraci\u00f3n de entidades empresariales como Pimec y otros agentes del tejido econ\u00f3mico. \u00c9ste, se enmarca dentro de la Estrategia de internacionalizaci\u00f3n de la econom\u00eda catalana 2026-2030, donde se<\/p>\n","protected":false},"author":12,"featured_media":32008,"comment_status":"open","ping_status":"closed","sticky":false,"template":"","format":"standard","meta":[],"categories":[342],"tags":[2569],"_links":{"self":[{"href":"https:\/\/www.pimealdia.org\/es\/wp-json\/wp\/v2\/posts\/31994"}],"collection":[{"href":"https:\/\/www.pimealdia.org\/es\/wp-json\/wp\/v2\/posts"}],"about":[{"href":"https:\/\/www.pimealdia.org\/es\/wp-json\/wp\/v2\/types\/post"}],"author":[{"embeddable":true,"href":"https:\/\/www.pimealdia.org\/es\/wp-json\/wp\/v2\/users\/12"}],"replies":[{"embeddable":true,"href":"https:\/\/www.pimealdia.org\/es\/wp-json\/wp\/v2\/comments?post=31994"}],"version-history":[{"count":6,"href":"https:\/\/www.pimealdia.org\/es\/wp-json\/wp\/v2\/posts\/31994\/revisions"}],"predecessor-version":[{"id":32010,"href":"https:\/\/www.pimealdia.org\/es\/wp-json\/wp\/v2\/posts\/31994\/revisions\/32010"}],"wp:featuredmedia":[{"embeddable":true,"href":"https:\/\/www.pimealdia.org\/es\/wp-json\/wp\/v2\/media\/32008"}],"wp:attachment":[{"href":"https:\/\/www.pimealdia.org\/es\/wp-json\/wp\/v2\/media?parent=31994"}],"wp:term":[{"taxonomy":"category","embeddable":true,"href":"https:\/\/www.pimealdia.org\/es\/wp-json\/wp\/v2\/categories?post=31994"},{"taxonomy":"post_tag","embeddable":true,"href":"https:\/\/www.pimealdia.org\/es\/wp-json\/wp\/v2\/tags?post=31994"}],"curies":[{"name":"wp","href":"https:\/\/api.w.org\/{rel}","templated":true}]}}