{"id":32045,"date":"2026-03-08T08:00:04","date_gmt":"2026-03-08T06:00:04","guid":{"rendered":"https:\/\/www.pimealdia.org\/?p=32045"},"modified":"2026-03-06T13:24:24","modified_gmt":"2026-03-06T11:24:24","slug":"8m-faltan-las-palabras","status":"publish","type":"post","link":"https:\/\/www.pimealdia.org\/es\/8m-faltan-las-palabras\/","title":{"rendered":"8M: Faltan las palabras"},"content":{"rendered":"<p style=\"text-align: right;\">&#8220;<em>No olvid\u00e9is nunca que bastar\u00e1 una crisis pol\u00edtica, econ\u00f3mica o religiosa para que los derechos de las mujeres se cuestionen. Estos derechos nunca son adquiridos. Tendr\u00e9is que permanecer alerta durante toda vuestra vida<\/em>.&#8221;<\/p>\n<p style=\"text-align: right;\"><strong>Simone de Beauvoir<\/strong>, <u>El segundo sexo<\/u>, 1949.<\/p>\n<p>Retomo la misma cita de Simone de Beauvoir que encabezaba el art\u00edculo que, hace cuatro a\u00f1os, escrib\u00eda para el 8M, lamentando su vigencia.<\/p>\n<p>Lo cierto es que me faltan las palabras. En este momento hist\u00f3rico en el que las certezas ya hace tiempo que han saltado por los aires, y aut\u00e9nticos <em>bullies<\/em> al frente de gobiernos poderosos obvian el orden internacional, las instituciones y las normas democr\u00e1ticas que tanto nos hab\u00eda costado construir juntos observamos, como siempre, que las diferentes crisis que nos rodean impactan grav\u00edsimamente en mujeres, ni\u00f1as y ni\u00f1os mientras se les da escaso \u2013 si no nulo \u2013 margen para participar en las decisiones que les afectan.<\/p>\n<p>Permanecemos vigilantes, mientras resuenan con demasiada fuerza todav\u00eda los titulares aberrantes que se han ido sucediendo \u00faltimamente. Se hace imposible no conectar las bombas tiradas sobre Teher\u00e1n con las peligrosas derives que los archivos Epstein recientemente desclasificados (parcialmente \u2013 de forma intencionada-, tambi\u00e9n) tienen para los poderosos. Bombas que generan el humo que tapa el vomitivo funcionamiento de determinados engranajes de poder, c\u00f3mplices del m\u00e1s miserable de los abusos.<\/p>\n<p>En este contexto, desde la <strong>Comisi\u00f3n Mujer y Empresa<\/strong> nos hemos propuesto trabajar para fomentar el liderazgo consciente en las pymes, que es nuestro entorno de acci\u00f3n inmediato, convencidas de que generar modelos empresariales sanos que prioricen la toma de decisiones desde la escuela activa, la mirada hol\u00edstica y la participaci\u00f3n de todos es la v\u00eda para generar empresas s\u00f3lidas,\u00a0 productivas y rentables que sean a la vez modelo del tipo de funcionamiento que ambicionamos para la sociedad en la que nos insertamos y las instituciones que nos gobiernan.<\/p>\n<p>Seguramente es un trabajo a medio y largo plazo, pero estamos determinadas a llevarla a cabo. Porque la sociedad que queremos se construye haciendo las apuestas necesarias, las quedonan de sentido al sistema y que muestran a todos que somos muchas m\u00e1s las personas que aplicamos la justicia, queremos la paz, trabajamos desde el esp\u00edritu constructivo, y dotemos a nuestro trabajo de sentido y prop\u00f3sito, que el resto. Y que no estamos solas, que nos acompa\u00f1amos, y que, juntas, permanecemos vigilantes.<\/p>\n<p>D\u00e9jenme acabar con <strong>Eleanor Roosevelt<\/strong>, presidenta de la Comisi\u00f3n de Derechos Humanos de Naciones Unidas que redact\u00f3 e impuls\u00f3 la aprobaci\u00f3n de la Declaraci\u00f3n Universal de los Derechos Humanos en 1948, la s\u00edntesis del m\u00ednimo denominador com\u00fan de la Humanidad, base y garant\u00eda de un mundo sin guerras, con progreso y armon\u00eda social.<\/p>\n<p>Eleanor Roosevelt dec\u00eda que &#8220;no basta con hablar de paz; hay que creer. Y no basta con creer, hay que trabajar para conseguirla&#8221;. Nos dec\u00eda, tambi\u00e9n, que los Derechos Humanos est\u00e1n en todas partes, &#8220;en lugares peque\u00f1os, cerca de casa. Tan cercanos y peque\u00f1os que no pueden localizarse en ning\u00fan mapamundi: el entorno de cada persona, el barrio en el que vive, la escuela o la universidad a la que asiste; la granja, la f\u00e1brica o la oficina donde trabaja&#8221;. &#8220;Estos son los lugares donde todo hombre, mujer o ni\u00f1o buscan igual justicia, igual oportunidad, igual dignidad, sin discriminaciones&#8221;.<\/p>\n<p>S\u00e9 que somos todas aliadas en esta tarea, s\u00e9 que sentimos el llamamiento, s\u00e9 que nos reconocemos y nos tenemos, las unas a las otras, s\u00e9 que sabemos tejer las alianzas oportunas, s\u00e9 que sabemos que no hay proyecto peque\u00f1o ni tarea que no contribuya al todo. S\u00e9 que estamos. Por eso, a pesar, de todo, conf\u00edo y por eso os pido que, juntas, permanezcamos vigilantes y seguimos haciendo empresa desde el liderazgo consciente, que es, tambi\u00e9n, construir paz.<\/p>\n<p style=\"text-align: center;\"><em>Maria Teixidor, presidenta de la Comisi\u00f3n Mujer y Empresa de Pimec<\/em><\/p>\n","protected":false},"excerpt":{"rendered":"<p>&#8220;No olvid\u00e9is nunca que bastar\u00e1 una crisis pol\u00edtica, econ\u00f3mica o religiosa para que los derechos de las mujeres se cuestionen. Estos derechos nunca son adquiridos. Tendr\u00e9is que permanecer alerta durante toda vuestra vida.&#8221; Simone de Beauvoir, El segundo sexo, 1949. Retomo la misma cita de Simone de Beauvoir que encabezaba el art\u00edculo que, hace cuatro a\u00f1os, escrib\u00eda para el 8M, lamentando su vigencia. Lo cierto es que me faltan las palabras. En este momento hist\u00f3rico en el que las certezas ya hace tiempo que han saltado por los aires, y aut\u00e9nticos bullies al frente de gobiernos poderosos obvian el orden<\/p>\n","protected":false},"author":163,"featured_media":29013,"comment_status":"open","ping_status":"closed","sticky":false,"template":"","format":"standard","meta":[],"categories":[770],"tags":[2573],"_links":{"self":[{"href":"https:\/\/www.pimealdia.org\/es\/wp-json\/wp\/v2\/posts\/32045"}],"collection":[{"href":"https:\/\/www.pimealdia.org\/es\/wp-json\/wp\/v2\/posts"}],"about":[{"href":"https:\/\/www.pimealdia.org\/es\/wp-json\/wp\/v2\/types\/post"}],"author":[{"embeddable":true,"href":"https:\/\/www.pimealdia.org\/es\/wp-json\/wp\/v2\/users\/163"}],"replies":[{"embeddable":true,"href":"https:\/\/www.pimealdia.org\/es\/wp-json\/wp\/v2\/comments?post=32045"}],"version-history":[{"count":4,"href":"https:\/\/www.pimealdia.org\/es\/wp-json\/wp\/v2\/posts\/32045\/revisions"}],"predecessor-version":[{"id":32051,"href":"https:\/\/www.pimealdia.org\/es\/wp-json\/wp\/v2\/posts\/32045\/revisions\/32051"}],"wp:featuredmedia":[{"embeddable":true,"href":"https:\/\/www.pimealdia.org\/es\/wp-json\/wp\/v2\/media\/29013"}],"wp:attachment":[{"href":"https:\/\/www.pimealdia.org\/es\/wp-json\/wp\/v2\/media?parent=32045"}],"wp:term":[{"taxonomy":"category","embeddable":true,"href":"https:\/\/www.pimealdia.org\/es\/wp-json\/wp\/v2\/categories?post=32045"},{"taxonomy":"post_tag","embeddable":true,"href":"https:\/\/www.pimealdia.org\/es\/wp-json\/wp\/v2\/tags?post=32045"}],"curies":[{"name":"wp","href":"https:\/\/api.w.org\/{rel}","templated":true}]}}