{"id":32173,"date":"2026-04-28T08:00:16","date_gmt":"2026-04-28T06:00:16","guid":{"rendered":"https:\/\/www.pimealdia.org\/?p=32173"},"modified":"2026-04-27T12:24:33","modified_gmt":"2026-04-27T10:24:33","slug":"un-ano-del-fallo-total-del-sistema-electrico-las-pymes-aceleran-la-planificacion-y-la-gestion-energetica","status":"publish","type":"post","link":"https:\/\/www.pimealdia.org\/es\/un-ano-del-fallo-total-del-sistema-electrico-las-pymes-aceleran-la-planificacion-y-la-gestion-energetica\/","title":{"rendered":"Un a\u00f1o del fallo total del sistema el\u00e9ctrico: las pymes aceleran la planificaci\u00f3n y la gesti\u00f3n energ\u00e9tica"},"content":{"rendered":"<p data-start=\"153\" data-end=\"523\">Cuando se cumple un a\u00f1o del fallo total, blackout, del sistema el\u00e9ctrico que afect\u00f3 a todo el tejido empresarial, es momento de hacer balance con una mirada constructiva. Aquel episodio <strong>puso a prueba la capacidad de respuesta de las pymes, que, lejos de quedar paralizadas, demostraron una gran resiliencia, adaptabilidad y compromiso con la continuidad de su actividad<\/strong>.<\/p>\n<p data-start=\"525\" data-end=\"1138\">Desde Pimec constatamos el impacto econ\u00f3mico que supuso esta incidencia, estimado en <strong>p\u00e9rdidas de cerca de 900 millones de euros, especialmente por la interrupci\u00f3n repentina de procesos productivos, la p\u00e9rdida de materias primas, de productos elaborados y de servicios<\/strong>. Aun as\u00ed, es necesario poner en valor la r\u00e1pida reacci\u00f3n empresarial, con la activaci\u00f3n de protocolos internos, la reorganizaci\u00f3n de recursos y la puesta en marcha de soluciones alternativas para minimizar las p\u00e9rdidas y retomar la actividad lo antes posible. Este esp\u00edritu es, sin duda, uno de los grandes activos de nuestro modelo empresarial.<\/p>\n<p data-start=\"1140\" data-end=\"1725\">Este episodio tambi\u00e9n reforz\u00f3 un mensaje que desde Pimec defendemos: <strong>las pymes no son solo receptoras de las pol\u00edticas energ\u00e9ticas, sino actores clave en la transformaci\u00f3n del modelo energ\u00e9tico<\/strong>. Cada vez m\u00e1s empresas est\u00e1n apostando por la eficiencia y la gesti\u00f3n energ\u00e9tica, el autoconsumo y la sostenibilidad como v\u00edas para ganar competitividad y reducir su exposici\u00f3n a riesgos externos. En este sentido, desde las <a href=\"https:\/\/pimec.org\/es\/servicios\/sostenibilidad\/oficina-empresarial-de-transicio-energetica\" target=\"_blank\" rel=\"noopener\">Oficinas Empresariales de Transici\u00f3n Energ\u00e9tica (OETE\u2019s)<\/a> de Pimec se ofrece un apoyo t\u00e9cnico independiente para facilitarlo, con una red de colaboradores cualificados.<\/p>\n<p data-start=\"1727\" data-end=\"2072\">La crisis aceler\u00f3 la toma de conciencia sobre <strong>la importancia de la planificaci\u00f3n y la gesti\u00f3n energ\u00e9tica<\/strong>. Muchas empresas han dado pasos adelante en la incorporaci\u00f3n de sistemas de apoyo, la digitalizaci\u00f3n de sus procesos y la definici\u00f3n de planes de contingencia. Consideramos que este es el camino a seguir y es necesario seguir facilit\u00e1ndolo.<\/p>\n<p data-start=\"2074\" data-end=\"2572\">Ahora bien, esta capacidad de adaptaci\u00f3n empresarial debe ir acompa\u00f1ada de un entorno que la haga posible. Es imprescindible garantizar la continuidad y la calidad del suministro el\u00e9ctrico, as\u00ed como <strong>mecanismos de respuesta eficientes ante incidencias<\/strong>. Asimismo, es necesario avanzar en marcos regulatorios que incentiven la inversi\u00f3n en eficiencia y gesti\u00f3n energ\u00e9tica espec\u00edficas para las pymes y que faciliten su acceso a soluciones como <strong>el autoconsumo, el almacenamiento y la gesti\u00f3n energ\u00e9tica<\/strong>.<\/p>\n<p data-start=\"2574\" data-end=\"2960\">Otro aspecto clave es la mejora de los canales de informaci\u00f3n y coordinaci\u00f3n. Disponer de una comunicaci\u00f3n clara, \u00e1gil y transparente en situaciones cr\u00edticas es esencial para que las empresas puedan tomar decisiones r\u00e1pidas y efectivas. En este \u00e1mbito, a\u00fan hay margen de mejora y es necesario seguir trabajando de manera conjunta entre administraciones, operadores y tejido empresarial.<\/p>\n<p data-start=\"2962\" data-end=\"3213\">Desde Pimec tambi\u00e9n reiteramos la necesidad de disponer de <strong>mecanismos de compensaci\u00f3n adecuados en caso de incidencias graves<\/strong>. No se trata solo de reparar da\u00f1os, sino de garantizar un marco de confianza que permita a las empresas operar con seguridad.<\/p>\n<p data-start=\"3215\" data-end=\"3268\">As\u00ed, un a\u00f1o despu\u00e9s tenemos tres conclusiones claras:<\/p>\n<p data-start=\"3270\" data-end=\"3418\">\u2013 A\u00fan no conocemos de forma clara la causa ni sus responsables, lo que dificulta, de manera inaceptable, las reclamaciones por los da\u00f1os sufridos.<\/p>\n<p data-start=\"3420\" data-end=\"3592\">\u2013 Es urgente definir nuevos procedimientos en la gesti\u00f3n y garant\u00edas en los participantes de la generaci\u00f3n, as\u00ed como en las redes de transporte y distribuci\u00f3n el\u00e9ctricas.<\/p>\n<p data-start=\"3594\" data-end=\"3753\">\u2013 Las pymes han respondido y han aprendido. Han demostrado que son capaces de adaptarse, innovar y seguir generando actividad, incluso en contextos adversos.<\/p>\n<p data-start=\"3755\" data-end=\"4159\">Ahora es necesario que esta experiencia sirva para reforzar el sistema en su conjunto y para seguir avanzando hacia <strong>un modelo energ\u00e9tico m\u00e1s robusto, sostenible y alineado con las necesidades reales del tejido productivo<\/strong>. Porque, si algo ha quedado claro, es que la fortaleza de nuestra econom\u00eda depende, en gran medida, de la capacidad de las pymes. Y esta, como han vuelto a demostrar, es indiscutible.<\/p>\n<p data-start=\"3755\" data-end=\"4159\">\n<blockquote>\n<p style=\"text-align: center;\" data-start=\"4165\" data-end=\"4233\"><strong>Jos\u00e9 Enrique V\u00e1zquez \u2013 Presidente de la Comisi\u00f3n de Energ\u00eda de Pimec<\/strong><\/p>\n<\/blockquote>\n","protected":false},"excerpt":{"rendered":"<p>Cuando se cumple un a\u00f1o del fallo total, blackout, del sistema el\u00e9ctrico que afect\u00f3 a todo el tejido empresarial, es momento de hacer balance con una mirada constructiva. Aquel episodio puso a prueba la capacidad de respuesta de las pymes, que, lejos de quedar paralizadas, demostraron una gran resiliencia, adaptabilidad y compromiso con la continuidad de su actividad. Desde Pimec constatamos el impacto econ\u00f3mico que supuso esta incidencia, estimado en p\u00e9rdidas de cerca de 900 millones de euros, especialmente por la interrupci\u00f3n repentina de procesos productivos, la p\u00e9rdida de materias primas, de productos elaborados y de servicios. Aun as\u00ed, es<\/p>\n","protected":false},"author":201,"featured_media":32171,"comment_status":"open","ping_status":"closed","sticky":false,"template":"","format":"standard","meta":[],"categories":[770],"tags":[2396,2397,1085,1183,1007,746,1078],"_links":{"self":[{"href":"https:\/\/www.pimealdia.org\/es\/wp-json\/wp\/v2\/posts\/32173"}],"collection":[{"href":"https:\/\/www.pimealdia.org\/es\/wp-json\/wp\/v2\/posts"}],"about":[{"href":"https:\/\/www.pimealdia.org\/es\/wp-json\/wp\/v2\/types\/post"}],"author":[{"embeddable":true,"href":"https:\/\/www.pimealdia.org\/es\/wp-json\/wp\/v2\/users\/201"}],"replies":[{"embeddable":true,"href":"https:\/\/www.pimealdia.org\/es\/wp-json\/wp\/v2\/comments?post=32173"}],"version-history":[{"count":1,"href":"https:\/\/www.pimealdia.org\/es\/wp-json\/wp\/v2\/posts\/32173\/revisions"}],"predecessor-version":[{"id":32174,"href":"https:\/\/www.pimealdia.org\/es\/wp-json\/wp\/v2\/posts\/32173\/revisions\/32174"}],"wp:featuredmedia":[{"embeddable":true,"href":"https:\/\/www.pimealdia.org\/es\/wp-json\/wp\/v2\/media\/32171"}],"wp:attachment":[{"href":"https:\/\/www.pimealdia.org\/es\/wp-json\/wp\/v2\/media?parent=32173"}],"wp:term":[{"taxonomy":"category","embeddable":true,"href":"https:\/\/www.pimealdia.org\/es\/wp-json\/wp\/v2\/categories?post=32173"},{"taxonomy":"post_tag","embeddable":true,"href":"https:\/\/www.pimealdia.org\/es\/wp-json\/wp\/v2\/tags?post=32173"}],"curies":[{"name":"wp","href":"https:\/\/api.w.org\/{rel}","templated":true}]}}