{"id":32184,"date":"2026-04-28T08:00:27","date_gmt":"2026-04-28T06:00:27","guid":{"rendered":"https:\/\/www.pimealdia.org\/?p=32184"},"modified":"2026-04-27T13:45:29","modified_gmt":"2026-04-27T11:45:29","slug":"sabias-que-la-prevencion-es-la-mejor-inversion-para-la-resiliencia-de-tu-pyme","status":"publish","type":"post","link":"https:\/\/www.pimealdia.org\/es\/sabias-que-la-prevencion-es-la-mejor-inversion-para-la-resiliencia-de-tu-pyme\/","title":{"rendered":"\u00bfSab\u00edas que la prevenci\u00f3n es la mejor inversi\u00f3n para la resiliencia de tu pyme?"},"content":{"rendered":"<p data-start=\"127\" data-end=\"514\">Con motivo del <strong>D\u00eda Internacional de la Seguridad y la Salud en el Trabajo<\/strong>, que celebramos este 28 de abril, desde Pimec queremos poner el foco en un cambio de paradigma necesario: la seguridad laboral ya no puede verse como un mero tr\u00e1mite administrativo o una obligaci\u00f3n legal pesada, sino como <strong>un pilar fundamental de la competitividad y sostenibilidad<\/strong> de la peque\u00f1a y mediana empresa.<\/p>\n<p data-start=\"516\" data-end=\"664\">En un contexto de cambio clim\u00e1tico y de transformaci\u00f3n digital, la salud de las personas trabajadoras es el activo m\u00e1s valioso que debemos proteger.<\/p>\n<p data-start=\"666\" data-end=\"718\"><strong data-start=\"666\" data-end=\"718\">\u00bfPor qu\u00e9 la prevenci\u00f3n es clave para tu negocio?<\/strong><\/p>\n<p data-start=\"720\" data-end=\"837\">A menudo, las pymes operan con recursos ajustados, pero es precisamente aqu\u00ed donde la prevenci\u00f3n marca la diferencia:<\/p>\n<ul>\n<li data-start=\"839\" data-end=\"1024\">Reducci\u00f3n de costes indirectos: Un accidente o una baja laboral no solo tienen un coste humano; implican reorganizaci\u00f3n de turnos, p\u00e9rdida temporal de conocimiento y posibles sanciones.<\/li>\n<li data-start=\"839\" data-end=\"1024\">Mejora del clima laboral: Una empresa que cuida su entorno genera confianza, fideliza el talento y reduce el absentismo.<\/li>\n<li data-start=\"839\" data-end=\"1024\">Adaptaci\u00f3n a los nuevos riesgos: Los riesgos laborales ya no son solo f\u00edsicos. Hoy, la gesti\u00f3n de la salud mental y los riesgos clim\u00e1ticos (como las olas de calor o lluvias torrenciales) son esenciales para garantizar la continuidad de la actividad.<\/li>\n<\/ul>\n<p data-start=\"1399\" data-end=\"1465\"><strong data-start=\"1399\" data-end=\"1465\">3 pasos clave para fortalecer la cultura preventiva en tu pyme<\/strong><\/p>\n<ol data-start=\"1467\" data-end=\"2239\">\n<li data-section-id=\"17sks6v\" data-start=\"1467\" data-end=\"1797\">Liderazgo ejecutivo en la cultura preventiva: La seguridad y salud laboral deben formar parte del ADN de la direcci\u00f3n. El compromiso de la gerencia es lo que garantiza que la protecci\u00f3n del capital humano sea una prioridad estrat\u00e9gica, entendiendo que la sostenibilidad del negocio es inseparable del bienestar de la plantilla.<\/li>\n<li data-section-id=\"mq7yy\" data-start=\"1799\" data-end=\"2000\">Escucha e implica a la plantilla: Nadie conoce mejor los riesgos de un puesto de trabajo que quien lo ocupa. Fomenta canales de comunicaci\u00f3n donde los trabajadores puedan proponer mejoras sin miedo.<\/li>\n<li data-section-id=\"fssk2\" data-start=\"2002\" data-end=\"2239\">Actualiza los protocolos ante la emergencia clim\u00e1tica: Como hemos visto recientemente con los avisos por episodios clim\u00e1ticos adversos, disponer de un plan de actuaci\u00f3n claro puede evitar tragedias y facilitar una recuperaci\u00f3n r\u00e1pida.<\/li>\n<\/ol>\n<p data-start=\"2241\" data-end=\"2511\">Desde Pimec, aprovechamos este 28 de abril para recordaros que <strong>no est\u00e1is solos<\/strong>. Ponemos a vuestra disposici\u00f3n nuestras herramientas de asesoramiento y formaci\u00f3n para ayudaros a convertir vuestra empresa en un lugar m\u00e1s seguro, saludable y, en consecuencia, m\u00e1s pr\u00f3spero.<\/p>\n<p data-start=\"2513\" data-end=\"2890\">Asimismo, reafirmamos nuestro compromiso con la seguridad y salud laboral como <strong>eje estrat\u00e9gico<\/strong>. En este sentido, estamos trabajando intensamente en el \u00e1mbito institucional para que la nueva legislaci\u00f3n en materia preventiva se adapte realmente a las necesidades y a la realidad de las pymes, evitando cargas inasumibles y fomentando una cultura de prevenci\u00f3n eficaz y realista.<\/p>\n<p data-start=\"2892\" data-end=\"2946\">Para consultas: <a class=\"decorated-link cursor-pointer\" href=\"mailto:prl@pimec.org\" target=\"_blank\" rel=\"noopener\" data-start=\"2908\" data-end=\"2921\">prl@pimec.org<\/a> y la web de <a href=\"http:\/\/pimecprl.org\" target=\"_blank\" rel=\"noopener\">pimecprl.org<\/a><\/p>\n","protected":false},"excerpt":{"rendered":"<p>Con motivo del D\u00eda Internacional de la Seguridad y la Salud en el Trabajo, que celebramos este 28 de abril, desde Pimec queremos poner el foco en un cambio de paradigma necesario: la seguridad laboral ya no puede verse como un mero tr\u00e1mite administrativo o una obligaci\u00f3n legal pesada, sino como un pilar fundamental de la competitividad y sostenibilidad de la peque\u00f1a y mediana empresa. En un contexto de cambio clim\u00e1tico y de transformaci\u00f3n digital, la salud de las personas trabajadoras es el activo m\u00e1s valioso que debemos proteger. \u00bfPor qu\u00e9 la prevenci\u00f3n es clave para tu negocio? A menudo,<\/p>\n","protected":false},"author":234,"featured_media":32182,"comment_status":"open","ping_status":"closed","sticky":false,"template":"","format":"standard","meta":[],"categories":[772],"tags":[1085,1147,746,2004,1078,2003,1236],"_links":{"self":[{"href":"https:\/\/www.pimealdia.org\/es\/wp-json\/wp\/v2\/posts\/32184"}],"collection":[{"href":"https:\/\/www.pimealdia.org\/es\/wp-json\/wp\/v2\/posts"}],"about":[{"href":"https:\/\/www.pimealdia.org\/es\/wp-json\/wp\/v2\/types\/post"}],"author":[{"embeddable":true,"href":"https:\/\/www.pimealdia.org\/es\/wp-json\/wp\/v2\/users\/234"}],"replies":[{"embeddable":true,"href":"https:\/\/www.pimealdia.org\/es\/wp-json\/wp\/v2\/comments?post=32184"}],"version-history":[{"count":1,"href":"https:\/\/www.pimealdia.org\/es\/wp-json\/wp\/v2\/posts\/32184\/revisions"}],"predecessor-version":[{"id":32185,"href":"https:\/\/www.pimealdia.org\/es\/wp-json\/wp\/v2\/posts\/32184\/revisions\/32185"}],"wp:featuredmedia":[{"embeddable":true,"href":"https:\/\/www.pimealdia.org\/es\/wp-json\/wp\/v2\/media\/32182"}],"wp:attachment":[{"href":"https:\/\/www.pimealdia.org\/es\/wp-json\/wp\/v2\/media?parent=32184"}],"wp:term":[{"taxonomy":"category","embeddable":true,"href":"https:\/\/www.pimealdia.org\/es\/wp-json\/wp\/v2\/categories?post=32184"},{"taxonomy":"post_tag","embeddable":true,"href":"https:\/\/www.pimealdia.org\/es\/wp-json\/wp\/v2\/tags?post=32184"}],"curies":[{"name":"wp","href":"https:\/\/api.w.org\/{rel}","templated":true}]}}