{"id":5863,"date":"2017-06-26T21:53:55","date_gmt":"2017-06-26T19:53:55","guid":{"rendered":"https:\/\/www.pimealdia.org\/?p=5863\/"},"modified":"2017-11-02T13:14:19","modified_gmt":"2017-11-02T11:14:19","slug":"la-transformacion-digital-vital-para-el-futuro-de-las-empresas","status":"publish","type":"post","link":"https:\/\/www.pimealdia.org\/es\/la-transformacion-digital-vital-para-el-futuro-de-las-empresas\/","title":{"rendered":"La transformaci\u00f3n digital, vital para el futuro de las empresas"},"content":{"rendered":"<p>Las nuevas tecnolog\u00edas nos permiten trabajar desde cualquier lugar y desde cualquier dispositivo, simplemente usando una conexi\u00f3n a Internet, lo que est\u00e1 provocando que los lugares de trabajo tradicionales dejen de existir.<\/p>\n<blockquote class=\"wp-embedded-content\" data-secret=\"8jTohO9zJH\"><p><a href=\"https:\/\/www.pimealdia.org\/es\/quin-impacte-tindra-digitalitzacio-mercat-treball\/\">Quin impacte tindr\u00e0 la digitalitzaci\u00f3 en el mercat de treball?<\/a><\/p><\/blockquote>\n<p><iframe class=\"wp-embedded-content\" sandbox=\"allow-scripts\" security=\"restricted\" style=\"position: absolute; clip: rect(1px, 1px, 1px, 1px);\" title=\"\u00abQuin impacte tindr\u00e0 la digitalitzaci\u00f3 en el mercat de treball?\u00bb \u2014 Pime al dia\" src=\"https:\/\/www.pimealdia.org\/es\/quin-impacte-tindra-digitalitzacio-mercat-treball\/embed\/#?secret=8jTohO9zJH\" data-secret=\"8jTohO9zJH\" width=\"600\" height=\"338\" frameborder=\"0\" marginwidth=\"0\" marginheight=\"0\" scrolling=\"no\"><\/iframe><\/p>\n<p>Si pensamos que la evoluci\u00f3n tecnol\u00f3gica ha sido r\u00e1pida, la que nos espera en el futuro lo ser\u00e1 a\u00fan mucho m\u00e1s. La bajada en los costes de sensores y componentes electr\u00f3nicos acompa\u00f1ado de las <a href=\"https:\/\/www.pimealdia.org\/category\/rrhh\/page\/10\/\">generaciones nativas digitales<\/a>, har\u00e1n que el desarrollo de la tecnolog\u00eda en los pr\u00f3ximos a\u00f1os\u00a0 sea vertiginoso.<\/p>\n<blockquote class=\"wp-embedded-content\" data-secret=\"OoQiiRqZIp\"><p><a href=\"https:\/\/www.pimealdia.org\/es\/millennials-nova-generacio-mercat-laboral\/\">Millennials una nova generaci\u00f3 en el mercat laboral<\/a><\/p><\/blockquote>\n<p><iframe class=\"wp-embedded-content\" sandbox=\"allow-scripts\" security=\"restricted\" style=\"position: absolute; clip: rect(1px, 1px, 1px, 1px);\" title=\"\u00abMillennials una nova generaci\u00f3 en el mercat laboral\u00bb \u2014 Pime al dia\" src=\"https:\/\/www.pimealdia.org\/es\/millennials-nova-generacio-mercat-laboral\/embed\/#?secret=OoQiiRqZIp\" data-secret=\"OoQiiRqZIp\" width=\"600\" height=\"338\" frameborder=\"0\" marginwidth=\"0\" marginheight=\"0\" scrolling=\"no\"><\/iframe><\/p>\n<p>Las empresas que no implementen el uso de herramientas digitales y cambien la forma de entender y desarrollar sus negocios tendr\u00e1n muchas dificultades para sobrevivir. Sus costes ser\u00e1n un 50% m\u00e1s altos y la satisfacci\u00f3n de los clientes ser\u00e1 mucho menor.<\/p>\n<h3>Las nuevas tecnolog\u00edas y modelos de colaboraci\u00f3n conectan la informaci\u00f3n y a las personas en tiempo real<\/h3>\n<p>Esto permite acelerar la toma de decisiones y facilitar el trabajo en equipo, incluso entre distintas ubicaciones, integrando en los dispositivos m\u00f3viles funcionalidades m\u00e1s all\u00e1 de la voz, como chat, video o distribuci\u00f3n de contenidos.<\/p>\n<p>Un mercado que ha evolucionado a gran velocidad impulsado por la movilidad, ha sido el de las comunicaciones. Las empresas tienen un sinf\u00edn de m\u00e9todos para comunicarse con sus filiales, clientes o empleados; <strong>las comunicaciones unificadas y la colaboraci\u00f3n en la Nube son la base de la transformaci\u00f3n digital.<\/strong><\/p>\n<h3>La importancia de este mercado alcanz\u00f3 en 2016 los 21.000 millones de d\u00f3lares<\/h3>\n<p><img loading=\"lazy\" class=\"alignleft wp-image-5864 size-medium\" src=\"https:\/\/www.pimealdia.org\/wp-content\/uploads\/2017\/06\/Comunicaciones-300x149.jpg\" alt=\"\" width=\"300\" height=\"149\" srcset=\"https:\/\/www.pimealdia.org\/wp-content\/uploads\/2017\/06\/Comunicaciones-300x149.jpg 300w, https:\/\/www.pimealdia.org\/wp-content\/uploads\/2017\/06\/Comunicaciones-1024x508.jpg 1024w, https:\/\/www.pimealdia.org\/wp-content\/uploads\/2017\/06\/Comunicaciones-1000x496.jpg 1000w, https:\/\/www.pimealdia.org\/wp-content\/uploads\/2017\/06\/Comunicaciones-800x397.jpg 800w, https:\/\/www.pimealdia.org\/wp-content\/uploads\/2017\/06\/Comunicaciones-600x298.jpg 600w, https:\/\/www.pimealdia.org\/wp-content\/uploads\/2017\/06\/Comunicaciones-400x198.jpg 400w\" sizes=\"(max-width: 300px) 100vw, 300px\" \/>Las comunicaciones unificadas continuaran creciendo significativamente, impulsadas en gran medida por la movilidad de la fuerza de trabajo, el teletrabajo\u00a0 o los empleados que en sus desplazamientos tengan la necesidad de estar continuamente conectados.<\/p>\n<h3>La movilidad est\u00e1 cambiando nuestras vidas, en el \u00e1mbito personal y en el profesional<\/h3>\n<p>Hoy en d\u00eda, el 30% de los trabajadores se consideran completamente m\u00f3viles, utilizando varios dispositivos desde diversas ubicaciones. La estrategia de movilidad ser\u00e1 efectiva si consideramos \u00a0las comunicaciones unificadas como una pieza clave para alcanzar resultados \u00f3ptimos. Lograr una verdadera transformaci\u00f3n en la forma en la que las empresas hacen negocios, adem\u00e1s de sorprender y atraer a los clientes con nuevas experiencias digitales.<\/p>\n<p><img loading=\"lazy\" class=\"alignleft wp-image-4391 size-medium\" src=\"https:\/\/www.pimealdia.org\/wp-content\/uploads\/2016\/05\/Millennials-2-300x174.jpg\" alt=\"\" width=\"300\" height=\"174\" srcset=\"https:\/\/www.pimealdia.org\/wp-content\/uploads\/2016\/05\/Millennials-2-300x174.jpg 300w, https:\/\/www.pimealdia.org\/wp-content\/uploads\/2016\/05\/Millennials-2-600x349.jpg 600w, https:\/\/www.pimealdia.org\/wp-content\/uploads\/2016\/05\/Millennials-2-400x233.jpg 400w, https:\/\/www.pimealdia.org\/wp-content\/uploads\/2016\/05\/Millennials-2.jpg 626w\" sizes=\"(max-width: 300px) 100vw, 300px\" \/>La mayor\u00eda de las empresas consideran que<a href=\"https:\/\/www.pimealdia.org\/innovacio-gestio-persones\/\" target=\"_blank\" rel=\"noopener noreferrer\"> la colaboraci\u00f3n tambi\u00e9n es vital para lograr sus objetivos<\/a>, pero el reto es conseguir que los empleados trabajen juntos de manera eficaz y centrarse en la forma de gestionar los equipos para aprovechar las mejores oportunidades.<\/p>\n<p>La oportunidad para aprovechar las herramientas basadas en la nube es grande, sin embargo, su uso en las empresas es todav\u00eda escaso. El Cloud es la \u00fanica v\u00eda que existe para poder progresar en la evoluci\u00f3n digital, con la inclusi\u00f3n de bases de datos virtuales, <a href=\"http:\/\/www.numintec.com\/\">centralitas de voz IP<\/a> y diferentes aplicaciones integradas en la nube, por lo que es fundamental que se integre de forma sostenible, permitiendo que las empresas mejoren en competitividad tanto en el \u00e1mbito nacional como internacional.<\/p>\n<blockquote><p><strong>En este momento s\u00f3lo un 17% de las organizaciones espa\u00f1olas tiene un \u00edndice de competencia digital alto, y un 55% tienen poco o nada implementado el uso de herramientas cloud<\/strong><\/p><\/blockquote>\n<h3>Los sectores industria y turismo en cabeza<\/h3>\n<p><img loading=\"lazy\" class=\"alignnone wp-image-5865 size-full\" src=\"https:\/\/www.pimealdia.org\/wp-content\/uploads\/2017\/06\/transformaci\u00f3n-digital.jpg\" alt=\"\" width=\"665\" height=\"150\" srcset=\"https:\/\/www.pimealdia.org\/wp-content\/uploads\/2017\/06\/transformaci\u00f3n-digital.jpg 665w, https:\/\/www.pimealdia.org\/wp-content\/uploads\/2017\/06\/transformaci\u00f3n-digital-300x68.jpg 300w, https:\/\/www.pimealdia.org\/wp-content\/uploads\/2017\/06\/transformaci\u00f3n-digital-600x135.jpg 600w, https:\/\/www.pimealdia.org\/wp-content\/uploads\/2017\/06\/transformaci\u00f3n-digital-400x90.jpg 400w\" sizes=\"(max-width: 665px) 100vw, 665px\" \/><\/p>\n<p>Respecto a los medios digitales integrados en la empresa, el m\u00e1s extendido es la p\u00e1gina web propia, seguida de Facebook, el sistema de comunicaci\u00f3n interno, y el canal Twitter, mientras que las apps m\u00f3viles, la tienda online o el blog corporativo siguen siendo medios menos presentes. El trabajo de forma remota en la nube no est\u00e1 a\u00fan implementado como ser\u00eda deseable y <strong>por sectores,<\/strong> <strong>industria y turismo son los que utilizan un n\u00famero mayor de herramientas de productividad basadas en tecnolog\u00eda digital<\/strong>.<\/p>\n<p>No se perciben grandes diferencias entre grandes empresas y pymes en el uso profesional de herramientas digitales en la nube.<\/p>\n<p>En resumen, las organizaciones que quieran sobrevivir en el momento actual deber\u00e1n acelerar el cambio en los procesos de transformaci\u00f3n digital, generacional, sociol\u00f3gica y en el modelo de negocio, construyendo una nueva cultura de empresa.<\/p>\n","protected":false},"excerpt":{"rendered":"<p>Las nuevas tecnolog\u00edas nos permiten trabajar desde cualquier lugar y desde cualquier dispositivo, simplemente usando una conexi\u00f3n a Internet, lo que est\u00e1 provocando que los lugares de trabajo tradicionales dejen de existir. Quin impacte tindr\u00e0 la digitalitzaci\u00f3 en el mercat de treball? Si pensamos que la evoluci\u00f3n tecnol\u00f3gica ha sido r\u00e1pida, la que nos espera en el futuro lo ser\u00e1 a\u00fan mucho m\u00e1s. La bajada en los costes de sensores y componentes electr\u00f3nicos acompa\u00f1ado de las generaciones nativas digitales, har\u00e1n que el desarrollo de la tecnolog\u00eda en los pr\u00f3ximos a\u00f1os\u00a0 sea vertiginoso. Millennials una nova generaci\u00f3 en el mercat laboral<\/p>\n","protected":false},"author":54,"featured_media":5866,"comment_status":"open","ping_status":"closed","sticky":false,"template":"","format":"standard","meta":[],"categories":[329],"tags":[394],"_links":{"self":[{"href":"https:\/\/www.pimealdia.org\/es\/wp-json\/wp\/v2\/posts\/5863"}],"collection":[{"href":"https:\/\/www.pimealdia.org\/es\/wp-json\/wp\/v2\/posts"}],"about":[{"href":"https:\/\/www.pimealdia.org\/es\/wp-json\/wp\/v2\/types\/post"}],"author":[{"embeddable":true,"href":"https:\/\/www.pimealdia.org\/es\/wp-json\/wp\/v2\/users\/54"}],"replies":[{"embeddable":true,"href":"https:\/\/www.pimealdia.org\/es\/wp-json\/wp\/v2\/comments?post=5863"}],"version-history":[{"count":1,"href":"https:\/\/www.pimealdia.org\/es\/wp-json\/wp\/v2\/posts\/5863\/revisions"}],"predecessor-version":[{"id":5867,"href":"https:\/\/www.pimealdia.org\/es\/wp-json\/wp\/v2\/posts\/5863\/revisions\/5867"}],"wp:featuredmedia":[{"embeddable":true,"href":"https:\/\/www.pimealdia.org\/es\/wp-json\/wp\/v2\/media\/5866"}],"wp:attachment":[{"href":"https:\/\/www.pimealdia.org\/es\/wp-json\/wp\/v2\/media?parent=5863"}],"wp:term":[{"taxonomy":"category","embeddable":true,"href":"https:\/\/www.pimealdia.org\/es\/wp-json\/wp\/v2\/categories?post=5863"},{"taxonomy":"post_tag","embeddable":true,"href":"https:\/\/www.pimealdia.org\/es\/wp-json\/wp\/v2\/tags?post=5863"}],"curies":[{"name":"wp","href":"https:\/\/api.w.org\/{rel}","templated":true}]}}