{"id":6006,"date":"2016-03-29T09:17:41","date_gmt":"2016-03-29T09:17:41","guid":{"rendered":"https:\/\/www.pimealdia.org\/que-es-lautoconsum-energetic-en-regim-de-balanc-net\/"},"modified":"2017-07-04T13:34:53","modified_gmt":"2017-07-04T11:34:53","slug":"que-es-lautoconsum-energetic-en-regim-de-balanc-net","status":"publish","type":"post","link":"https:\/\/www.pimealdia.org\/es\/que-es-lautoconsum-energetic-en-regim-de-balanc-net\/","title":{"rendered":"\u00bfQu\u00e9 es el autoconsumo energ\u00e9tico en r\u00e9gimen de balance neto?"},"content":{"rendered":"<p style=\"text-align: justify;\">La liberalizaci\u00f3n del mercado el\u00e9ctrico europeo posibilita competencia de generadores de energ\u00eda en el mercado. As\u00ed, en pocos a\u00f1os, hemos pasado de un sistema con muy pocos generadores de energ\u00eda y todos ellos de gran potencia, a un escenario con m\u00e1s de 55.000 puntos de generaci\u00f3n distribuida por todo el estado espa\u00f1ol inyectados en la red de distribuci\u00f3n. Hablamos del autoconsumo energ\u00e9tico en r\u00e9gimen de balance neto.<\/p>\n<h3 style=\"text-align: justify;\">El coste del kWh<\/h3>\n<figure id=\"attachment_3844\" aria-describedby=\"caption-attachment-3844\" style=\"width: 300px\" class=\"wp-caption alignleft\"><img loading=\"lazy\" class=\"wp-image-3844 size-medium\" src=\"https:\/\/www.pimealdia.org\/wp-content\/uploads\/2016\/03\/autoconsum-energ\u00e8tic-1-300x167.jpg\" alt=\" autoconsumo-energ\u00e9tico-1 \" width=\"300\" height=\"167\" srcset=\"https:\/\/www.pimealdia.org\/wp-content\/uploads\/2016\/03\/autoconsum-energ\u00e8tic-1-300x167.jpg 300w, https:\/\/www.pimealdia.org\/wp-content\/uploads\/2016\/03\/autoconsum-energ\u00e8tic-1-768x427.jpg 768w, https:\/\/www.pimealdia.org\/wp-content\/uploads\/2016\/03\/autoconsum-energ\u00e8tic-1-1024x569.jpg 1024w, https:\/\/www.pimealdia.org\/wp-content\/uploads\/2016\/03\/autoconsum-energ\u00e8tic-1-1000x556.jpg 1000w, https:\/\/www.pimealdia.org\/wp-content\/uploads\/2016\/03\/autoconsum-energ\u00e8tic-1-800x445.jpg 800w, https:\/\/www.pimealdia.org\/wp-content\/uploads\/2016\/03\/autoconsum-energ\u00e8tic-1-600x333.jpg 600w, https:\/\/www.pimealdia.org\/wp-content\/uploads\/2016\/03\/autoconsum-energ\u00e8tic-1-400x222.jpg 400w, https:\/\/www.pimealdia.org\/wp-content\/uploads\/2016\/03\/autoconsum-energ\u00e8tic-1.jpg 1299w\" sizes=\"(max-width: 300px) 100vw, 300px\" \/><figcaption id=\"caption-attachment-3844\" class=\"wp-caption-text\">Autoconsumo energ\u00e9tico<\/figcaption><\/figure>\n<p style=\"text-align: justify;\">En paralelo, la reducci\u00f3n de los costes de las tecnolog\u00edas de energ\u00eda renovable, hace que progresivamente el coste del kWh generado con estas tecnolog\u00edas, como por ejemplo fotovoltaica o mini e\u00f3lica, se aproximen cada vez m\u00e1s al coste de compra de la energ\u00eda por parte del usuario final, posibilitando el autoconsumo de energ\u00eda, con una justificaci\u00f3n econ\u00f3mica para s\u00ed mismo, sin necesidad de primas ni subvenciones.<\/p>\n<p style=\"text-align: justify;\">Esta tendencia lleva a un cruce de ambas curvas (coste de compra versus coste de de autogeneraci\u00f3n) progresivamente, momento que se conoce como &#8220;<strong>paridad de red<\/strong>&#8221; o &#8220;GridParity &#8220;.<\/p>\n<blockquote>\n<p style=\"text-align: justify;\">Con los actuales precios de la electricidad, el periodo de amortizaci\u00f3n del coste de una instalaci\u00f3n fotovoltaica puede estar entre seis y ocho a\u00f1os.<\/p>\n<\/blockquote>\n<p style=\"text-align: justify;\">El momento de generaci\u00f3n y el momento de consumo de la energ\u00eda el\u00e9ctrica pueden no coincidir en las franjas horarias del mismo usuario-productor. Por lo tanto, el usuario debe estar conectado a la red, recibiendo electricidad cuando consume m\u00e1s de la que produce y volcando electricidad cuando produce m\u00e1s de lo que consume.<\/p>\n<blockquote>\n<p style=\"text-align: justify;\">El balance neto consiste en un r\u00e9gimen en el que se establece un periodo, por ejemplo de 12 meses, en el que se calcula la diferencia entre la energ\u00eda producida y la consumida y el usuario paga por esta electricidad.<\/p>\n<\/blockquote>\n<p style=\"text-align: justify;\">Parad\u00f3jicamente, esta modalidad de consumo a\u00fan no est\u00e1 regulada en Espa\u00f1a, cuando supondr\u00eda ahorro para el usuario, contribuir\u00eda a producir energ\u00eda cerca de donde se consume, a hacer m\u00e1s eficiente el sistema ya reducir nuestra dependencia energ\u00e9tica.<\/p>\n","protected":false},"excerpt":{"rendered":"<p>La liberalizaci\u00f3n del mercado el\u00e9ctrico europeo posibilita competencia de generadores de energ\u00eda en el mercado. As\u00ed, en pocos a\u00f1os, hemos pasado de un sistema con muy pocos generadores de energ\u00eda y todos ellos de gran potencia, a un escenario con m\u00e1s de 55.000 puntos de generaci\u00f3n distribuida por todo el estado espa\u00f1ol inyectados en la red de distribuci\u00f3n. Hablamos del autoconsumo energ\u00e9tico en r\u00e9gimen de balance neto. El coste del kWh En paralelo, la reducci\u00f3n de los costes de las tecnolog\u00edas de energ\u00eda renovable, hace que progresivamente el coste del kWh generado con estas tecnolog\u00edas, como por ejemplo fotovoltaica o<\/p>\n","protected":false},"author":13,"featured_media":0,"comment_status":"open","ping_status":"closed","sticky":false,"template":"","format":"standard","meta":[],"categories":[330],"tags":[],"_links":{"self":[{"href":"https:\/\/www.pimealdia.org\/es\/wp-json\/wp\/v2\/posts\/6006"}],"collection":[{"href":"https:\/\/www.pimealdia.org\/es\/wp-json\/wp\/v2\/posts"}],"about":[{"href":"https:\/\/www.pimealdia.org\/es\/wp-json\/wp\/v2\/types\/post"}],"author":[{"embeddable":true,"href":"https:\/\/www.pimealdia.org\/es\/wp-json\/wp\/v2\/users\/13"}],"replies":[{"embeddable":true,"href":"https:\/\/www.pimealdia.org\/es\/wp-json\/wp\/v2\/comments?post=6006"}],"version-history":[{"count":0,"href":"https:\/\/www.pimealdia.org\/es\/wp-json\/wp\/v2\/posts\/6006\/revisions"}],"wp:attachment":[{"href":"https:\/\/www.pimealdia.org\/es\/wp-json\/wp\/v2\/media?parent=6006"}],"wp:term":[{"taxonomy":"category","embeddable":true,"href":"https:\/\/www.pimealdia.org\/es\/wp-json\/wp\/v2\/categories?post=6006"},{"taxonomy":"post_tag","embeddable":true,"href":"https:\/\/www.pimealdia.org\/es\/wp-json\/wp\/v2\/tags?post=6006"}],"curies":[{"name":"wp","href":"https:\/\/api.w.org\/{rel}","templated":true}]}}