{"id":6013,"date":"2016-03-29T09:30:15","date_gmt":"2016-03-29T09:30:15","guid":{"rendered":"https:\/\/www.pimealdia.org\/inclou-en-el-compte-dexplotacio-els-costos-relacionats-amb-el-medi-ambient\/"},"modified":"2017-07-04T14:57:53","modified_gmt":"2017-07-04T12:57:53","slug":"inclou-en-el-compte-dexplotacio-els-costos-relacionats-amb-el-medi-ambient","status":"publish","type":"post","link":"https:\/\/www.pimealdia.org\/es\/inclou-en-el-compte-dexplotacio-els-costos-relacionats-amb-el-medi-ambient\/","title":{"rendered":"Incluye en la cuenta de explotaci\u00f3n los costes relacionados con el medio ambiente"},"content":{"rendered":"<p style=\"text-align: justify;\">Gestionar bien la partida de los <strong> costes ambientales <\/strong> nos puede ayudar, no s\u00f3lo a contener el gasto, sino tambi\u00e9n a ser m\u00e1s <strong> eficientes y competitivos <\/strong>. El primer paso para <strong> reducir <\/strong> los costes ambientales es <strong> internalizarlos <\/strong>, es decir, incluir en el <strong> cuenta de explotaci\u00f3n <\/strong> todos los costes que tienen ver con el <strong> medio ambiente <\/strong>.<\/p>\n<h3 style=\"text-align: justify;\">Desglosar los costes por diversos conceptos<\/h3>\n<p style=\"text-align: justify;\"><img loading=\"lazy\" class=\"wp-image-3842 alignleft\" src=\"http:\/\/www.pimealdia.org\/wp-content\/uploads\/2016\/03\/medi-ambient.jpg \" alt=\" medio-ambiente \" width=\"229\" height=\"229\" srcset=\"https:\/\/www.pimealdia.org\/wp-content\/uploads\/2016\/03\/medi-ambient.jpg 300w, https:\/\/www.pimealdia.org\/wp-content\/uploads\/2016\/03\/medi-ambient-150x150.jpg 150w, https:\/\/www.pimealdia.org\/wp-content\/uploads\/2016\/03\/medi-ambient-100x100.jpg 100w, https:\/\/www.pimealdia.org\/wp-content\/uploads\/2016\/03\/medi-ambient-50x50.jpg 50w\" sizes=\"(max-width: 229px) 100vw, 229px\" \/> Con este fin, podemos desglosar los costes por diversos conceptos. En primer lugar, incluiremos todo el gasto derivada del consumo de <strong> energ\u00eda <\/strong>. Cuanto m\u00e1s segmentada tengamos la informaci\u00f3n de los puntos que nos generan consumo energ\u00e9tico, mejor podremos gestionarlo. Revisaremos las facturas y verificaremos que los tramos de <strong> consumo <\/strong>, el tipo de <strong> tarifa <\/strong> y la <strong> potencia <\/strong> contratada ajustan a lo que realmente necesitamos. Tambi\u00e9n es bueno comparar la oferta del mercado de suministro energ\u00e9tico para negociar las mejores condiciones en cada momento.<\/p>\n<p style=\"text-align: justify;\">Aparte de controlar el consumo, este ejercicio nos aportar\u00e1 informaci\u00f3n para evaluar si puede ser rentable la incorporaci\u00f3n de medidas de <strong> eficiencia energ\u00e9tica <\/strong> , de las que hay un abanico muy amplio: desde un sencillo cambio en <strong> iluminaci\u00f3n led <\/strong> hasta poder consumir toda la energ\u00eda que aut\u00f3gena.<\/p>\n<p style=\"text-align: justify;\">Respecto los <strong> residuos <\/strong>, los segrega poniendo especial atenci\u00f3n en aquellos que tienen un valor de mercado (cart\u00f3n, pl\u00e1stico, cobre, etc.), para que la su recogida nos puede salir a coste cero o incluso nos puede generar un ingreso. Haciendo esta separaci\u00f3n, indirectamente estaremos disminuyendo el peso de la cantidad que ir\u00e1 a la <strong> vertedero <\/strong>, y por tanto, vamos a pagar menos por el <strong> canon <\/strong> de vertido.<\/p>\n<p style=\"text-align: justify;\">Tambi\u00e9n debemos pensar en las posibilidades de sustituir la compra de alguna materia prima para una reutilizada utilizando la bolsa de <strong> subproductos <\/strong>. Si tenemos un residuo que puede ser <strong> aprovechable <\/strong> por un tercero sin necesidad de transformarlo, podemos pasar de pagar por la gesti\u00f3n como residuo a generar un ingreso para la gesti\u00f3n como subproducto.<\/p>\n<p style=\"text-align: justify;\">Y finalmente, hay que plantearse la opci\u00f3n de incorporar, en la fase inicial de dise\u00f1o de un nuevo producto, todos los <strong> impactos ambientales <\/strong> que \u00e9ste puede tener durante su uso y posterior final de vida, para crearlo de la manera m\u00e1s eficiente posible.<\/p>\n<p style=\"text-align: justify;\">Adem\u00e1s, hay que conocer y estar al d\u00eda de la normativa que nos afecta, ya que disminuir\u00e1 el riesgo de sanciones.<\/p>\n<p style=\"text-align: justify;\">Como administrar la partida de costes ambientales en tu empresa? Cu\u00e9ntanoslo!<\/p>\n","protected":false},"excerpt":{"rendered":"<p>Gestionar bien la partida de los costes ambientales nos puede ayudar, no s\u00f3lo a contener el gasto, sino tambi\u00e9n a ser m\u00e1s eficientes y competitivos . El primer paso para reducir los costes ambientales es internalizarlos , es decir, incluir en el cuenta de explotaci\u00f3n todos los costes que tienen ver con el medio ambiente . Desglosar los costes por diversos conceptos Con este fin, podemos desglosar los costes por diversos conceptos. En primer lugar, incluiremos todo el gasto derivada del consumo de energ\u00eda . Cuanto m\u00e1s segmentada tengamos la informaci\u00f3n de los puntos que nos generan consumo energ\u00e9tico, mejor<\/p>\n","protected":false},"author":14,"featured_media":0,"comment_status":"open","ping_status":"closed","sticky":false,"template":"","format":"standard","meta":[],"categories":[330],"tags":[],"_links":{"self":[{"href":"https:\/\/www.pimealdia.org\/es\/wp-json\/wp\/v2\/posts\/6013"}],"collection":[{"href":"https:\/\/www.pimealdia.org\/es\/wp-json\/wp\/v2\/posts"}],"about":[{"href":"https:\/\/www.pimealdia.org\/es\/wp-json\/wp\/v2\/types\/post"}],"author":[{"embeddable":true,"href":"https:\/\/www.pimealdia.org\/es\/wp-json\/wp\/v2\/users\/14"}],"replies":[{"embeddable":true,"href":"https:\/\/www.pimealdia.org\/es\/wp-json\/wp\/v2\/comments?post=6013"}],"version-history":[{"count":0,"href":"https:\/\/www.pimealdia.org\/es\/wp-json\/wp\/v2\/posts\/6013\/revisions"}],"wp:attachment":[{"href":"https:\/\/www.pimealdia.org\/es\/wp-json\/wp\/v2\/media?parent=6013"}],"wp:term":[{"taxonomy":"category","embeddable":true,"href":"https:\/\/www.pimealdia.org\/es\/wp-json\/wp\/v2\/categories?post=6013"},{"taxonomy":"post_tag","embeddable":true,"href":"https:\/\/www.pimealdia.org\/es\/wp-json\/wp\/v2\/tags?post=6013"}],"curies":[{"name":"wp","href":"https:\/\/api.w.org\/{rel}","templated":true}]}}