{"id":6074,"date":"2016-04-22T12:33:14","date_gmt":"2016-04-22T10:33:14","guid":{"rendered":"https:\/\/www.pimealdia.org\/marxem-colombia-tapuntes-nostre-viatge-empresarial\/"},"modified":"2017-07-06T16:17:02","modified_gmt":"2017-07-06T14:17:02","slug":"marxem-colombia-tapuntes-nostre-viatge-empresarial","status":"publish","type":"post","link":"https:\/\/www.pimealdia.org\/es\/marxem-colombia-tapuntes-nostre-viatge-empresarial\/","title":{"rendered":"\u00a1Misiones comerciales en Colombia! \u00bfTe apuntas a nuestro viaje empresarial?"},"content":{"rendered":"<p style=\"text-align: left;\">Las <strong> misiones comerciales <\/strong> ofrecen a la empresa una buena oportunidad para promocionar sus productos en un mercado de inter\u00e9s, pudiendo establecer contactos con clientes potenciales, obteniendo informaci\u00f3n del mercado in situ y teniendo la oportunidad de evaluar las oportunidades de negocio existentes. Desde hace varios a\u00f1os, desde el departamento Internacional organizamos viajes empresariales en todo el mundo ya que creemos que es una muy buena f\u00f3rmula para conocer nuevos mercados.<\/p>\n<blockquote>\n<p style=\"text-align: left;\">Latinoam\u00e9rica es una de las zonas geogr\u00e1ficas objetivo de este a\u00f1o y, m\u00e1s concretamente, los mercados chileno y colombiano<\/p>\n<\/blockquote>\n<h3 style=\"text-align: left;\"><strong> \u00bfPor qu\u00e9 Chile y Colombia? <\/strong><\/h3>\n<p><img loading=\"lazy\" class=\"wp-image-4036 size-full alignleft\" src=\"http:\/\/www.pimealdia.org\/wp-content\/uploads\/2016\/04\/xile.jpg \" width=\"258\" height=\"195\" \/> Chile es la econom\u00eda emergente m\u00e1s valorada de la regi\u00f3n latinoamericana y una de las m\u00e1s reconocidas a nivel global<\/p>\n<p><strong> Chile <\/strong> es la econom\u00eda <strong> emergente <\/strong> m\u00e1s valorada de la regi\u00f3n latinoamericana y una de las m\u00e1s reconocidas a nivel global. Destaca por tener unos <strong> est\u00e1ndares <\/strong> econ\u00f3micos, pol\u00edticos y sociales equiparables a los de un pa\u00eds desarrollado. La expansi\u00f3n y crecimiento de Chile conlleva que constantemente necesite nutrirse de una gran cantidad de productos y servicios que el pa\u00eds no puede abastecer por s\u00ed mismo.<\/p>\n<p style=\"text-align: left;\">As\u00ed pues, Chile ofrece un gran abanico de oportunidades a las empresas emprendedoras de Catalu\u00f1a. Chile se adapta bien al empresario catal\u00e1n en cuanto a su exigencia de <strong> calidad <\/strong> y buen hacer, a la facilidad de comunicaci\u00f3n por el idioma y, cada vez m\u00e1s, en cuanto al n\u00famero y frecuencia de conexiones a\u00e9reas.<\/p>\n<p><img loading=\"lazy\" class=\"wp-image-4032 size-medium alignleft\" src=\"http:\/\/www.pimealdia.org\/wp-content\/uploads\/2016\/04\/Colombia-300x199.jpg \" width=\"300\" height=\"199\" srcset=\"https:\/\/www.pimealdia.org\/wp-content\/uploads\/2016\/04\/Colombia-300x199.jpg 300w, https:\/\/www.pimealdia.org\/wp-content\/uploads\/2016\/04\/Colombia-600x399.jpg 600w, https:\/\/www.pimealdia.org\/wp-content\/uploads\/2016\/04\/Colombia-400x266.jpg 400w, https:\/\/www.pimealdia.org\/wp-content\/uploads\/2016\/04\/Colombia.jpg 650w\" sizes=\"(max-width: 300px) 100vw, 300px\" \/> Colombia es un pa\u00eds econ\u00f3micamente s\u00f3lido gracias a su potente mercado interior, a sus recursos naturales ya su apertura al exterior<\/p>\n<p style=\"text-align: left;\"><strong> Colombia <\/strong>, por su parte, ha experimentado un <strong> crecimiento medio del 3% <\/strong> anual del PIB durante los \u00faltimos 30 a\u00f1os . Es un pa\u00eds econ\u00f3micamente s\u00f3lido gracias a su <strong> potente mercado interior <\/strong> &#8211; 48,6 millones de habitantes &#8211; a sus <strong> recursos naturales <\/strong> y su <strong> apertura al exterior. <\/strong><\/p>\n<p style=\"text-align: left;\">Colombia, adem\u00e1s, tiene un <strong> acuerdo de libre comercio <\/strong> con la Uni\u00f3n Europea desde 2012 que facilita considerablemente las operaciones comerciales. Gracias al crecimiento de la clase media se ha abierto un nuevo abanico de oportunidades tales como:<\/p>\n<h3 style=\"text-align: left;\"><strong> Oportunidades en Colombia <\/strong><\/h3>\n<ul style=\"text-align: left;\">\n<li><b> Industria <\/b>: Sider\u00fargica, Automoci\u00f3n, Maquinaria de construcci\u00f3n, Maquinaria Industrial, Material el\u00e9ctrico.<\/li>\n<li><b> Agricultura: <\/b> Maquinaria para preparaci\u00f3n cultivo, maquinaria- centros almacenaje, Fertilizantes y agro &#8211; nutrientes. Qu\u00edmica org\u00e1nica.<\/li>\n<li><b> Alimentaci\u00f3n <\/b>: Aceite de Oliva, Vinos D.O.<\/li>\n<li><b> Hosteler\u00eda + Turismo <\/b><\/li>\n<li><b> Farma-qu\u00edmica <\/b><\/li>\n<li><b> Confecci\u00f3n \/ Moda <\/b> <b> Femenina <\/b><\/li>\n<li><b> TIC: <\/b> Software y programaci\u00f3n, Proyectos especializados, Telecomunicaciones.<\/li>\n<li><b> Energ\u00edas <\/b> <b> renovables <\/b><\/li>\n<li><b> Especialidades <\/b> <b> vetern\u00e0ries <\/b><\/li>\n<\/ul>\n<blockquote><p>Con todas estas oportunidades creemos que es un buen momento para ir a Colombia a conocerlas in-situ y es por eso que os animamos a descubrir este pa\u00eds y explorar sus oportunidades comerciales!<\/p><\/blockquote>\n<h3 style=\"text-align: left;\"><strong> C\u00f3mo preparamos las misiones comerciales? <\/strong><\/h3>\n<p style=\"text-align: left;\">La misi\u00f3n empresarial a Colombia visitar\u00e1 las ciudades de Bogot\u00e1 y Medell\u00edn para realizar all\u00ed <strong> reuniones B2B <\/strong> personalizadas. Se dispondr\u00e1 de dos d\u00edas y medio de reuniones de negocio en Bogot\u00e1 y de un d\u00eda y medio en Medell\u00edn. La llegada a Bogot\u00e1 ser\u00e1 el domingo 22 de mayo y el vuelo de regreso saldr\u00e1 el viernes 27 por la noche.<\/p>\n<p style=\"text-align: left;\">PIMEC te ofrece la posibilidad de obtener de una <strong> agenda de reuniones <\/strong> personalizadas que incluir\u00e1 informes de las empresas, feedback de las comunicaciones previas a la celebraci\u00f3n de las reuniones y la organizaci\u00f3n log\u00edstica para las visitas. Adem\u00e1s, se incluye un dossier espec\u00edfico del sector o producto de tu empresa en el contexto colombiano y se adjuntar\u00e1 un dossier informativo del pa\u00eds con las posibilidades detalladas que ofrece el mercado colombiano, los datos macroecon\u00f3micos de los \u00faltimos 4 a\u00f1os, cultura empresarial local e informaci\u00f3n sobre la documentaci\u00f3n y condiciones legales para el comercio con Colombia.<\/p>\n<p style=\"text-align: left;\">M\u00e1s informaci\u00f3n <a href=\"http:\/\/www.pimec.org\/ca\/pimec-tu\/agenda\/aterrem-colombia-viatge-empresarial-bogota-medellin \"> <strong> aqu\u00ed <\/strong> <\/a><\/p>\n<p style=\"text-align: left;\">No dude en contactarnos y inscribirse en el viaje!<\/p>\n","protected":false},"excerpt":{"rendered":"<p>Las misiones comerciales ofrecen a la empresa una buena oportunidad para promocionar sus productos en un mercado de inter\u00e9s, pudiendo establecer contactos con clientes potenciales, obteniendo informaci\u00f3n del mercado in situ y teniendo la oportunidad de evaluar las oportunidades de negocio existentes. Desde hace varios a\u00f1os, desde el departamento Internacional organizamos viajes empresariales en todo el mundo ya que creemos que es una muy buena f\u00f3rmula para conocer nuevos mercados. Latinoam\u00e9rica es una de las zonas geogr\u00e1ficas objetivo de este a\u00f1o y, m\u00e1s concretamente, los mercados chileno y colombiano \u00bfPor qu\u00e9 Chile y Colombia? Chile es la econom\u00eda emergente m\u00e1s<\/p>\n","protected":false},"author":12,"featured_media":0,"comment_status":"open","ping_status":"closed","sticky":false,"template":"","format":"standard","meta":[],"categories":[330],"tags":[],"_links":{"self":[{"href":"https:\/\/www.pimealdia.org\/es\/wp-json\/wp\/v2\/posts\/6074"}],"collection":[{"href":"https:\/\/www.pimealdia.org\/es\/wp-json\/wp\/v2\/posts"}],"about":[{"href":"https:\/\/www.pimealdia.org\/es\/wp-json\/wp\/v2\/types\/post"}],"author":[{"embeddable":true,"href":"https:\/\/www.pimealdia.org\/es\/wp-json\/wp\/v2\/users\/12"}],"replies":[{"embeddable":true,"href":"https:\/\/www.pimealdia.org\/es\/wp-json\/wp\/v2\/comments?post=6074"}],"version-history":[{"count":0,"href":"https:\/\/www.pimealdia.org\/es\/wp-json\/wp\/v2\/posts\/6074\/revisions"}],"wp:attachment":[{"href":"https:\/\/www.pimealdia.org\/es\/wp-json\/wp\/v2\/media?parent=6074"}],"wp:term":[{"taxonomy":"category","embeddable":true,"href":"https:\/\/www.pimealdia.org\/es\/wp-json\/wp\/v2\/categories?post=6074"},{"taxonomy":"post_tag","embeddable":true,"href":"https:\/\/www.pimealdia.org\/es\/wp-json\/wp\/v2\/tags?post=6074"}],"curies":[{"name":"wp","href":"https:\/\/api.w.org\/{rel}","templated":true}]}}