{"id":6084,"date":"2016-04-26T13:51:37","date_gmt":"2016-04-26T11:51:37","guid":{"rendered":"https:\/\/www.pimealdia.org\/nou-criteri-respecte-utilitzacio-cameres-videovigilancia-lentorn-treball\/"},"modified":"2017-07-06T16:34:18","modified_gmt":"2017-07-06T14:34:18","slug":"nou-criteri-respecte-utilitzacio-cameres-videovigilancia-lentorn-treball","status":"publish","type":"post","link":"https:\/\/www.pimealdia.org\/es\/nou-criteri-respecte-utilitzacio-cameres-videovigilancia-lentorn-treball\/","title":{"rendered":"Nuevo criterio respecto a la utilizaci\u00f3n de las c\u00e1maras de videovigilancia en el entorno de trabajo"},"content":{"rendered":"<p style=\"text-align: justify;\"><a href=\"https:\/\/www.boe.es\/boe\/dias\/2016\/04\/08\/pdfs\/BOE-A-2016-3405.pdf\" target=\"_ blank\"> la sentencia del Tribunal constitucional de fecha, 3 de marzo de 2016 <\/a>, establece una nueva doctrina constitucional respecto a la utilizaci\u00f3n de las <strong> c\u00e1maras de videovigilancia <\/strong> los centros de trabajo.<\/p>\n<p style=\"text-align: justify;\"><iframe src=\"\/\/docs.google.com\/viewer?url=https%3A%2F%2Fwww.boe.es%2Fboe%2Fdias%2F2016%2F04%2F08%2Fpdfs%2FBOE-A-2016-3405.pdf&hl=ca&embedded=true\" class=\"gde-frame\" style=\"width:100%; height:75%; border: none;\" scrolling=\"no\"><\/iframe>\n<p class=\"gde-text\"><a href=\"https:\/\/www.boe.es\/boe\/dias\/2016\/04\/08\/pdfs\/BOE-A-2016-3405.pdf\" class=\"gde-link\">Download (PDF, 366KB)<\/a><\/p><\/p>\n<p><img loading=\"lazy\" class=\"wp-image-4063 size-medium alignleft\" src=\"http:\/\/www.pimealdia.org\/wp-content\/uploads\/2016\/04\/videovigil\u00e0ncia-1-1-300x125.jpg \" width=\"300\" height=\"125\" srcset=\"https:\/\/www.pimealdia.org\/wp-content\/uploads\/2016\/04\/videovigil\u00e0ncia-1-1-300x125.jpg 300w, https:\/\/www.pimealdia.org\/wp-content\/uploads\/2016\/04\/videovigil\u00e0ncia-1-1-768x319.jpg 768w, https:\/\/www.pimealdia.org\/wp-content\/uploads\/2016\/04\/videovigil\u00e0ncia-1-1-800x333.jpg 800w, https:\/\/www.pimealdia.org\/wp-content\/uploads\/2016\/04\/videovigil\u00e0ncia-1-1-600x249.jpg 600w, https:\/\/www.pimealdia.org\/wp-content\/uploads\/2016\/04\/videovigil\u00e0ncia-1-1-400x166.jpg 400w, https:\/\/www.pimealdia.org\/wp-content\/uploads\/2016\/04\/videovigil\u00e0ncia-1-1.jpg 854w\" sizes=\"(max-width: 300px) 100vw, 300px\" \/> Nuevo criterio respecto a la utilizaci\u00f3n de las c\u00e1maras de videovigilancia<\/p>\n<p>La nueva doctrina constitucional establece que la instalaci\u00f3n de un <strong> signo distintivo <\/strong> advirtiendo del uso de c\u00e1maras de seguridad da cumplimiento a la obligaci\u00f3n de informaci\u00f3n previa a los trabajadores, sin que deba especificar la finalidad exacta que se haya asignado a este control, aunque sea el control de la actividad laboral.<\/p>\n<blockquote><p>S\u00f3lo si la utilizaci\u00f3n de los datos tiene finalidad ajena al cumplimiento del contrato de trabajo, el empresario estar\u00e1 obligado a pedir el consentimiento de los trabajadores afectados.<\/p><\/blockquote>\n<p style=\"text-align: justify;\">Los controles empresariales respecto la actividad de los trabajadores son l\u00edcitos, siempre que respeten los derechos fundamentales, se debe valorar cada supuesto la idoneidad y proporcionalidad de la medida.<\/p>\n<blockquote>\n<p style=\"text-align: justify;\">Tanto los trabajadores como sus representantes deben conocer la instalaci\u00f3n de medidas de control y su ubicaci\u00f3n<\/p>\n<\/blockquote>\n<h3 style=\"text-align: justify;\">Conclusi\u00f3n<\/h3>\n<p style=\"text-align: justify;\">Por lo tanto, se admite la instalaci\u00f3n de c\u00e1maras de videovigilancia en los centros de trabajo pero tienen que estar colocadas donde se realice la prestaci\u00f3n laboral, con informaci\u00f3n previa a los trabajadores.<\/p>\n<p>\u00bfY vosotros? \u00bfYa cumple con estos criterios en su empresa? \u00a1Cu\u00e9ntanos en los comentarios!<\/p>\n","protected":false},"excerpt":{"rendered":"<p>la sentencia del Tribunal constitucional de fecha, 3 de marzo de 2016 , establece una nueva doctrina constitucional respecto a la utilizaci\u00f3n de las c\u00e1maras de videovigilancia los centros de trabajo. Nuevo criterio respecto a la utilizaci\u00f3n de las c\u00e1maras de videovigilancia La nueva doctrina constitucional establece que la instalaci\u00f3n de un signo distintivo advirtiendo del uso de c\u00e1maras de seguridad da cumplimiento a la obligaci\u00f3n de informaci\u00f3n previa a los trabajadores, sin que deba especificar la finalidad exacta que se haya asignado a este control, aunque sea el control de la actividad laboral. S\u00f3lo si la utilizaci\u00f3n de los<\/p>\n","protected":false},"author":40,"featured_media":0,"comment_status":"open","ping_status":"closed","sticky":false,"template":"","format":"standard","meta":[],"categories":[342],"tags":[],"_links":{"self":[{"href":"https:\/\/www.pimealdia.org\/es\/wp-json\/wp\/v2\/posts\/6084"}],"collection":[{"href":"https:\/\/www.pimealdia.org\/es\/wp-json\/wp\/v2\/posts"}],"about":[{"href":"https:\/\/www.pimealdia.org\/es\/wp-json\/wp\/v2\/types\/post"}],"author":[{"embeddable":true,"href":"https:\/\/www.pimealdia.org\/es\/wp-json\/wp\/v2\/users\/40"}],"replies":[{"embeddable":true,"href":"https:\/\/www.pimealdia.org\/es\/wp-json\/wp\/v2\/comments?post=6084"}],"version-history":[{"count":0,"href":"https:\/\/www.pimealdia.org\/es\/wp-json\/wp\/v2\/posts\/6084\/revisions"}],"wp:attachment":[{"href":"https:\/\/www.pimealdia.org\/es\/wp-json\/wp\/v2\/media?parent=6084"}],"wp:term":[{"taxonomy":"category","embeddable":true,"href":"https:\/\/www.pimealdia.org\/es\/wp-json\/wp\/v2\/categories?post=6084"},{"taxonomy":"post_tag","embeddable":true,"href":"https:\/\/www.pimealdia.org\/es\/wp-json\/wp\/v2\/tags?post=6084"}],"curies":[{"name":"wp","href":"https:\/\/api.w.org\/{rel}","templated":true}]}}