{"id":6113,"date":"2016-04-29T12:03:49","date_gmt":"2016-04-29T10:03:49","guid":{"rendered":"https:\/\/www.pimealdia.org\/lenvelliment-de-les-plantilles-repte-o-oportunitat-de-canvi\/"},"modified":"2017-07-07T12:36:21","modified_gmt":"2017-07-07T10:36:21","slug":"lenvelliment-de-les-plantilles-repte-o-oportunitat-de-canvi","status":"publish","type":"post","link":"https:\/\/www.pimealdia.org\/es\/lenvelliment-de-les-plantilles-repte-o-oportunitat-de-canvi\/","title":{"rendered":"El envejecimiento de las plantillas. \u00bfReto u oportunidad de cambio?"},"content":{"rendered":"<p>El envejecimiento de las plantillas es una realidad que los empresarios no pueden obviar, los estudios demogr\u00e1ficos lo demuestran, <strong> tenemos plantillas cada vez m\u00e1s envejecidas <\/strong>.<\/p>\n<blockquote><p>Se calcula que el a\u00f1o 2035 el n\u00famero de mayores de 65 a\u00f1os se habr\u00e1 duplicado respecto a los datos actuales.<\/p><\/blockquote>\n<p>Los empresarios deben trabajar este camino para poder afrontar este nuevo escenario y hacer uso de todas las herramientas que conviertan una posible amenaza en una oportunidad que permita aprovechar todo el potencial de su plantilla en cada etapa de la vida, desarrollando pol\u00edticas de gesti\u00f3n de la diversidad bien estructuradas a corto, medio y largo plazo.<\/p>\n<p><img loading=\"lazy\" class=\"alignleft wp-image-4147\" src=\"http:\/\/www.pimealdia.org\/wp-content\/uploads\/2016\/04\/envelliment-300x257.jpg\" width=\"264\" height=\"226 \" srcset=\"https:\/\/www.pimealdia.org\/wp-content\/uploads\/2016\/04\/envelliment-300x257.jpg 300w, https:\/\/www.pimealdia.org\/wp-content\/uploads\/2016\/04\/envelliment-768x659.jpg 768w, https:\/\/www.pimealdia.org\/wp-content\/uploads\/2016\/04\/envelliment.jpg 800w, https:\/\/www.pimealdia.org\/wp-content\/uploads\/2016\/04\/envelliment-600x515.jpg 600w, https:\/\/www.pimealdia.org\/wp-content\/uploads\/2016\/04\/envelliment-400x343.jpg 400w, https:\/\/www.pimealdia.org\/wp-content\/uploads\/2016\/04\/envelliment-200x170.jpg 200w\" sizes=\"(max-width: 300px) 100vw, 300px\" \/><\/p>\n<p>El eje vertebral de este proceso debe ser la <strong> <a href=\"http:\/\/www.pimealdia.org\/category\/rrhh\/\" target=\"_blank\" rel=\"noopener noreferrer\"> formaci\u00f3n continua <\/a> <\/strong> los trabajadores, habr\u00eda que ir un paso m\u00e1s all\u00e1 y revisar los programas actuales tanto en su contenido como en el m\u00e9todo de aprendizaje, ya que no todas las edades se aprende igual. \u00bfSe ha planteado, por ejemplo, la dificultad que le puede suponer a una persona de m\u00e1s edad familiarizarse con un sistema de aprendizaje en l\u00ednea? Habr\u00eda que revisar el acompa\u00f1amiento en los diferentes m\u00e9todos empleados.<\/p>\n<p style=\"text-align: justify;\">En un entorno de globalizaci\u00f3n cada vez m\u00e1s cambiante se potenciar\u00e1n las <strong> habilidades de los j\u00f3venes emprendedores <\/strong> y el <strong> conocimiento de los seniors , fruto de su experiencia, para poder mejorar la productividad. <\/strong><\/p>\n<h4 style=\"text-align: justify;\">La transmisi\u00f3n del conocimiento con los equipos de trabajo intergeneracional<\/h4>\n<p style=\"text-align: left;\"><img loading=\"lazy\" class=\"size-medium wp-image-4149 alignleft\" src=\"http:\/\/www.pimealdia.org\/wp-content\/uploads\/2016\/04\/envelliment-1-300x139.jpg \" alt=\" \" width=\" 300 \" height=\" 139 \" \/> En este sentido hay que encontrar sinergias que permitan la <strong> transmisi\u00f3n del conocimiento <\/strong>, impulsando <strong> equipos de trabajo intergeneracional <\/strong>. La movilidad funcional enriquecer\u00e1 a la vez a la empresa y los trabajadores, ya que optimizar\u00e1 la polivalencia.<\/p>\n<blockquote>\n<p style=\"text-align: left;\">Hay que encontrar sinergias que permitan la transmisi\u00f3n del conocimiento impulsando equipos de trabajo intergeneracional<\/p>\n<\/blockquote>\n<p style=\"text-align: justify;\">En este camino de cambio organizacional se hace <strong> imprescindible <a href=\"http:\/\/www.pimealdia.org\/2016\/03\/29\/quins-efectes- puede-tener-la-rse-dentro-la-mi-pyme \/\" target=\" _ blank \"> adecuar los puestos de trabajo <\/a> <\/strong> a este colectivo de m\u00e1s edad para mantener su capacidad laboral y minimizar el absentismo.<\/p>\n<p style=\"text-align: justify;\">Hay que reducir las cargas f\u00edsicas adaptando los puestos de trabajo a la realidad presente o futura de las plantillas, asimismo redise\u00f1ar los horarios analizando las necesidades de descansos diarios y semanales diferenciados caso por caso y establecer pol\u00edticas en materia de permisos y conciliaci\u00f3n que a la vez revertir\u00e1n en una bajada del absentismo.<\/p>\n","protected":false},"excerpt":{"rendered":"<p>El envejecimiento de las plantillas es una realidad que los empresarios no pueden obviar, los estudios demogr\u00e1ficos lo demuestran, tenemos plantillas cada vez m\u00e1s envejecidas . Se calcula que el a\u00f1o 2035 el n\u00famero de mayores de 65 a\u00f1os se habr\u00e1 duplicado respecto a los datos actuales. Los empresarios deben trabajar este camino para poder afrontar este nuevo escenario y hacer uso de todas las herramientas que conviertan una posible amenaza en una oportunidad que permita aprovechar todo el potencial de su plantilla en cada etapa de la vida, desarrollando pol\u00edticas de gesti\u00f3n de la diversidad bien estructuradas a corto,<\/p>\n","protected":false},"author":5,"featured_media":0,"comment_status":"open","ping_status":"closed","sticky":false,"template":"","format":"standard","meta":[],"categories":[342],"tags":[],"_links":{"self":[{"href":"https:\/\/www.pimealdia.org\/es\/wp-json\/wp\/v2\/posts\/6113"}],"collection":[{"href":"https:\/\/www.pimealdia.org\/es\/wp-json\/wp\/v2\/posts"}],"about":[{"href":"https:\/\/www.pimealdia.org\/es\/wp-json\/wp\/v2\/types\/post"}],"author":[{"embeddable":true,"href":"https:\/\/www.pimealdia.org\/es\/wp-json\/wp\/v2\/users\/5"}],"replies":[{"embeddable":true,"href":"https:\/\/www.pimealdia.org\/es\/wp-json\/wp\/v2\/comments?post=6113"}],"version-history":[{"count":0,"href":"https:\/\/www.pimealdia.org\/es\/wp-json\/wp\/v2\/posts\/6113\/revisions"}],"wp:attachment":[{"href":"https:\/\/www.pimealdia.org\/es\/wp-json\/wp\/v2\/media?parent=6113"}],"wp:term":[{"taxonomy":"category","embeddable":true,"href":"https:\/\/www.pimealdia.org\/es\/wp-json\/wp\/v2\/categories?post=6113"},{"taxonomy":"post_tag","embeddable":true,"href":"https:\/\/www.pimealdia.org\/es\/wp-json\/wp\/v2\/tags?post=6113"}],"curies":[{"name":"wp","href":"https:\/\/api.w.org\/{rel}","templated":true}]}}