{"id":6117,"date":"2016-05-02T11:05:15","date_gmt":"2016-05-02T09:05:15","guid":{"rendered":"https:\/\/www.pimealdia.org\/leconomia-social-creix-pimec\/"},"modified":"2017-07-07T12:42:25","modified_gmt":"2017-07-07T10:42:25","slug":"leconomia-social-creix-pimec","status":"publish","type":"post","link":"https:\/\/www.pimealdia.org\/es\/leconomia-social-creix-pimec\/","title":{"rendered":"La Econom\u00eda Social crece en PIMEC"},"content":{"rendered":"<p>Con motivo de su asamblea general el pasado d\u00eda 28 de abril, la asociaci\u00f3n <a href=\"http:\/\/www.dincat.cat\/es\" target=\"_blank\" rel=\"noopener noreferrer\"> DINCAT <\/a> ha convertido socio de PIMEC y ha firmado un convenio de colaboraci\u00f3n con la patronal. La Econom\u00eda Social crece a PIMEC.<\/p>\n<p><iframe loading=\"lazy\" title=\"Presentaci\u00f3 de Dincat\" width=\"1170\" height=\"658\" src=\"https:\/\/www.youtube.com\/embed\/o_40h0dvze8?feature=oembed\" frameborder=\"0\" allow=\"accelerometer; autoplay; clipboard-write; encrypted-media; gyroscope; picture-in-picture\" allowfullscreen><\/iframe><\/p>\n<p><a href=\"http:\/\/www.dincat.cat\/es\" target=\"_blank\" rel=\"noopener noreferrer\"> DINCAT <\/a> es una de las instituciones de referencia en la atenci\u00f3n a los discapacitados intelectuales en Catalu\u00f1a. La asociaci\u00f3n re\u00fane a unas 300 entidades y atiende a unas 31.000 personas con diferentes grados de discapacidad intelectual.<\/p>\n<p><img loading=\"lazy\" class=\"size-medium wp-image-4160 alignleft\" src=\"http:\/\/www.pimealdia.org\/wp-content\/uploads\/2016\/05\/dincat1-300x205.jpg\" alt=\"\" width=\"300\" height=\"205\" srcset=\"https:\/\/www.pimealdia.org\/wp-content\/uploads\/2016\/05\/dincat1-300x205.jpg 300w, https:\/\/www.pimealdia.org\/wp-content\/uploads\/2016\/05\/dincat1-600x410.jpg 600w, https:\/\/www.pimealdia.org\/wp-content\/uploads\/2016\/05\/dincat1-400x273.jpg 400w, https:\/\/www.pimealdia.org\/wp-content\/uploads\/2016\/05\/dincat1.jpg 630w\" sizes=\"(max-width: 300px) 100vw, 300px\" \/> DINCAT a\u00f1ade a otros colectivos del \u00e1mbito <a href=\"http:\/\/www.pimealdia.org\/category\/responsabilitat-social\/\" target=\"_ blank\"> socia <\/a> la ya integrados a PIMEC, con la voluntad conjunta de estrechar los v\u00ednculos entre el mundo de la empresa y el \u00e1mbito social. La integraci\u00f3n de los discapacitados en el mundo laboral o la ayuda en el cumplimiento de la Ley de Integraci\u00f3n Social del Minusv\u00e1lido (LISMI) ser\u00e1n dos campos de colaboraci\u00f3n entre PIMEC y DINCAT.<\/p>\n<p>Con esta incorporaci\u00f3n, PIMEC confirma su talante de patronal moderna, sensible y comprometida con la <a href=\"http:\/\/www.pimealdia.org\/tag\/rse\/\" target=\"_blank\" rel=\"noopener noreferrer\"> sociedad <\/a>.<\/p>\n","protected":false},"excerpt":{"rendered":"<p>Con motivo de su asamblea general el pasado d\u00eda 28 de abril, la asociaci\u00f3n DINCAT ha convertido socio de PIMEC y ha firmado un convenio de colaboraci\u00f3n con la patronal. La Econom\u00eda Social crece a PIMEC. DINCAT es una de las instituciones de referencia en la atenci\u00f3n a los discapacitados intelectuales en Catalu\u00f1a. La asociaci\u00f3n re\u00fane a unas 300 entidades y atiende a unas 31.000 personas con diferentes grados de discapacidad intelectual. DINCAT a\u00f1ade a otros colectivos del \u00e1mbito socia la ya integrados a PIMEC, con la voluntad conjunta de estrechar los v\u00ednculos entre el mundo de la empresa y<\/p>\n","protected":false},"author":19,"featured_media":0,"comment_status":"open","ping_status":"closed","sticky":false,"template":"","format":"standard","meta":[],"categories":[338],"tags":[780],"_links":{"self":[{"href":"https:\/\/www.pimealdia.org\/es\/wp-json\/wp\/v2\/posts\/6117"}],"collection":[{"href":"https:\/\/www.pimealdia.org\/es\/wp-json\/wp\/v2\/posts"}],"about":[{"href":"https:\/\/www.pimealdia.org\/es\/wp-json\/wp\/v2\/types\/post"}],"author":[{"embeddable":true,"href":"https:\/\/www.pimealdia.org\/es\/wp-json\/wp\/v2\/users\/19"}],"replies":[{"embeddable":true,"href":"https:\/\/www.pimealdia.org\/es\/wp-json\/wp\/v2\/comments?post=6117"}],"version-history":[{"count":0,"href":"https:\/\/www.pimealdia.org\/es\/wp-json\/wp\/v2\/posts\/6117\/revisions"}],"wp:attachment":[{"href":"https:\/\/www.pimealdia.org\/es\/wp-json\/wp\/v2\/media?parent=6117"}],"wp:term":[{"taxonomy":"category","embeddable":true,"href":"https:\/\/www.pimealdia.org\/es\/wp-json\/wp\/v2\/categories?post=6117"},{"taxonomy":"post_tag","embeddable":true,"href":"https:\/\/www.pimealdia.org\/es\/wp-json\/wp\/v2\/tags?post=6117"}],"curies":[{"name":"wp","href":"https:\/\/api.w.org\/{rel}","templated":true}]}}