{"id":6176,"date":"2016-05-17T00:01:26","date_gmt":"2016-05-16T22:01:26","guid":{"rendered":"https:\/\/www.pimealdia.org\/facturar-electronicament-obligacio-dret\/"},"modified":"2017-07-07T16:55:24","modified_gmt":"2017-07-07T14:55:24","slug":"facturar-electronicament-obligacio-dret","status":"publish","type":"post","link":"https:\/\/www.pimealdia.org\/es\/facturar-electronicament-obligacio-dret\/","title":{"rendered":"Factura electr\u00f3nica, \u00bfuna obligaci\u00f3n o un derecho?"},"content":{"rendered":"<p>El d\u00eda 15 de enero de 2016 a\u00f1o, entr\u00f3 en vigor la <a href=\"https:\/\/www.boe.es\/boe_catalan\/dias\/2013\/12\/28\/pdfs\/BOE-A-2013-13722-C .pdf \" target=\" _ blank \"> ley 25\/2013 <\/a>, de impulso de la factura electr\u00f3nica y creaci\u00f3n del registro contable de facturas en el sector p\u00fablico.<br \/>\nEsta ley regula el formato y las condiciones con que las empresas proveedoras de las administraciones p\u00fablicas deben hacer y entregar las facturas.<\/p>\n<p><img loading=\"lazy\" class=\"wp-image-4296 alignleft\" src=\"http:\/\/www.pimealdia.org\/wp-content\/uploads\/2016\/05\/Factura-electr\u00f3cnica-6-300x225.jpg\" alt=\"\" width=\"260\" height=\"195\" srcset=\"https:\/\/www.pimealdia.org\/wp-content\/uploads\/2016\/05\/Factura-electr\u00f3cnica-6-300x225.jpg 300w, https:\/\/www.pimealdia.org\/wp-content\/uploads\/2016\/05\/Factura-electr\u00f3cnica-6.jpg 400w\" sizes=\"(max-width: 260px) 100vw, 260px\" \/> en este a\u00f1o y pocos meses, son muchas las empresas que han adaptado sus softwares de facturaci\u00f3n para cumplir con esta ley, pero a\u00fan son muchas m\u00e1s las que a d\u00eda de hoy duplican recursos con soluciones manuales como la que pimec pone a disposici\u00f3n de pymes y aut\u00f3nomos de forma gratuita, <a href=\"http:\/\/www.pimefactura.com\" target=\"_blank\" rel=\"noopener noreferrer\"> pimefactura.com. <\/a><\/p>\n<p>En un primer momento, muchos empresarios entendieron esta ley como una obligaci\u00f3n m\u00e1s, pero a medida que se ha ido consolidando, su opini\u00f3n ha ido cambiado.<\/p>\n<p><strong> <img loading=\"lazy\" class=\"wp-image-817 alignleft\" src=\"http:\/\/www.pimealdia.org\/wp-content\/uploads\/2016\/05\/facturaeBOE-1024x527-300x154.jpg\" alt=\"facturaeBOE -1024x527 \" width=\"280\" height=\"144\" srcset=\"https:\/\/www.pimealdia.org\/wp-content\/uploads\/2016\/05\/facturaeBOE-1024x527-300x154.jpg 300w, https:\/\/www.pimealdia.org\/wp-content\/uploads\/2016\/05\/facturaeBOE-1024x527-768x395.jpg 768w, https:\/\/www.pimealdia.org\/wp-content\/uploads\/2016\/05\/facturaeBOE-1024x527.jpg 1024w, https:\/\/www.pimealdia.org\/wp-content\/uploads\/2016\/05\/facturaeBOE-1024x527-1000x515.jpg 1000w, https:\/\/www.pimealdia.org\/wp-content\/uploads\/2016\/05\/facturaeBOE-1024x527-800x412.jpg 800w, https:\/\/www.pimealdia.org\/wp-content\/uploads\/2016\/05\/facturaeBOE-1024x527-600x309.jpg 600w, https:\/\/www.pimealdia.org\/wp-content\/uploads\/2016\/05\/facturaeBOE-1024x527-400x206.jpg 400w\" sizes=\"(max-width: 280px) 100vw, 280px\" \/><\/strong><strong> No podemos olvidar, que la ley 25\/2013 su pre\u00e1mbulo dice: <\/strong><br \/>\nUno de los elementos clave para mejorar la competitividad de las empresas consiste en reducir la morosidad de las administraciones p\u00fablicas, ya que esto permite reducir sus necesidades de financiaci\u00f3n y evitar los efectos negativos que ello genera sobre el empleo y su propia supervivencia<\/p>\n<h3><strong> Resumiendo:<br \/>\n<\/strong><\/h3>\n<ul>\n<li>Entregar las facturas en formato electr\u00f3nico a trav\u00e9s de los Puntos generales de entrada de facturas, garantiza al emisor que las facturas han llegado a destino y se han &#8220;registrado&#8221;.<\/li>\n<li>La ley obliga a las administraciones p\u00fablicas a pagar las facturas en un plazo m\u00e1ximo de 30 d\u00edas, a partir de la fecha de registro de la misma.<\/li>\n<li>Los proveedores de las administraciones p\u00fablicas tienen <strong> todo el derecho a hacerlas en formato electr\u00f3nico <\/strong> y registrarlas a trav\u00e9s de los Puntos generales de entrada de facturas, sea cual sea la administraci\u00f3n receptora y cualquiera que sea el importe de la factura.<\/li>\n<li>La factura electr\u00f3nica es la herramienta necesaria, y el registro contable de facturas es la garant\u00eda de transparencia entre las administraciones y los proveedores y la sociedad en general.<\/li>\n<\/ul>\n<p><strong> PIMEC <\/strong>, recomienda a todas las empresas y aut\u00f3nomos que tengan que facturar a cualquier administraci\u00f3n p\u00fablica del estado espa\u00f1ol, lo haga siempre en formato electr\u00f3nico. <strong> Es un derecho que no podemos renunciar. <\/strong><\/p>\n","protected":false},"excerpt":{"rendered":"<p>El d\u00eda 15 de enero de 2016 a\u00f1o, entr\u00f3 en vigor la ley 25\/2013 , de impulso de la factura electr\u00f3nica y creaci\u00f3n del registro contable de facturas en el sector p\u00fablico. Esta ley regula el formato y las condiciones con que las empresas proveedoras de las administraciones p\u00fablicas deben hacer y entregar las facturas. en este a\u00f1o y pocos meses, son muchas las empresas que han adaptado sus softwares de facturaci\u00f3n para cumplir con esta ley, pero a\u00fan son muchas m\u00e1s las que a d\u00eda de hoy duplican recursos con soluciones manuales como la que pimec pone a disposici\u00f3n<\/p>\n","protected":false},"author":11,"featured_media":0,"comment_status":"open","ping_status":"closed","sticky":false,"template":"","format":"standard","meta":[],"categories":[772,770],"tags":[],"_links":{"self":[{"href":"https:\/\/www.pimealdia.org\/es\/wp-json\/wp\/v2\/posts\/6176"}],"collection":[{"href":"https:\/\/www.pimealdia.org\/es\/wp-json\/wp\/v2\/posts"}],"about":[{"href":"https:\/\/www.pimealdia.org\/es\/wp-json\/wp\/v2\/types\/post"}],"author":[{"embeddable":true,"href":"https:\/\/www.pimealdia.org\/es\/wp-json\/wp\/v2\/users\/11"}],"replies":[{"embeddable":true,"href":"https:\/\/www.pimealdia.org\/es\/wp-json\/wp\/v2\/comments?post=6176"}],"version-history":[{"count":0,"href":"https:\/\/www.pimealdia.org\/es\/wp-json\/wp\/v2\/posts\/6176\/revisions"}],"wp:attachment":[{"href":"https:\/\/www.pimealdia.org\/es\/wp-json\/wp\/v2\/media?parent=6176"}],"wp:term":[{"taxonomy":"category","embeddable":true,"href":"https:\/\/www.pimealdia.org\/es\/wp-json\/wp\/v2\/categories?post=6176"},{"taxonomy":"post_tag","embeddable":true,"href":"https:\/\/www.pimealdia.org\/es\/wp-json\/wp\/v2\/tags?post=6176"}],"curies":[{"name":"wp","href":"https:\/\/api.w.org\/{rel}","templated":true}]}}