{"id":6184,"date":"2016-05-17T15:33:00","date_gmt":"2016-05-17T13:33:00","guid":{"rendered":"https:\/\/www.pimealdia.org\/coneixes-obligatorietat-registrar-jornada-diaria-dels-teus-treballadors\/"},"modified":"2017-07-07T17:19:47","modified_gmt":"2017-07-07T15:19:47","slug":"coneixes-obligatorietat-registrar-jornada-diaria-dels-teus-treballadors","status":"publish","type":"post","link":"https:\/\/www.pimealdia.org\/es\/coneixes-obligatorietat-registrar-jornada-diaria-dels-teus-treballadors\/","title":{"rendered":"Es obligatorio un registro diario de la jornada de tus trabajadores"},"content":{"rendered":"<p>La sentencia de la Audiencia Nacional de fecha, 4 de diciembre de 2015, establece la <strong> obligaci\u00f3n <\/strong> del empresario de establecer un <strong> sistema de registro diario de la jornada <\/strong> como una herramienta imprescindible para poder comprobar la realizaci\u00f3n de horas extraordinarias.<\/p>\n<h3>Una herramienta de obligado cumplimiento<\/h3>\n<p><img loading=\"lazy\" class=\"size-medium wp-image-4306 alignleft\" src=\"http:\/\/www.pimealdia.org\/wp-content\/uploads\/2016\/05\/registre-de-la-jornada-laboral-1-300x200.jpg\" alt=\"\" width=\"300 \" height=\"200\" srcset=\"https:\/\/www.pimealdia.org\/wp-content\/uploads\/2016\/05\/registre-de-la-jornada-laboral-1-300x200.jpg 300w, https:\/\/www.pimealdia.org\/wp-content\/uploads\/2016\/05\/registre-de-la-jornada-laboral-1-768x512.jpg 768w, https:\/\/www.pimealdia.org\/wp-content\/uploads\/2016\/05\/registre-de-la-jornada-laboral-1.jpg 1000w, https:\/\/www.pimealdia.org\/wp-content\/uploads\/2016\/05\/registre-de-la-jornada-laboral-1-800x534.jpg 800w, https:\/\/www.pimealdia.org\/wp-content\/uploads\/2016\/05\/registre-de-la-jornada-laboral-1-600x400.jpg 600w, https:\/\/www.pimealdia.org\/wp-content\/uploads\/2016\/05\/registre-de-la-jornada-laboral-1-400x267.jpg 400w\" sizes=\"(max-width: 300px) 100vw, 300px\" \/> El registro diario de la jornada es la herramienta, promovida por el legislador, para garantizar un control efectivo de la realizaci\u00f3n de horas extraordinarias. <strong> Todos los empresarios tienen la obligaci\u00f3n de llevar un registro diario de la jornada <\/strong>, independientemente de si en su empresa se realizan o no horas extraordinarias y de que existan m\u00faltiples horarios flexibles.<\/p>\n<p>En la actualidad es un criterio a tener en cuenta por las m\u00faltiples actuaciones que se est\u00e1 realizando por parte de la Inspecci\u00f3n de Trabajo requiriendo a las empresas que aporten el registro diario de la jornada.<\/p>\n<p>Por lo expuesto, recomendamos tener un control de la jornada de los <a href=\"http:\/\/www.pimealdia.org\/tag\/plantilla\/\" target=\"_blank\" rel=\"noopener noreferrer\"> trabajadores <\/a> independientemente de la dimensi\u00f3n y n\u00famero de trabajadores de la empresa.<\/p>\n<p>Y vosotros, est\u00e1is registrando las jornadas a sus empresas?<\/p>\n","protected":false},"excerpt":{"rendered":"<p>La sentencia de la Audiencia Nacional de fecha, 4 de diciembre de 2015, establece la obligaci\u00f3n del empresario de establecer un sistema de registro diario de la jornada como una herramienta imprescindible para poder comprobar la realizaci\u00f3n de horas extraordinarias. Una herramienta de obligado cumplimiento El registro diario de la jornada es la herramienta, promovida por el legislador, para garantizar un control efectivo de la realizaci\u00f3n de horas extraordinarias. Todos los empresarios tienen la obligaci\u00f3n de llevar un registro diario de la jornada , independientemente de si en su empresa se realizan o no horas extraordinarias y de que existan<\/p>\n","protected":false},"author":40,"featured_media":0,"comment_status":"open","ping_status":"closed","sticky":false,"template":"","format":"standard","meta":[],"categories":[772,770,342],"tags":[],"_links":{"self":[{"href":"https:\/\/www.pimealdia.org\/es\/wp-json\/wp\/v2\/posts\/6184"}],"collection":[{"href":"https:\/\/www.pimealdia.org\/es\/wp-json\/wp\/v2\/posts"}],"about":[{"href":"https:\/\/www.pimealdia.org\/es\/wp-json\/wp\/v2\/types\/post"}],"author":[{"embeddable":true,"href":"https:\/\/www.pimealdia.org\/es\/wp-json\/wp\/v2\/users\/40"}],"replies":[{"embeddable":true,"href":"https:\/\/www.pimealdia.org\/es\/wp-json\/wp\/v2\/comments?post=6184"}],"version-history":[{"count":0,"href":"https:\/\/www.pimealdia.org\/es\/wp-json\/wp\/v2\/posts\/6184\/revisions"}],"wp:attachment":[{"href":"https:\/\/www.pimealdia.org\/es\/wp-json\/wp\/v2\/media?parent=6184"}],"wp:term":[{"taxonomy":"category","embeddable":true,"href":"https:\/\/www.pimealdia.org\/es\/wp-json\/wp\/v2\/categories?post=6184"},{"taxonomy":"post_tag","embeddable":true,"href":"https:\/\/www.pimealdia.org\/es\/wp-json\/wp\/v2\/tags?post=6184"}],"curies":[{"name":"wp","href":"https:\/\/api.w.org\/{rel}","templated":true}]}}