{"id":6197,"date":"2016-05-19T14:56:26","date_gmt":"2016-05-19T12:56:26","guid":{"rendered":"https:\/\/www.pimealdia.org\/pla-comunicacio-estrategica\/"},"modified":"2017-07-07T17:40:11","modified_gmt":"2017-07-07T15:40:11","slug":"pla-comunicacio-estrategica","status":"publish","type":"post","link":"https:\/\/www.pimealdia.org\/es\/pla-comunicacio-estrategica\/","title":{"rendered":"\u00bfPor qu\u00e9 hacer un plan de comunicaci\u00f3n estrat\u00e9gica?"},"content":{"rendered":"<p>Tienes la confianza que cada mensaje que transmites y la impresi\u00f3n que los clientes tienen de tu organizaci\u00f3n generan unos resultados positivos? El desarrollo de una comunicaci\u00f3n estrat\u00e9gica integrada dentro de tu organizaci\u00f3n te dar\u00e1 precisamente eso. Adem\u00e1s, tambi\u00e9n mejorar\u00e1 tu reputaci\u00f3n y el valor de la marca, esencial para tu negocio. No es una tarea sencilla, pero es posible que te reporte grandes beneficios.<\/p>\n<h3>C\u00f3mo hacerlo?<\/h3>\n<p>Primeramente, debes disponer de una <strong> s\u00f3lida base estrat\u00e9gica <\/strong>. Hay organizaciones que consideran la comunicaci\u00f3n como un recurso de servicio o como facilitador del proceso. En cambio, la comunicaci\u00f3n debe verse como un <strong> imperativo estrat\u00e9gico para el alto rendimiento y el crecimiento. <\/strong><\/p>\n<p>Los l\u00edderes tienen que preparar el terreno para dar la m\u00e1xima importancia a la comunicaci\u00f3n, con una misi\u00f3n clara, una declaraci\u00f3n de prop\u00f3sitos y objetivos que transmitan los beneficios que una comunicaci\u00f3n integrada comportar\u00e1 para tu organizaci\u00f3n.<\/p>\n<p><strong> Los beneficios obvios son que comunicar de manera m\u00e1s eficaz ahorra tiempo y dinero <\/strong>. Pero supone mucho m\u00e1s que eso, ya que la comunicaci\u00f3n estrat\u00e9gica determina la imagen que proyectos a tus actuales o futuros clientes, los medios de comunicaci\u00f3n y en la sociedad en su conjunto. Piensa que hoy en d\u00eda todav\u00eda funciona el &#8220;boca a boca&#8221;, tanto f\u00edsicamente como a trav\u00e9s de los medios y las redes.<\/p>\n<blockquote><p>Recuerda que una mala o buena reputaci\u00f3n puede definir tu futuro<\/p><\/blockquote>\n<h3>\u00bfPero qu\u00e9 es la comunicaci\u00f3n estrat\u00e9gica?<\/h3>\n<p><img loading=\"lazy\" class=\"size-medium wp-image-861 alignleft\" src=\"http:\/\/www.pimealdia.org\/wp-content\/uploads\/2016\/05\/Comunicaci\u00f3-estrat\u00e8gica1-300x300.jpg\" alt=\"Comunicaci\u00f3n estrat\u00e8gica1\" width=\"300\" height=\"300\" srcset=\"https:\/\/www.pimealdia.org\/wp-content\/uploads\/2016\/05\/Comunicaci\u00f3-estrat\u00e8gica1-300x300.jpg 300w, https:\/\/www.pimealdia.org\/wp-content\/uploads\/2016\/05\/Comunicaci\u00f3-estrat\u00e8gica1-150x150.jpg 150w, https:\/\/www.pimealdia.org\/wp-content\/uploads\/2016\/05\/Comunicaci\u00f3-estrat\u00e8gica1-100x100.jpg 100w, https:\/\/www.pimealdia.org\/wp-content\/uploads\/2016\/05\/Comunicaci\u00f3-estrat\u00e8gica1.jpg 350w\" sizes=\"(max-width: 300px) 100vw, 300px\" \/><\/p>\n<p>La comunicaci\u00f3n estrat\u00e9gica debe entenderse como un <strong> proceso participativo que te permitir\u00e1 trazar unas l\u00edneas de acciones <\/strong> o medios para conseguir los objetivos que te hab\u00edas propuesto inicialmente. Es decir, antes de llegar a la meta tienes que saber c\u00f3mo hacerlo, por lo que necesitar\u00e1s un plan estrat\u00e9gico en el que establezcas los plazos y que formar\u00e1 parte de este plan. Piensa, sin embargo, que el grado de legitimidad y adhesi\u00f3n al plan estrat\u00e9gico depender\u00e1 de s\u00ed participan la mayor\u00eda de los actores implicados o s\u00f3lo unos pocos.<\/p>\n<blockquote><p>Para que el plan estrat\u00e9gico de comunicaci\u00f3n goce de legitimidad, adhesi\u00f3n y tenga m\u00e1s posibilidades de \u00e9xito, ten en cuenta todo tu personal<\/p><\/blockquote>\n<p>La comunicaci\u00f3n estrat\u00e9gica requiere planificaci\u00f3n, analizando previamente <strong> el contexto empresarial y estableciendo unos objetivos realistas a corto y largo plazo. <\/strong> Una vez realizado este paso, deber\u00e1s seleccionar las estrategias m\u00e1s adecuadas para tu negocio, asequibles en los plazos que te hayas propuesto.<\/p>\n<p><img loading=\"lazy\" class=\"size-medium wp-image-4321 alignleft\" src=\"http:\/\/www.pimealdia.org\/wp-content\/uploads\/2016\/05\/comunicaci\u00f3-estrat\u00e8gica-1-300x185.jpg\" alt=\"\" width=\"300\" height=\"185\" srcset=\"https:\/\/www.pimealdia.org\/wp-content\/uploads\/2016\/05\/comunicaci\u00f3-estrat\u00e8gica-1-300x185.jpg 300w, https:\/\/www.pimealdia.org\/wp-content\/uploads\/2016\/05\/comunicaci\u00f3-estrat\u00e8gica-1-768x472.jpg 768w, https:\/\/www.pimealdia.org\/wp-content\/uploads\/2016\/05\/comunicaci\u00f3-estrat\u00e8gica-1-1024x630.jpg 1024w, https:\/\/www.pimealdia.org\/wp-content\/uploads\/2016\/05\/comunicaci\u00f3-estrat\u00e8gica-1-1000x615.jpg 1000w, https:\/\/www.pimealdia.org\/wp-content\/uploads\/2016\/05\/comunicaci\u00f3-estrat\u00e8gica-1-800x492.jpg 800w, https:\/\/www.pimealdia.org\/wp-content\/uploads\/2016\/05\/comunicaci\u00f3-estrat\u00e8gica-1-600x369.jpg 600w, https:\/\/www.pimealdia.org\/wp-content\/uploads\/2016\/05\/comunicaci\u00f3-estrat\u00e8gica-1-400x246.jpg 400w, https:\/\/www.pimealdia.org\/wp-content\/uploads\/2016\/05\/comunicaci\u00f3-estrat\u00e8gica-1.jpg 1200w\" sizes=\"(max-width: 300px) 100vw, 300px\" \/> Adem\u00e1s, para que sea eficaz, deber\u00e1s hacer un <strong> DAFO <\/strong> -como el que te mostr\u00e9 <a href=\"http:\/\/www.pimealdia.org\/2016\/04\/06\/comunicarse o-peanuts \/\" target=\"_ blank\"> en mi primer post <\/a> <strong> &#8211; <\/strong> identificando las fortalezas y debilidades del ambiente interno de tu organizaci\u00f3n ante los medios y los recursos disponibles. Tambi\u00e9n deber\u00e1s tener en cuenta los recursos externos de los que dispones, esenciales para llegar al m\u00e1ximo n\u00famero de p\u00fablico posible.<\/p>\n<blockquote><p>No olvides que debes conocer bien tus posibilidades antes de lanzarte a la aventura de la comunicaci\u00f3n<\/p><\/blockquote>\n<p>En el pr\u00f3ximo art\u00edculo que te presentar\u00e9, te explicar\u00e9 cu\u00e1les son los 4 pasos para llevar a cabo una comunicaci\u00f3n estrat\u00e9gica \u00f3ptima. Si tienes alguna duda o contingencia puedes ponerte en contacto con el Departamento de Comunicaci\u00f3n de PIMEC, desde donde te ayudaremos y asesoraremos en lo que necesites.<\/p>\n","protected":false},"excerpt":{"rendered":"<p>Tienes la confianza que cada mensaje que transmites y la impresi\u00f3n que los clientes tienen de tu organizaci\u00f3n generan unos resultados positivos? El desarrollo de una comunicaci\u00f3n estrat\u00e9gica integrada dentro de tu organizaci\u00f3n te dar\u00e1 precisamente eso. Adem\u00e1s, tambi\u00e9n mejorar\u00e1 tu reputaci\u00f3n y el valor de la marca, esencial para tu negocio. No es una tarea sencilla, pero es posible que te reporte grandes beneficios. C\u00f3mo hacerlo? Primeramente, debes disponer de una s\u00f3lida base estrat\u00e9gica . Hay organizaciones que consideran la comunicaci\u00f3n como un recurso de servicio o como facilitador del proceso. En cambio, la comunicaci\u00f3n debe verse como un<\/p>\n","protected":false},"author":10,"featured_media":0,"comment_status":"open","ping_status":"closed","sticky":false,"template":"","format":"standard","meta":[],"categories":[330,772,329],"tags":[780],"_links":{"self":[{"href":"https:\/\/www.pimealdia.org\/es\/wp-json\/wp\/v2\/posts\/6197"}],"collection":[{"href":"https:\/\/www.pimealdia.org\/es\/wp-json\/wp\/v2\/posts"}],"about":[{"href":"https:\/\/www.pimealdia.org\/es\/wp-json\/wp\/v2\/types\/post"}],"author":[{"embeddable":true,"href":"https:\/\/www.pimealdia.org\/es\/wp-json\/wp\/v2\/users\/10"}],"replies":[{"embeddable":true,"href":"https:\/\/www.pimealdia.org\/es\/wp-json\/wp\/v2\/comments?post=6197"}],"version-history":[{"count":0,"href":"https:\/\/www.pimealdia.org\/es\/wp-json\/wp\/v2\/posts\/6197\/revisions"}],"wp:attachment":[{"href":"https:\/\/www.pimealdia.org\/es\/wp-json\/wp\/v2\/media?parent=6197"}],"wp:term":[{"taxonomy":"category","embeddable":true,"href":"https:\/\/www.pimealdia.org\/es\/wp-json\/wp\/v2\/categories?post=6197"},{"taxonomy":"post_tag","embeddable":true,"href":"https:\/\/www.pimealdia.org\/es\/wp-json\/wp\/v2\/tags?post=6197"}],"curies":[{"name":"wp","href":"https:\/\/api.w.org\/{rel}","templated":true}]}}