{"id":6283,"date":"2016-06-06T14:11:02","date_gmt":"2016-06-06T12:11:02","guid":{"rendered":"https:\/\/www.pimealdia.org\/informar-dels-terminis-pagament-als-comptes-anuals\/"},"modified":"2017-07-10T17:37:58","modified_gmt":"2017-07-10T15:37:58","slug":"informar-dels-terminis-pagament-als-comptes-anuals","status":"publish","type":"post","link":"https:\/\/www.pimealdia.org\/es\/informar-dels-terminis-pagament-als-comptes-anuals\/","title":{"rendered":"Como informar de los plazos de pago a las cuentas anuales"},"content":{"rendered":"<p>A la hora de presentar la memoria de cuentas anuales iniciados a partir del 1 de enero de 2015, hay que tener en cuenta que se han incorporado ciertas novedades. Veamos qu\u00e9 informaci\u00f3n se pide en relaci\u00f3n al periodo medio de pago a proveedores en operaciones comerciales, y cu\u00e1l es la metodolog\u00eda de c\u00e1lculo a seguir.<\/p>\n<figure id=\"attachment_4617\" aria-describedby=\"caption-attachment-4617\" style=\"width: 300px\" class=\"wp-caption alignleft\"><img loading=\"lazy\" class=\"wp-image-4617 size-medium\" src=\"https:\/\/www.pimealdia.org\/wp-content\/uploads\/2016\/06\/comptes-anuals-300x169.jpg\" width=\"300\" height=\"169\" srcset=\"https:\/\/www.pimealdia.org\/wp-content\/uploads\/2016\/06\/comptes-anuals-300x169.jpg 300w, https:\/\/www.pimealdia.org\/wp-content\/uploads\/2016\/06\/comptes-anuals-600x337.jpg 600w, https:\/\/www.pimealdia.org\/wp-content\/uploads\/2016\/06\/comptes-anuals-400x225.jpg 400w, https:\/\/www.pimealdia.org\/wp-content\/uploads\/2016\/06\/comptes-anuals.jpg 655w\" sizes=\"(max-width: 300px) 100vw, 300px\" \/><figcaption id=\"caption-attachment-4617\" class=\"wp-caption-text\">Plazos de Pago: hay que incorporar las operaciones realizadas con proveedores por operaciones comerciales correspondientes a la entrega de bienes y servicios<\/figcaption><\/figure>\n<p>Sobre los plazos de pago, hay que incorporar las operaciones realizadas con proveedores por operaciones comerciales correspondientes a la entrega de bienes y servicios. Mientras que quedan excluidas las obligaciones de pago objeto de retenci\u00f3n como consecuencia de embargos, mandatos de ejecuci\u00f3n, procedimientos administrativos de compensaci\u00f3n o actos similares dictados por \u00f3rganos judiciales o administrativos.<\/p>\n<p>Todas las sociedades mercantiles, exceptuando las de titularidad p\u00fablica, se ven afectadas por esta obligaci\u00f3n. Tambi\u00e9n las que formulen las cuentas consolidadas, aunque \u00fanicamente por las sociedades establecidas en Espa\u00f1a.<\/p>\n<p>La informaci\u00f3n a incorporar es la siguiente:<\/p>\n<ul>\n<li><strong> Periodo medio de pago a proveedores, <\/strong> calculado como el siguiente cociente:\n<ul>\n<li>En el numerador, la suma de\n<ul>\n<li>el sumatorio de d\u00edas de pago por el importe de la operaci\u00f3n pagada<\/li>\n<li>el sumatorio del n\u00famero de d\u00edas pendientes de pago por el importe de la operaci\u00f3n pendiente de pago<\/li>\n<\/ul>\n<\/li>\n<li>En el denominador: el importe total de pago realizados + el importe total de pagos pendientes.<\/li>\n<\/ul>\n<\/li>\n<li><strong> Ratio de operaciones pagadas <\/strong>: sumatorio de d\u00edas de pago por el importe de la operaci\u00f3n pagada, dividido por el importe total de pagos realizados<\/li>\n<li><strong> Ratio de operaciones pendientes de pago <\/strong>: suma del n\u00famero de d\u00edas pendientes de pago por el importe de la operaci\u00f3n pendiente de pago, dividido por el importe total de pagos realizados<\/li>\n<li><strong> Total de pagos realizados <\/strong><\/li>\n<li><strong> Total de pagos pendientes <\/strong><\/li>\n<\/ul>\n<p>En el caso de las empresas que pueden presentar la memoria en modelo abreviado o que opten por la aplicaci\u00f3n del Plan General Contable de Peque\u00f1as y Medianas Empresas deben presentar una informaci\u00f3n m\u00e1s simplificada y calculan el periodo medio de pagos a proveedores mediante otra f\u00f3rmula :<\/p>\n<ul>\n<li><strong> Periodo medio de pagos <\/strong>: Saldo medio de acreedores comerciales multiplicado por 365 y dividido entre compras netas y gastos por servicios exteriores<\/li>\n<\/ul>\n<p>En el primer a\u00f1o de presentaci\u00f3n de esta informaci\u00f3n, no ser\u00e1 necesario presentar datos sobre el ejercicio anterior, como s\u00ed se prev\u00e9 a partir del segundo ejercicio presentado. Por otra parte, en el caso de las peque\u00f1as empresas, no est\u00e1 previsto que la exigencia de esta informaci\u00f3n sea de aplicaci\u00f3n para ejercicios iniciados a partir del 1 de enero de 2016.<\/p>\n<blockquote><p>Todas las medidas que pretendan luchar contra la morosidad, que afecta especialmente a las pymes, son bienvenidas, pero no parece que esta en concreto pueda corregir un problema como el de la morosidad, especialmente si no se establecen mecanismos sancionadores. Tampoco ayuda que, por ejemplo, las entidades p\u00fablicas queden excluidas de esta obligaci\u00f3n. Esperamos que esta informaci\u00f3n no sea una nueva carga m\u00e1s sobre las empresas sin una utilizado clara.<\/p><\/blockquote>\n","protected":false},"excerpt":{"rendered":"<p>A la hora de presentar la memoria de cuentas anuales iniciados a partir del 1 de enero de 2015, hay que tener en cuenta que se han incorporado ciertas novedades. Veamos qu\u00e9 informaci\u00f3n se pide en relaci\u00f3n al periodo medio de pago a proveedores en operaciones comerciales, y cu\u00e1l es la metodolog\u00eda de c\u00e1lculo a seguir. Sobre los plazos de pago, hay que incorporar las operaciones realizadas con proveedores por operaciones comerciales correspondientes a la entrega de bienes y servicios. Mientras que quedan excluidas las obligaciones de pago objeto de retenci\u00f3n como consecuencia de embargos, mandatos de ejecuci\u00f3n, procedimientos administrativos<\/p>\n","protected":false},"author":4,"featured_media":0,"comment_status":"open","ping_status":"closed","sticky":false,"template":"","format":"standard","meta":[],"categories":[330],"tags":[],"_links":{"self":[{"href":"https:\/\/www.pimealdia.org\/es\/wp-json\/wp\/v2\/posts\/6283"}],"collection":[{"href":"https:\/\/www.pimealdia.org\/es\/wp-json\/wp\/v2\/posts"}],"about":[{"href":"https:\/\/www.pimealdia.org\/es\/wp-json\/wp\/v2\/types\/post"}],"author":[{"embeddable":true,"href":"https:\/\/www.pimealdia.org\/es\/wp-json\/wp\/v2\/users\/4"}],"replies":[{"embeddable":true,"href":"https:\/\/www.pimealdia.org\/es\/wp-json\/wp\/v2\/comments?post=6283"}],"version-history":[{"count":0,"href":"https:\/\/www.pimealdia.org\/es\/wp-json\/wp\/v2\/posts\/6283\/revisions"}],"wp:attachment":[{"href":"https:\/\/www.pimealdia.org\/es\/wp-json\/wp\/v2\/media?parent=6283"}],"wp:term":[{"taxonomy":"category","embeddable":true,"href":"https:\/\/www.pimealdia.org\/es\/wp-json\/wp\/v2\/categories?post=6283"},{"taxonomy":"post_tag","embeddable":true,"href":"https:\/\/www.pimealdia.org\/es\/wp-json\/wp\/v2\/tags?post=6283"}],"curies":[{"name":"wp","href":"https:\/\/api.w.org\/{rel}","templated":true}]}}