{"id":6294,"date":"2016-06-10T12:26:27","date_gmt":"2016-06-10T10:26:27","guid":{"rendered":"https:\/\/www.pimealdia.org\/spence-marc-catala-relacions-laborals-salari-minim\/"},"modified":"2017-07-10T18:10:43","modified_gmt":"2017-07-10T16:10:43","slug":"spence-marc-catala-relacions-laborals-salari-minim","status":"publish","type":"post","link":"https:\/\/www.pimealdia.org\/es\/spence-marc-catala-relacions-laborals-salari-minim\/","title":{"rendered":"El salario m\u00ednimo, Spence y el Marco Catal\u00e1n de Relaciones Laborales"},"content":{"rendered":"<p>El art\u00edculo 45.4 del Estatuto de Autonom\u00eda de Catalu\u00f1a, proclama que &#8220;la Generalidad debe promover la creaci\u00f3n de un espacio catal\u00e1n de relaciones laborales establecido en funci\u00f3n de la realidad productiva y empresarial espec\u00edfica de Catalu\u00f1a y de sus agentes sociales, en el que estar\u00e1n representadas las organizaciones sindicales y empresariales y la Administraci\u00f3n de la Generalidad.<\/p>\n<p>En este marco, los poderes p\u00fablicos fomentar\u00e1n una pr\u00e1ctica propia de di\u00e1logo social, de concertaci\u00f3n, de negociaci\u00f3n col \u2022 lectiva, de resoluci\u00f3n extrajudicial de conflictos laborales y de participaci\u00f3n en el desarrollo y la mejora del entramado productivo &#8220;.<\/p>\n<p>Este es un mandato que agentes sociales y administraciones impulsan d\u00eda a d\u00eda y sector a sector, en lo que es la base del marco catal\u00e1n de relaciones laboral. Un marco reconocido partes y que ha servido para suplir o minimizar, algunas de las carencias relevantes que existen desde el punto de vista legislativo en nuestro pa\u00eds.<\/p>\n<figure id=\"attachment_4628\" aria-describedby=\"caption-attachment-4628\" style=\"width: 300px\" class=\"wp-caption alignleft\"><img loading=\"lazy\" class=\"wp-image-4628 size-medium\" src=\"https:\/\/www.pimealdia.org\/wp-content\/uploads\/2016\/06\/salari-m\u00ednim-300x225.jpg\" width=\"300\" height=\"225\" srcset=\"https:\/\/www.pimealdia.org\/wp-content\/uploads\/2016\/06\/salari-m\u00ednim-300x225.jpg 300w, https:\/\/www.pimealdia.org\/wp-content\/uploads\/2016\/06\/salari-m\u00ednim-600x450.jpg 600w, https:\/\/www.pimealdia.org\/wp-content\/uploads\/2016\/06\/salari-m\u00ednim-400x300.jpg 400w, https:\/\/www.pimealdia.org\/wp-content\/uploads\/2016\/06\/salari-m\u00ednim.jpg 640w\" sizes=\"(max-width: 300px) 100vw, 300px\" \/><figcaption id=\"caption-attachment-4628\" class=\"wp-caption-text\">Es importante aclarar, que el marco catal\u00e1n de relaciones laborales, no es un sistema aislado de otros marcos de relaciones laborales<\/figcaption><\/figure>\n<p>Es importante aclarar, que el marco catal\u00e1n de relaciones laborales, no es un sistema aislado de otros marcos de relaciones laborales, as\u00ed como de din\u00e1micas productivas de alcance internacional con las que necesariamente hemos tenido que aprender a convivir desde hace ya muchos a\u00f1os. Es en este sentido, que obras como la del <strong> economista norteamericano Michael Spence, premio Nobel de 2001 <\/strong>, junto con dos otros grandes economistas como <strong> Akerlof y Stigilitz <\/strong> , toman m\u00e1s sentido que nunca.<\/p>\n<p>En concreto, Spence fue galardonado por sus investigaciones con respecto a los mercados con informaci\u00f3n asim\u00e9trica y los mecanismos de los agentes econ\u00f3micos a fin de diferenciarse del resto, en base al uso de lo que \u00e9l denominaba como &#8220;se\u00f1ales&#8221; . Estas se\u00f1ales, no eran m\u00e1s que &#8220;esfuerzos o dedicaciones especiales&#8221;, que realizaban los individuos o los agentes econ\u00f3micos, a fin de hacer m\u00e1s cre\u00edbles y solventes sus ofertas y poder alcanzar sus objetivos y que Spence tan bien ejemplifica en su c\u00e9lebre art\u00edculo del &#8220;job signaling market&#8221; (1973).<\/p>\n<blockquote><p>En nuestro pa\u00eds, tenemos miles de ejemplos de esto, ya sea con el impulso de denominaciones de origen, certificados de calidad, titulaciones formativas, etc.<\/p><\/blockquote>\n<h4>Pero como aplica todo esto al marco catal\u00e1n de relaciones laborales?<\/h4>\n<p>Pues nuestro caso no es demasiado diferente a lo que trataba Spence, pero tratado desde el punto de vista col \u2022 lectivo, y que implica que <strong> para impulsar el marco catal\u00e1n de relaciones laborales, es necesario la realizaci\u00f3n de esfuerzos para de dar &#8220;se\u00f1ales&#8221; de calidad y madurez de nuestro mercado de trabajo. <\/strong><br \/>\nEs decir, la b\u00fasqueda de un &#8220;aval&#8221; que nos diferencie y que permita dar un plus de seguridad y calidad, cuando el demandante tenga que decidir entre opciones que a priori pueden parecer similares. En referencia a esto, acuerdos como la <a href=\"http:\/\/www.pimealdia.org\/2016\/05\/05\/pimes-acord-interprofessional-catalunya\/\" target=\"_ blank\"> Acuerdo Interprofesional de Catalu\u00f1a <\/a> (el convenio de convenios en nuestro pa\u00eds), o el compromiso de impulso del Tribunal Laboral de Catalu\u00f1a (el \u00f3rgano extra-judicial de referencia en cuanto a la resoluci\u00f3n de conflictos laborales), pueden ayudar a dar un mensaje hacia fuera, as\u00ed como el ofrecimiento de garant\u00edas significativas para solucionar conflictos o carencias que en la actualidad tenemos.<\/p>\n<p>Es en este contexto, que debe entenderse una propuesta como la del estudio del salario m\u00ednimo interprofesional, que en los \u00faltimos meses ha venido trabajando el Observatorio de la pyme de PIMEC.<\/p>\n<p>De hecho, siguiendo la estela de un debate creciente en nuestra sociedad, se ha querido poner luz y taqu\u00edgrafos para que m\u00e1s all\u00e1 del titular f\u00e1cil, s&#8217;entomi una propuesta relevante, teniendo en cuenta el conjunto de costes y de beneficios que potencialmente se pueden derivar.<\/p>\n<p>Es decir, que en resumen y antes de poner cifras, hay que ser conscientes entre otras cuestiones de: la situaci\u00f3n econ\u00f3mica de la que partimos, el marco legislativo vigente, la competitividad de los diferentes factores de producci\u00f3n, la evoluci\u00f3n de la productividad a corto, medio y largo plazo, la fiscalidad aplicada al trabajo (tanto desde la vertiente de la obtenci\u00f3n de rentas, como en cuanto al sostenimiento de la seguridad social), la evoluci\u00f3n de la competencia internacional, los niveles de precios, etc.<\/p>\n<p>Con todas estas cuestiones ampliamente desarrolladas y debatidas, podremos avanzar hacia el impulso de nuevas se\u00f1ales de calidad y responsabilidad que generen nuevas oportunidades para el marco catal\u00e1n de relaciones laborales y en especial, con el impulso del salario m\u00ednimo interprofesional.<\/p>\n<p><strong> Ricard S\u00e1nchez <\/strong><br \/>\n<a href=\"https:\/\/twitter.com\/SchezRicard\" target=\"_blank\" rel=\"noopener noreferrer\"> @SchezRicard <\/a><br \/>\nDepartamento de RRLL y Negociaci\u00f3n Col \u2022 lectiva<br \/>\nPIMEC<\/p>\n","protected":false},"excerpt":{"rendered":"<p>El art\u00edculo 45.4 del Estatuto de Autonom\u00eda de Catalu\u00f1a, proclama que &#8220;la Generalidad debe promover la creaci\u00f3n de un espacio catal\u00e1n de relaciones laborales establecido en funci\u00f3n de la realidad productiva y empresarial espec\u00edfica de Catalu\u00f1a y de sus agentes sociales, en el que estar\u00e1n representadas las organizaciones sindicales y empresariales y la Administraci\u00f3n de la Generalidad. En este marco, los poderes p\u00fablicos fomentar\u00e1n una pr\u00e1ctica propia de di\u00e1logo social, de concertaci\u00f3n, de negociaci\u00f3n col \u2022 lectiva, de resoluci\u00f3n extrajudicial de conflictos laborales y de participaci\u00f3n en el desarrollo y la mejora del entramado productivo &#8220;. Este es un mandato<\/p>\n","protected":false},"author":5,"featured_media":0,"comment_status":"open","ping_status":"closed","sticky":false,"template":"","format":"standard","meta":[],"categories":[342],"tags":[],"_links":{"self":[{"href":"https:\/\/www.pimealdia.org\/es\/wp-json\/wp\/v2\/posts\/6294"}],"collection":[{"href":"https:\/\/www.pimealdia.org\/es\/wp-json\/wp\/v2\/posts"}],"about":[{"href":"https:\/\/www.pimealdia.org\/es\/wp-json\/wp\/v2\/types\/post"}],"author":[{"embeddable":true,"href":"https:\/\/www.pimealdia.org\/es\/wp-json\/wp\/v2\/users\/5"}],"replies":[{"embeddable":true,"href":"https:\/\/www.pimealdia.org\/es\/wp-json\/wp\/v2\/comments?post=6294"}],"version-history":[{"count":0,"href":"https:\/\/www.pimealdia.org\/es\/wp-json\/wp\/v2\/posts\/6294\/revisions"}],"wp:attachment":[{"href":"https:\/\/www.pimealdia.org\/es\/wp-json\/wp\/v2\/media?parent=6294"}],"wp:term":[{"taxonomy":"category","embeddable":true,"href":"https:\/\/www.pimealdia.org\/es\/wp-json\/wp\/v2\/categories?post=6294"},{"taxonomy":"post_tag","embeddable":true,"href":"https:\/\/www.pimealdia.org\/es\/wp-json\/wp\/v2\/tags?post=6294"}],"curies":[{"name":"wp","href":"https:\/\/api.w.org\/{rel}","templated":true}]}}