{"id":6313,"date":"2016-06-15T11:19:09","date_gmt":"2016-06-15T09:19:09","guid":{"rendered":"https:\/\/www.pimealdia.org\/coordinacio-dactivitats-empresarials\/"},"modified":"2017-07-11T13:59:08","modified_gmt":"2017-07-11T11:59:08","slug":"coordinacio-dactivitats-empresarials","status":"publish","type":"post","link":"https:\/\/www.pimealdia.org\/es\/coordinacio-dactivitats-empresarials\/","title":{"rendered":"La prevenci\u00f3n de riesgos laborales en empresas que comparten espacio"},"content":{"rendered":"<p>La <strong> coordinaci\u00f3n de actividades empresariales <\/strong>, nace con la misi\u00f3n de poder conseguir una plena integraci\u00f3n de la prevenci\u00f3n de riesgos laborales en todos los casos que exista una interacci\u00f3n entre diferentes empresas que comparten centros de trabajo.<\/p>\n<p><img loading=\"lazy\" class=\"size-medium wp-image-4633 alignleft\" src=\"https:\/\/www.pimealdia.org\/wp-content\/uploads\/2016\/06\/riscos-laborals-1-300x169.jpg\" alt=\"\" width=\"300\" height=\"169\" srcset=\"https:\/\/www.pimealdia.org\/wp-content\/uploads\/2016\/06\/riscos-laborals-1-300x169.jpg 300w, https:\/\/www.pimealdia.org\/wp-content\/uploads\/2016\/06\/riscos-laborals-1-1024x576.jpg 1024w, https:\/\/www.pimealdia.org\/wp-content\/uploads\/2016\/06\/riscos-laborals-1-1000x563.jpg 1000w, https:\/\/www.pimealdia.org\/wp-content\/uploads\/2016\/06\/riscos-laborals-1-800x450.jpg 800w, https:\/\/www.pimealdia.org\/wp-content\/uploads\/2016\/06\/riscos-laborals-1-600x338.jpg 600w, https:\/\/www.pimealdia.org\/wp-content\/uploads\/2016\/06\/riscos-laborals-1-400x225.jpg 400w, https:\/\/www.pimealdia.org\/wp-content\/uploads\/2016\/06\/riscos-laborals-1.jpg 1600w\" sizes=\"(max-width: 300px) 100vw, 300px\" \/> Ahora se est\u00e1 convirtiendo en un tr\u00e1mite pura y simplemente documental, que m\u00e1s vela por garantizarse una protecci\u00f3n ante posibles responsabilidades, que en garantizar y asegurar la protecci\u00f3n y la seguridad de aquellas personas que est\u00e1n trabajando.<\/p>\n<p>Debemos tener en cuenta que la Coordinaci\u00f3n de Actividades Empresariales (CAE) tiene un sentido rec\u00edproco<\/p>\n<blockquote><p>Todas las empresas que comparten el espacio o que trabajan de forma conjunta deben ser conocedoras de aquellas informaciones importantes y necesarias para poder trabajar de forma segura y sin riesgos.<\/p><\/blockquote>\n<p>No es suficiente en conseguir que una empresa entregue un mont\u00f3n de papeles y certificados, debe ir mucho m\u00e1s all\u00e1, se debe lograr que se apliquen los principios de la acci\u00f3n preventiva, y muy especialmente en cuanto a la planificaci\u00f3n de la Prevenci\u00f3n.<\/p>\n<p>Ser\u00e1 pues importante disponer de la informaci\u00f3n necesaria para poder gestionar de forma correcta la Prevenci\u00f3n en las empresas.<\/p>\n<p>Recordemos que la <strong> Coordinaci\u00f3n de actividades empresariales <\/strong>, no es una materia exclusiva del sector de la construcci\u00f3n, es un tema que afecta a todas las empresas.<\/p>\n","protected":false},"excerpt":{"rendered":"<p>La coordinaci\u00f3n de actividades empresariales , nace con la misi\u00f3n de poder conseguir una plena integraci\u00f3n de la prevenci\u00f3n de riesgos laborales en todos los casos que exista una interacci\u00f3n entre diferentes empresas que comparten centros de trabajo. Ahora se est\u00e1 convirtiendo en un tr\u00e1mite pura y simplemente documental, que m\u00e1s vela por garantizarse una protecci\u00f3n ante posibles responsabilidades, que en garantizar y asegurar la protecci\u00f3n y la seguridad de aquellas personas que est\u00e1n trabajando. Debemos tener en cuenta que la Coordinaci\u00f3n de Actividades Empresariales (CAE) tiene un sentido rec\u00edproco Todas las empresas que comparten el espacio o que trabajan<\/p>\n","protected":false},"author":38,"featured_media":6315,"comment_status":"open","ping_status":"closed","sticky":false,"template":"","format":"standard","meta":[],"categories":[330],"tags":[780],"_links":{"self":[{"href":"https:\/\/www.pimealdia.org\/es\/wp-json\/wp\/v2\/posts\/6313"}],"collection":[{"href":"https:\/\/www.pimealdia.org\/es\/wp-json\/wp\/v2\/posts"}],"about":[{"href":"https:\/\/www.pimealdia.org\/es\/wp-json\/wp\/v2\/types\/post"}],"author":[{"embeddable":true,"href":"https:\/\/www.pimealdia.org\/es\/wp-json\/wp\/v2\/users\/38"}],"replies":[{"embeddable":true,"href":"https:\/\/www.pimealdia.org\/es\/wp-json\/wp\/v2\/comments?post=6313"}],"version-history":[{"count":0,"href":"https:\/\/www.pimealdia.org\/es\/wp-json\/wp\/v2\/posts\/6313\/revisions"}],"wp:featuredmedia":[{"embeddable":true,"href":"https:\/\/www.pimealdia.org\/es\/wp-json\/wp\/v2\/media\/6315"}],"wp:attachment":[{"href":"https:\/\/www.pimealdia.org\/es\/wp-json\/wp\/v2\/media?parent=6313"}],"wp:term":[{"taxonomy":"category","embeddable":true,"href":"https:\/\/www.pimealdia.org\/es\/wp-json\/wp\/v2\/categories?post=6313"},{"taxonomy":"post_tag","embeddable":true,"href":"https:\/\/www.pimealdia.org\/es\/wp-json\/wp\/v2\/tags?post=6313"}],"curies":[{"name":"wp","href":"https:\/\/api.w.org\/{rel}","templated":true}]}}