{"id":6420,"date":"2016-06-25T17:44:22","date_gmt":"2016-06-25T15:44:22","guid":{"rendered":"https:\/\/www.pimealdia.org\/els-certificats-digitals-de-persona-juridica-arriben-al-final-de-la-seva-vida\/"},"modified":"2017-07-12T17:09:56","modified_gmt":"2017-07-12T15:09:56","slug":"els-certificats-digitals-de-persona-juridica-arriben-al-final-de-la-seva-vida","status":"publish","type":"post","link":"https:\/\/www.pimealdia.org\/es\/els-certificats-digitals-de-persona-juridica-arriben-al-final-de-la-seva-vida\/","title":{"rendered":"Los certificados digitales de persona jur\u00eddica llegan al final de su vida"},"content":{"rendered":"<p style=\"text-align: justify;\"><strong> Spain is different <\/strong>, fue un eslogan que marc\u00f3 una \u00e9poca. Anchos de v\u00eda diferente, costumbres diferentes, y tambi\u00e9n certificados digitales diferentes, como el de <strong> Persona Jur\u00eddica <\/strong>.<\/p>\n<p><strong> <img loading=\"lazy\" class=\"size-medium wp-image-4660 alignleft\" src=\"https:\/\/www.pimealdia.org\/wp-content\/uploads\/2016\/06\/certificat-digital-1-300x224.jpg \" alt=\" \" width=\" 300 \" height=\" 224\" \/> al 1 de julio de 2016, <\/strong> la entrada en vigor del&#8221; <a href=\"http: \/\/ eur-lex. europa.eu\/legal-content\/ES\/TXT\/HTML\/?uri=CELEX:32014R0910&amp;from=EN \" target=\" _ blank \"> Reglamento Europeo de Firma Electr\u00f3nica <\/a>&#8220;, acab\u00f3 con este tipo de certificado (made in Spain) que durante muchos a\u00f1os ha sido el m\u00e1s empleado para la relaci\u00f3n entre las empresas y las administraciones p\u00fablicas del estado Espa\u00f1ol.<br \/>\nA partir de esta fecha, los prestadores de servicios de certificaci\u00f3n, ya <strong> no podr\u00e1n ni emitir ni renovar este tipo de certificado <\/strong>.<br \/>\n<a href=\"http:\/\/www.minetur.gob.es\/telecomunicaciones\/es-ES\/Servicios\/FirmaElectronica\/Documents\/nota-web-certifs-pers-juridica.pdf\" target=\"_ blank\"> Nota del Ministerio de Industria, energ\u00eda turismo<\/a>.<\/p>\n<h4><strong> Quiere decir esto que los certificados vigentes dejar\u00e1n de funcionar? <\/strong><\/h4>\n<p>La respuesta es <strong> NO <\/strong>. Los certificados seguir\u00e1n siendo v\u00e1lidos hasta su caducidad o revocaci\u00f3n, y se podr\u00e1n utilizar para aquellos tr\u00e1mites que hasta ahora se pod\u00edan usar, a menos que la administraci\u00f3n a quien vaya dirigido este tr\u00e1mite lo quiera dejar de aceptar.<\/p>\n<p>El nuevo reglamento europeo, adem\u00e1s de homogeneizar los certificados digitales a todos los pa\u00edses de la uni\u00f3n, tambi\u00e9n establece la obligaci\u00f3n a las autoridades de certificaci\u00f3n de facilitar la informaci\u00f3n de validez y \/ o revocaci\u00f3n de los certificados de forma gratuita y telem\u00e1tica.<\/p>\n<p>Este cambio afecta especialmente a la autoridad de certificaci\u00f3n, &#8220;F\u00e1brica Nacional de la Moneda y Timbre&#8221;, que hasta ahora emit\u00eda estos certificados de forma gratuita, pero cobraba por su uso. Es por ello que la FNMT, debe cambiar su modelo de negocio y cobrar\u00e1 por la emisi\u00f3n de los certificados, al igual que el resto de prestadores del estado Espa\u00f1ol y de la Uni\u00f3n Europea.<\/p>\n<p><img loading=\"lazy\" class=\"aligncenter wp-image-4663 size-full\" src=\"https:\/\/www.pimealdia.org\/wp-content\/uploads\/2016\/06\/frau-de-liva-2-1.jpg\" width=\"665\" height=\"166\" srcset=\"https:\/\/www.pimealdia.org\/wp-content\/uploads\/2016\/06\/frau-de-liva-2-1.jpg 665w, https:\/\/www.pimealdia.org\/wp-content\/uploads\/2016\/06\/frau-de-liva-2-1-300x75.jpg 300w, https:\/\/www.pimealdia.org\/wp-content\/uploads\/2016\/06\/frau-de-liva-2-1-600x150.jpg 600w, https:\/\/www.pimealdia.org\/wp-content\/uploads\/2016\/06\/frau-de-liva-2-1-400x100.jpg 400w\" sizes=\"(max-width: 665px) 100vw, 665px\" \/><\/p>\n<p>Todas las autoridades de certificaci\u00f3n, han previsto diferentes niveles de representaci\u00f3n, pero en general, la persona que ha de solicitar y custodiar el certificado digital para la relaci\u00f3n con las administraciones p\u00fablicas, debe ser siempre el administrador o el apoderado general, o delegar con poderes notariales, a terceras personas como representantes.<\/p>\n<h4><strong> \u00bfQu\u00e9 certificados podemos utilizar a partir del 1 de julio? <\/strong><\/h4>\n<ul>\n<li><strong> (NUEVO) De REPRESENTANTE para administrador \u00fanico y \/ o apoderado general: <\/strong> este certificado se expide a los administradores \u00fanicos o solidarios o los apoderados con poder general como representantes de las personas jur\u00eddicas por sus relaciones con las administraciones p\u00fablicas y en la contrataci\u00f3n de bienes o servicios propios o concernientes a su giro o tr\u00e1fico ordinario. <strong><br \/>\n<\/strong><\/li>\n<li><strong> (NUEVO) De REPRESENTANTE para apoderado: <\/strong> para personas f\u00edsicas como representantes de las personas jur\u00eddicas para su uso en las relaciones con las administraciones p\u00fablicas, entidades y organismos p\u00fablicos, vinculados o dependientes de las mismas.<\/li>\n<li><strong> (NUEVO) De Sello empresarial: <\/strong> Certificados expedidos a organizaciones con el fin de firmar en nombre de la empresa cualquier documento electr\u00f3nico de manera autom\u00e1tica sin hacer referencia hacia los datos del representante legal. <strong><br \/>\n<\/strong> <strong> Corporativo de persona f\u00edsica: <\/strong> Identifican al titular como persona vinculada a una organizaci\u00f3n ya sea como empleado, asociado, colaborador, cliente o proveedor.<\/li>\n<li><strong> De aut\u00f3nomo: <\/strong> Para personas f\u00edsicas que est\u00e1n dadas de alta en r\u00e9gimen de aut\u00f3nomos.<\/li>\n<\/ul>\n<p><strong> PIMEC <\/strong>, pone a disposici\u00f3n de todos sus asociados y empresas en general, un servicio de atenci\u00f3n para atender las dudas que a buen seguro surgir\u00e1n: <a href=\"mailto: certificatdigital@pimec.org\"> certificatdigital@pimec.org <\/a><\/p>\n","protected":false},"excerpt":{"rendered":"<p>Spain is different , fue un eslogan que marc\u00f3 una \u00e9poca. Anchos de v\u00eda diferente, costumbres diferentes, y tambi\u00e9n certificados digitales diferentes, como el de Persona Jur\u00eddica . al 1 de julio de 2016, la entrada en vigor del&#8221; Reglamento Europeo de Firma Electr\u00f3nica &#8220;, acab\u00f3 con este tipo de certificado (made in Spain) que durante muchos a\u00f1os ha sido el m\u00e1s empleado para la relaci\u00f3n entre las empresas y las administraciones p\u00fablicas del estado Espa\u00f1ol. A partir de esta fecha, los prestadores de servicios de certificaci\u00f3n, ya no podr\u00e1n ni emitir ni renovar este tipo de certificado . Nota<\/p>\n","protected":false},"author":11,"featured_media":6421,"comment_status":"open","ping_status":"closed","sticky":false,"template":"","format":"standard","meta":[],"categories":[332,770],"tags":[],"_links":{"self":[{"href":"https:\/\/www.pimealdia.org\/es\/wp-json\/wp\/v2\/posts\/6420"}],"collection":[{"href":"https:\/\/www.pimealdia.org\/es\/wp-json\/wp\/v2\/posts"}],"about":[{"href":"https:\/\/www.pimealdia.org\/es\/wp-json\/wp\/v2\/types\/post"}],"author":[{"embeddable":true,"href":"https:\/\/www.pimealdia.org\/es\/wp-json\/wp\/v2\/users\/11"}],"replies":[{"embeddable":true,"href":"https:\/\/www.pimealdia.org\/es\/wp-json\/wp\/v2\/comments?post=6420"}],"version-history":[{"count":0,"href":"https:\/\/www.pimealdia.org\/es\/wp-json\/wp\/v2\/posts\/6420\/revisions"}],"wp:featuredmedia":[{"embeddable":true,"href":"https:\/\/www.pimealdia.org\/es\/wp-json\/wp\/v2\/media\/6421"}],"wp:attachment":[{"href":"https:\/\/www.pimealdia.org\/es\/wp-json\/wp\/v2\/media?parent=6420"}],"wp:term":[{"taxonomy":"category","embeddable":true,"href":"https:\/\/www.pimealdia.org\/es\/wp-json\/wp\/v2\/categories?post=6420"},{"taxonomy":"post_tag","embeddable":true,"href":"https:\/\/www.pimealdia.org\/es\/wp-json\/wp\/v2\/tags?post=6420"}],"curies":[{"name":"wp","href":"https:\/\/api.w.org\/{rel}","templated":true}]}}