{"id":6593,"date":"2016-07-08T13:52:41","date_gmt":"2016-07-08T11:52:41","guid":{"rendered":"https:\/\/www.pimealdia.org\/es-la-demanda-actual-diferent-de-la-demanda-pre-crisi\/"},"modified":"2017-07-17T11:39:52","modified_gmt":"2017-07-17T09:39:52","slug":"es-la-demanda-actual-diferent-de-la-demanda-pre-crisi","status":"publish","type":"post","link":"https:\/\/www.pimealdia.org\/es\/es-la-demanda-actual-diferent-de-la-demanda-pre-crisi\/","title":{"rendered":"\u00bfEs la demanda actual diferente de la demanda pre-crisis?"},"content":{"rendered":"<p>En los a\u00f1os de fuerte crisis econ\u00f3mica y de la consiguiente ca\u00edda de la demanda que ha llevado a muchas pymes al l\u00edmite, se ha a\u00f1adido las grandes dificultades para renovar o conseguir nuevo <a href=\"http:\/\/www.pimealdia.org\/ alerta-aumento-deuda \/ \" target=\" _ blank \"> financiaci\u00f3n <\/a>. Ahora, efectivamente, es el momento de plantearse c\u00f3mo se puede afrontar esta nueva coyuntura econ\u00f3mica, basada en un aumento de la demanda interna. Estamos preparados para afrontar y aprovechar este ligero aumento de la demanda?<\/p>\n<h3>Es la demanda actual diferente de la demanda pre-crisis?<\/h3>\n<p>Pues parece que s\u00ed, que la demanda es diferente y que nos tenemos que adaptar, ya que en muchos casos han cambiado los siguientes puntos clave:<\/p>\n<ul>\n<li>los h\u00e1bitos de consumo<\/li>\n<li>la aparici\u00f3n de muchos productos &#8220;low-cost&#8221;<\/li>\n<li>la irrupci\u00f3n del comercio electr\u00f3nico como una rama m\u00e1s de la gesti\u00f3n comercial<\/li>\n<li>nuevos modelos de aproximaci\u00f3n comercial<\/li>\n<li>nuevas figuras y nuevos roles de distribuidores<\/li>\n<li>comisionistas<\/li>\n<li>la gesti\u00f3n de punto de venta<\/li>\n<\/ul>\n<p>Sin olvidar que la liquidez y la gesti\u00f3n de las finanzas de nuestras pymes siguen siendo un punto fundamental, <strong> es el momento de revisar todos estos puntos. <\/strong><\/p>\n<p><img loading=\"lazy\" class=\"size-medium wp-image-4699 alignleft\" src=\"https:\/\/www.pimealdia.org\/wp-content\/uploads\/2016\/07\/comunicaci\u00f3-estrat\u00e8gica-1-300x185.jpg\" alt=\"\" width=\"300\" height=\"185\" srcset=\"https:\/\/www.pimealdia.org\/wp-content\/uploads\/2016\/07\/comunicaci\u00f3-estrat\u00e8gica-1-300x185.jpg 300w, https:\/\/www.pimealdia.org\/wp-content\/uploads\/2016\/07\/comunicaci\u00f3-estrat\u00e8gica-1-1024x630.jpg 1024w, https:\/\/www.pimealdia.org\/wp-content\/uploads\/2016\/07\/comunicaci\u00f3-estrat\u00e8gica-1-1000x615.jpg 1000w, https:\/\/www.pimealdia.org\/wp-content\/uploads\/2016\/07\/comunicaci\u00f3-estrat\u00e8gica-1-800x492.jpg 800w, https:\/\/www.pimealdia.org\/wp-content\/uploads\/2016\/07\/comunicaci\u00f3-estrat\u00e8gica-1-600x369.jpg 600w, https:\/\/www.pimealdia.org\/wp-content\/uploads\/2016\/07\/comunicaci\u00f3-estrat\u00e8gica-1-400x246.jpg 400w, https:\/\/www.pimealdia.org\/wp-content\/uploads\/2016\/07\/comunicaci\u00f3-estrat\u00e8gica-1.jpg 1200w\" sizes=\"(max-width: 300px) 100vw, 300px\" \/> el aumento de ventas locales (o no estrictamente de exportaci\u00f3n, que hasta ahora ha sido el gran apoyo de nuestras empresas) y el fomento de la demanda local o, mejor dicho, de la &#8220;nueva demanda&#8221; local, son los elementos necesarios que nos deben ayudar a recuperar el nivel de actividad de nuestra empresa, su competitividad y su volumen.<\/p>\n<p>As\u00ed pues, es el momento de apostar por el crecimiento, tanto en cuanto a la exportaci\u00f3n como <strong> la nueva demanda local <\/strong>; eso s\u00ed, revisando dentro de nuestra empresa los puntos mencionados y ajust\u00e1ndonos a los &#8220;nuevos clientes&#8221;.<\/p>\n<p><strong> Jos\u00e9 Castellano <\/strong><\/p>\n<p>Coordinador Red Consultores PIMEC<\/p>\n","protected":false},"excerpt":{"rendered":"<p>En los a\u00f1os de fuerte crisis econ\u00f3mica y de la consiguiente ca\u00edda de la demanda que ha llevado a muchas pymes al l\u00edmite, se ha a\u00f1adido las grandes dificultades para renovar o conseguir nuevo financiaci\u00f3n . Ahora, efectivamente, es el momento de plantearse c\u00f3mo se puede afrontar esta nueva coyuntura econ\u00f3mica, basada en un aumento de la demanda interna. Estamos preparados para afrontar y aprovechar este ligero aumento de la demanda? Es la demanda actual diferente de la demanda pre-crisis? Pues parece que s\u00ed, que la demanda es diferente y que nos tenemos que adaptar, ya que en muchos casos<\/p>\n","protected":false},"author":30,"featured_media":6594,"comment_status":"open","ping_status":"closed","sticky":false,"template":"","format":"standard","meta":[],"categories":[330],"tags":[],"_links":{"self":[{"href":"https:\/\/www.pimealdia.org\/es\/wp-json\/wp\/v2\/posts\/6593"}],"collection":[{"href":"https:\/\/www.pimealdia.org\/es\/wp-json\/wp\/v2\/posts"}],"about":[{"href":"https:\/\/www.pimealdia.org\/es\/wp-json\/wp\/v2\/types\/post"}],"author":[{"embeddable":true,"href":"https:\/\/www.pimealdia.org\/es\/wp-json\/wp\/v2\/users\/30"}],"replies":[{"embeddable":true,"href":"https:\/\/www.pimealdia.org\/es\/wp-json\/wp\/v2\/comments?post=6593"}],"version-history":[{"count":0,"href":"https:\/\/www.pimealdia.org\/es\/wp-json\/wp\/v2\/posts\/6593\/revisions"}],"wp:featuredmedia":[{"embeddable":true,"href":"https:\/\/www.pimealdia.org\/es\/wp-json\/wp\/v2\/media\/6594"}],"wp:attachment":[{"href":"https:\/\/www.pimealdia.org\/es\/wp-json\/wp\/v2\/media?parent=6593"}],"wp:term":[{"taxonomy":"category","embeddable":true,"href":"https:\/\/www.pimealdia.org\/es\/wp-json\/wp\/v2\/categories?post=6593"},{"taxonomy":"post_tag","embeddable":true,"href":"https:\/\/www.pimealdia.org\/es\/wp-json\/wp\/v2\/tags?post=6593"}],"curies":[{"name":"wp","href":"https:\/\/api.w.org\/{rel}","templated":true}]}}