{"id":6665,"date":"2016-07-21T15:27:28","date_gmt":"2016-07-21T13:27:28","guid":{"rendered":"https:\/\/www.pimealdia.org\/eines-comunicacio-estrategica\/"},"modified":"2017-07-17T13:00:15","modified_gmt":"2017-07-17T11:00:15","slug":"eines-comunicacio-estrategica","status":"publish","type":"post","link":"https:\/\/www.pimealdia.org\/es\/eines-comunicacio-estrategica\/","title":{"rendered":"Las herramientas de la comunicaci\u00f3n estrat\u00e9gica"},"content":{"rendered":"<p>En este art\u00edculo te describo cu\u00e1les son las herramientas que te convienen para completar la <a href=\"http:\/\/www.pimealdia.org\/comunicacio-estrategica-4-passos\/\" target=\"_ blank\"> comunicaci\u00f3n estrat\u00e9gica de tu negocio <\/a>.<\/p>\n<h3>La planificaci\u00f3n de la comunicaci\u00f3n estrat\u00e9gica<\/h3>\n<p>Debe ser sostenida por un conjunto de <strong> herramientas de comunicaci\u00f3n que establezcan el est\u00e1ndar para la excelencia creativa <\/strong> de todos los miembros del equipo, independientemente de su ubicaci\u00f3n o funci\u00f3n, y de si tienen la responsabilidad de la comunicaci\u00f3n interna o externa.<\/p>\n<p>Las herramientas pueden variar en funci\u00f3n del tama\u00f1o de tu organizaci\u00f3n, el grado en que la gesti\u00f3n de marca se materializa en las decisiones que tomas y el n\u00famero de personas que est\u00e1n realmente implicadas en el desarrollo de las comunicaciones.<\/p>\n<p><strong> Cada miembro de tu organizaci\u00f3n se comunica <\/strong> y buena parte de tu personal entra en contacto con los clientes y proveedores. Tambi\u00e9n pueden beneficiarse de las herramientas expl\u00edcitas, tales como marcos de mensajes que ayudan a ofrecer un fuerte contenido relacionado con su posici\u00f3n y los principios de la comunicaci\u00f3n que le ayudar\u00e1n a guiar sus comportamientos marca. Por este motivo es conveniente que te mires la imagen que se presenta a continuaci\u00f3n.<\/p>\n<p>En este esquema se muestra como <strong> la comunicaci\u00f3n estrat\u00e9gica depende necesariamente de la gesti\u00f3n de: las relaciones estrat\u00e9gicas <\/strong> con personas, entidades o actores que influyan; <strong> la comunicaci\u00f3n de la empresa <\/strong> interna y externamente, como conjunto; <strong> los v\u00ednculos con el p\u00fablico <\/strong> o, dicho en otras palabras, tienes que gestionar las relaciones con los clientes y usuarios de tu empresa; <strong> y, finalmente, la gesti\u00f3n integral de los medios, <\/strong> ya que siempre tienes que tener un ojo puesto a controlar tus relaciones empresariales con los medios de comunicaci\u00f3n, <i> influencers por excelencia .<\/i><\/p>\n<p><img loading=\"lazy\" class=\"wp-image-1261 aligncenter\" src=\"http:\/\/www.pimealdia.org\/wp-content\/uploads\/2016\/07\/comunicaci\u00f3-estrat\u00e8gica3-300x226.jpg\" alt=\"comunicaci\u00f3n estrat\u00e8gica3\" width=\"396\" height=\"298\" srcset=\"https:\/\/www.pimealdia.org\/wp-content\/uploads\/2016\/07\/comunicaci\u00f3-estrat\u00e8gica3-300x226.jpg 300w, https:\/\/www.pimealdia.org\/wp-content\/uploads\/2016\/07\/comunicaci\u00f3-estrat\u00e8gica3-768x579.jpg 768w, https:\/\/www.pimealdia.org\/wp-content\/uploads\/2016\/07\/comunicaci\u00f3-estrat\u00e8gica3-600x453.jpg 600w, https:\/\/www.pimealdia.org\/wp-content\/uploads\/2016\/07\/comunicaci\u00f3-estrat\u00e8gica3-400x302.jpg 400w, https:\/\/www.pimealdia.org\/wp-content\/uploads\/2016\/07\/comunicaci\u00f3-estrat\u00e8gica3.jpg 778w\" sizes=\"(max-width: 396px) 100vw, 396px\" \/><\/p>\n<p>Para alcanzar una alta productividad en comunicaciones ser\u00e1 necesario que sigas la siguiente secuencia.<\/p>\n<p><img loading=\"lazy\" class=\"wp-image-1262 aligncenter\" src=\"http:\/\/www.pimealdia.org\/wp-content\/uploads\/2016\/07\/Comunicaci\u00f3-estrat\u00e8gica4-300x62.jpg\" alt=\"Comunicaci\u00f3n estrat\u00e8gica4\" width=\"503\" height=\"104\" srcset=\"https:\/\/www.pimealdia.org\/wp-content\/uploads\/2016\/07\/Comunicaci\u00f3-estrat\u00e8gica4-300x62.jpg 300w, https:\/\/www.pimealdia.org\/wp-content\/uploads\/2016\/07\/Comunicaci\u00f3-estrat\u00e8gica4-600x123.jpg 600w, https:\/\/www.pimealdia.org\/wp-content\/uploads\/2016\/07\/Comunicaci\u00f3-estrat\u00e8gica4-400x82.jpg 400w, https:\/\/www.pimealdia.org\/wp-content\/uploads\/2016\/07\/Comunicaci\u00f3-estrat\u00e8gica4.jpg 736w\" sizes=\"(max-width: 503px) 100vw, 503px\" \/><\/p>\n<p>En esta secuencia puedes observar como <strong> la productividad comunicativa requiere eficiencia, eficacia y efectividad comunicativa. <\/strong><\/p>\n<p>Pero esta afirmaci\u00f3n, como se traduce?<\/p>\n<ul>\n<li><strong> Eficiencia <\/strong> significa que tienes que &#8220;hacer bien las cosas&#8221;, es decir, hacer la mejor comunicaci\u00f3n buscando la mejor relaci\u00f3n posible entre los recursos humanos y los resultados obtenidos &#8211; <strong> COMO hacer la comunicaci\u00f3n <\/strong> -.<\/li>\n<li><strong> Eficacia <\/strong> es como &#8220;hacer las cosas correctamente&#8221;, en otras palabras, c\u00f3mo comunicar mejor para conseguir los resultados &#8211; <strong> QU\u00c9 se debe hacer para comunicar <\/strong> -. <strong> Efectividad <\/strong> es &#8220;hacer bien las cosas correctas&#8221; o c\u00f3mo llevar a cabo una comunicaci\u00f3n eficiente y eficaz &#8211; <strong> QU\u00c9 y C\u00d3MO comunicar <\/strong> -.<\/li>\n<\/ul>\n<p>Esto me lleva a la exigencia final y m\u00e1s importante &#8211; <strong> organizar el equipo adecuado con el conocimiento y la pasi\u00f3n para hacer el trabajo de una manera ejemplar <\/strong>. M\u00e1s a menudo que no, entro en contacto con los l\u00edderes de comunicaci\u00f3n y los miembros del equipo que est\u00e1n mal ubicados. Es posible que hayan estado en el desempe\u00f1o de otras funciones, pero que no tienen experiencia en comunicaci\u00f3n estrat\u00e9gica, ya sea a trav\u00e9s de su educaci\u00f3n o de su formaci\u00f3n profesional.<\/p>\n<p>Para empezar, se nombra una persona que puede llevar este tipo de liderazgo, que tiene el coraz\u00f3n para comprender la esencia de la compa\u00f1\u00eda, y que puede guiar y motivar a los empleados. <strong> Dale una posici\u00f3n de nivel ejecutivo para se\u00f1alar la importancia de este papel en la organizaci\u00f3n. <\/strong> Reclutar nuevos jugadores y socios externos que puedan llevar nuevas estrategias, m\u00e9todos y tecnolog\u00edas, y que tengan el af\u00e1n de crear comunicaciones, dotar\u00e1 de orgullo y ayuda a tus empleados cuando hayan alcanzado sus objetivos. <strong> Trabajando en equipo comunicar\u00e9is mejor! <\/strong><\/p>\n","protected":false},"excerpt":{"rendered":"<p>En este art\u00edculo te describo cu\u00e1les son las herramientas que te convienen para completar la comunicaci\u00f3n estrat\u00e9gica de tu negocio . La planificaci\u00f3n de la comunicaci\u00f3n estrat\u00e9gica Debe ser sostenida por un conjunto de herramientas de comunicaci\u00f3n que establezcan el est\u00e1ndar para la excelencia creativa de todos los miembros del equipo, independientemente de su ubicaci\u00f3n o funci\u00f3n, y de si tienen la responsabilidad de la comunicaci\u00f3n interna o externa. Las herramientas pueden variar en funci\u00f3n del tama\u00f1o de tu organizaci\u00f3n, el grado en que la gesti\u00f3n de marca se materializa en las decisiones que tomas y el n\u00famero de personas<\/p>\n","protected":false},"author":10,"featured_media":6667,"comment_status":"open","ping_status":"closed","sticky":false,"template":"","format":"standard","meta":[],"categories":[342],"tags":[780],"_links":{"self":[{"href":"https:\/\/www.pimealdia.org\/es\/wp-json\/wp\/v2\/posts\/6665"}],"collection":[{"href":"https:\/\/www.pimealdia.org\/es\/wp-json\/wp\/v2\/posts"}],"about":[{"href":"https:\/\/www.pimealdia.org\/es\/wp-json\/wp\/v2\/types\/post"}],"author":[{"embeddable":true,"href":"https:\/\/www.pimealdia.org\/es\/wp-json\/wp\/v2\/users\/10"}],"replies":[{"embeddable":true,"href":"https:\/\/www.pimealdia.org\/es\/wp-json\/wp\/v2\/comments?post=6665"}],"version-history":[{"count":0,"href":"https:\/\/www.pimealdia.org\/es\/wp-json\/wp\/v2\/posts\/6665\/revisions"}],"wp:featuredmedia":[{"embeddable":true,"href":"https:\/\/www.pimealdia.org\/es\/wp-json\/wp\/v2\/media\/6667"}],"wp:attachment":[{"href":"https:\/\/www.pimealdia.org\/es\/wp-json\/wp\/v2\/media?parent=6665"}],"wp:term":[{"taxonomy":"category","embeddable":true,"href":"https:\/\/www.pimealdia.org\/es\/wp-json\/wp\/v2\/categories?post=6665"},{"taxonomy":"post_tag","embeddable":true,"href":"https:\/\/www.pimealdia.org\/es\/wp-json\/wp\/v2\/tags?post=6665"}],"curies":[{"name":"wp","href":"https:\/\/api.w.org\/{rel}","templated":true}]}}