{"id":6670,"date":"2016-07-22T11:08:32","date_gmt":"2016-07-22T09:08:32","guid":{"rendered":"https:\/\/www.pimealdia.org\/autoconsum-i-competencia\/"},"modified":"2017-07-17T13:09:24","modified_gmt":"2017-07-17T11:09:24","slug":"autoconsum-i-competencia","status":"publish","type":"post","link":"https:\/\/www.pimealdia.org\/es\/autoconsum-i-competencia\/","title":{"rendered":"Autoconsumo el\u00e9ctrico y competencia"},"content":{"rendered":"<p style=\"text-align: justify;\">La conveniencia o no de <a href=\"http:\/\/www.pimealdia.org\/que-es-lautoconsum-energetic-en-regim-de-balanc-net \/ \" target=\" _ blank \"> el autoconsumo el\u00e9ctrico <\/a> suele enfocar desde diferentes perspectivas; el ahorro que supondr\u00eda para el consumidor que en dispusiera, la actividad que conllevar\u00eda la instalaci\u00f3n de los sistemas de autoconsumo y el empleo que esto generar\u00eda, la dificultad t\u00e9cnica que tendr\u00eda el sistema a la hora de gestionar la circulaci\u00f3n de la electricidad en doble sentido, la necesidad de disponer de una capacidad de generaci\u00f3n de apoyo para cuando no hiciera sol &#8230;<\/p>\n<p style=\"text-align: justify;\">Sin embargo, tengo la sensaci\u00f3n de que se ha prestado poca atenci\u00f3n a la conveniencia del autoconsumo desde el punto de vista de la defensa de la <strong> competencia .<\/strong><\/p>\n<figure id=\"attachment_4810\" aria-describedby=\"caption-attachment-4810\" style=\"width: 300px\" class=\"wp-caption alignleft\"><img loading=\"lazy\" class=\"wp-image-4810 size-medium\" src=\"https:\/\/www.pimealdia.org\/wp-content\/uploads\/2016\/07\/autoconsum-electric-300x113.jpg\" width=\"300\" height=\"113\" srcset=\"https:\/\/www.pimealdia.org\/wp-content\/uploads\/2016\/07\/autoconsum-electric-300x113.jpg 300w, https:\/\/www.pimealdia.org\/wp-content\/uploads\/2016\/07\/autoconsum-electric-400x150.jpg 400w, https:\/\/www.pimealdia.org\/wp-content\/uploads\/2016\/07\/autoconsum-electric.jpg 490w\" sizes=\"(max-width: 300px) 100vw, 300px\" \/><figcaption id=\"caption-attachment-4810\" class=\"wp-caption-text\">El sistema de econom\u00eda de mercado tiende a ser m\u00e1s perfecto cuando m\u00e1s competencia haya en la oferta<\/figcaption><\/figure>\n<p style=\"text-align: justify;\">En efecto, el sistema de econom\u00eda de mercado tiende a ser m\u00e1s perfecto cuando m\u00e1s competencia haya en la oferta. En este sentido, la Autoridad Catalana de la Competencia ha publicado un informe adoptando este punto de vista sobre el autoconsumo y su regulaci\u00f3n. Las conclusiones del informe, con alg\u00fan comentario a\u00f1adido, vienen a decir lo siguiente:<\/p>\n<blockquote><p>Una mayor implantaci\u00f3n del autoconsumo har\u00eda disminuir la estructura oligopol\u00edstica del mercado de generaci\u00f3n de electricidad, lo que reducir\u00eda la influencia sobre el precio de los productores.<\/p><\/blockquote>\n<ul>\n<li>El autoconsumo hace aumentar la competencia y beneficia el consumidor en el sentido que aumentan sus posibilidades de <strong> elecci\u00f3n en el aprovisionamiento el\u00e9ctrico. <\/strong><\/li>\n<li>Un sistema <strong> descentralizado <\/strong> con presencia significativa del autoconsumo mejor\u00eda la eficiencia del sistema y tendr\u00eda efectos beneficiosos en relaci\u00f3n a las pol\u00edticas medioambientales y en relaci\u00f3n a la dependencia energ\u00e9tica.<\/li>\n<li>La actual regulaci\u00f3n (RD 900\/2015) carga el autoconsumo el\u00e9ctrico con el coste de mantener la viabilidad del sistema con el que est\u00e1 compitiendo. Esto implica eliminar gran parte de las ventajas que presenta esta opci\u00f3n, hasta el punto de que es probable que la misma ni siquiera acabe siendo una realidad bastante atractiva econ\u00f3micamente como para penetrar con suficiente profundidad en el mercado. Es decir, <strong> se reducen las posibilidades de que optar por autoabastecer a de energ\u00eda resulte econ\u00f3micamente viable <\/strong>; posibilidad de que se encuentra en competencia con la de proveer a trav\u00e9s de la red tradicional.<\/li>\n<li>Parece que el RD 900\/2015 <strong> no es lo suficientemente respetuoso <\/strong> con los principios de necesidad, proporcionalidad y no discriminaci\u00f3n dadas las restricciones a la competencia que introduce. A juicio de la ACCO, habr\u00eda que encontrar un entorno regulatorio que permitiera compaginar mejor los diferentes intereses generales en juego, a saber: <strong> el sostenimiento del sistema el\u00e9ctrico y el desarrollo del autoconsumo de energ\u00eda <\/strong>. As\u00ed, la regulaci\u00f3n deber\u00eda hacer recaer los costes del sistema al que efectivamente hace uso -o al menos no cargarlos espec\u00edficamente a una opci\u00f3n que se constituye como alternativa al mismo -. Adicionalmente habr\u00eda que <strong> la regulaci\u00f3n contuviera un mecanismo de compensaci\u00f3n proporcional para quienes eventualmente vierta energ\u00eda a la red. <\/strong><\/li>\n<\/ul>\n<p style=\"text-align: justify;\">Puede consultar <a href=\"http:\/\/acco.gencat.cat\/ca\/detall\/article\/Observacions-sobre-lautocosum-electric-i-la-competencia\" target=\"_ blank\"> el informe <\/a> entero<\/p>\n<p style=\"text-align: justify;\">\n","protected":false},"excerpt":{"rendered":"<p>La conveniencia o no de el autoconsumo el\u00e9ctrico suele enfocar desde diferentes perspectivas; el ahorro que supondr\u00eda para el consumidor que en dispusiera, la actividad que conllevar\u00eda la instalaci\u00f3n de los sistemas de autoconsumo y el empleo que esto generar\u00eda, la dificultad t\u00e9cnica que tendr\u00eda el sistema a la hora de gestionar la circulaci\u00f3n de la electricidad en doble sentido, la necesidad de disponer de una capacidad de generaci\u00f3n de apoyo para cuando no hiciera sol &#8230; Sin embargo, tengo la sensaci\u00f3n de que se ha prestado poca atenci\u00f3n a la conveniencia del autoconsumo desde el punto de vista de<\/p>\n","protected":false},"author":13,"featured_media":6672,"comment_status":"open","ping_status":"closed","sticky":false,"template":"","format":"standard","meta":[],"categories":[330],"tags":[],"_links":{"self":[{"href":"https:\/\/www.pimealdia.org\/es\/wp-json\/wp\/v2\/posts\/6670"}],"collection":[{"href":"https:\/\/www.pimealdia.org\/es\/wp-json\/wp\/v2\/posts"}],"about":[{"href":"https:\/\/www.pimealdia.org\/es\/wp-json\/wp\/v2\/types\/post"}],"author":[{"embeddable":true,"href":"https:\/\/www.pimealdia.org\/es\/wp-json\/wp\/v2\/users\/13"}],"replies":[{"embeddable":true,"href":"https:\/\/www.pimealdia.org\/es\/wp-json\/wp\/v2\/comments?post=6670"}],"version-history":[{"count":0,"href":"https:\/\/www.pimealdia.org\/es\/wp-json\/wp\/v2\/posts\/6670\/revisions"}],"wp:featuredmedia":[{"embeddable":true,"href":"https:\/\/www.pimealdia.org\/es\/wp-json\/wp\/v2\/media\/6672"}],"wp:attachment":[{"href":"https:\/\/www.pimealdia.org\/es\/wp-json\/wp\/v2\/media?parent=6670"}],"wp:term":[{"taxonomy":"category","embeddable":true,"href":"https:\/\/www.pimealdia.org\/es\/wp-json\/wp\/v2\/categories?post=6670"},{"taxonomy":"post_tag","embeddable":true,"href":"https:\/\/www.pimealdia.org\/es\/wp-json\/wp\/v2\/tags?post=6670"}],"curies":[{"name":"wp","href":"https:\/\/api.w.org\/{rel}","templated":true}]}}