{"id":6721,"date":"2016-08-03T14:08:16","date_gmt":"2016-08-03T12:08:16","guid":{"rendered":"https:\/\/www.pimealdia.org\/empren-catala\/"},"modified":"2017-07-17T17:47:20","modified_gmt":"2017-07-17T15:47:20","slug":"empren-catala","status":"publish","type":"post","link":"https:\/\/www.pimealdia.org\/es\/empren-catala\/","title":{"rendered":"Emprende en catal\u00e1n como factor de RSE"},"content":{"rendered":"<p><em> La Fundaci\u00f3n PIMEC arranca de nuevo una campa\u00f1a dirigida al fomento del catal\u00e1n entre las peque\u00f1as y medianas empresas de Catalu\u00f1a, ahora con un punto de vista diferente &#8230; Emprende en catal\u00e1n como factor de RSE. <\/em><\/p>\n<h3><i> \u00bfOs suena la <strong> responsabilidad social empresarial <\/strong>? <\/i><\/h3>\n<p>Hacemos un paso atr\u00e1s: en 2015 publicamos una serie de art\u00edculos en la campa\u00f1a &#8220;En catal\u00e1n ya punto&#8221; y los centramos principalmente en los derechos y deberes de las empresas respecto del uso del catal\u00e1n, y en los recursos disponibles para usarlo m\u00e1s y mejor.<\/p>\n<p>Entre muchas otras cosas hablamos de normativa legal, los derechos de las personas consumidoras, de rotulaci\u00f3n y de etiquetado, del nivel de implantaci\u00f3n del catal\u00e1n en las pymes, de qu\u00e9 presencia tiene en Internet y en el \u00e1mbito de las nuevas tecnolog\u00edas , de donde encontrar herramientas y recursos para aprenderlo, hablarlo o escribirlo &#8230;<\/p>\n<figure id=\"attachment_4158\" aria-describedby=\"caption-attachment-4158\" style=\"width: 300px\" class=\"wp-caption alignleft\"><img loading=\"lazy\" class=\"wp-image-4158 size-medium\" src=\"https:\/\/www.pimealdia.org\/wp-content\/uploads\/2016\/05\/dincat-300x143.jpg\" width=\"300\" height=\"143\" srcset=\"https:\/\/www.pimealdia.org\/wp-content\/uploads\/2016\/05\/dincat-300x143.jpg 300w, https:\/\/www.pimealdia.org\/wp-content\/uploads\/2016\/05\/dincat-768x366.jpg 768w, https:\/\/www.pimealdia.org\/wp-content\/uploads\/2016\/05\/dincat-800x381.jpg 800w, https:\/\/www.pimealdia.org\/wp-content\/uploads\/2016\/05\/dincat-600x286.jpg 600w, https:\/\/www.pimealdia.org\/wp-content\/uploads\/2016\/05\/dincat-400x190.jpg 400w, https:\/\/www.pimealdia.org\/wp-content\/uploads\/2016\/05\/dincat.jpg 840w\" sizes=\"(max-width: 300px) 100vw, 300px\" \/><figcaption id=\"caption-attachment-4158\" class=\"wp-caption-text\">Esta es la perspectiva que nos da la responsabilidad social empresarial (RSE)<\/figcaption><\/figure>\n<p>En fin, de lo que tenemos que hacer como empresas para utilizar m\u00e1s y mejor el catal\u00e1n y de c\u00f3mo lo podemos hacer, pero no hablamos de algo mucho m\u00e1s importante &#8230; y es del esp\u00edritu, de los valores que han regir nuestra cultura empresarial y que nos deben mover a comprometernos con nuestro entorno.<\/p>\n<p>Os publicaremos diferentes art\u00edculos donde hablaremos del uso del catal\u00e1n como un aspecto de RSE en general, y tambi\u00e9n como un elemento de respeto por la diversidad de nuestro p\u00fablico, ya sea ling\u00fc\u00edstica, de g\u00e9nero, de edad, de orientaci\u00f3n sexual , &#8230;<\/p>\n<h3><strong> El catal\u00e1n, como factor de RSE <\/strong><\/h3>\n<p>Las pymes no hay que limitarse a cumplir el marco legal en cuanto al uso del catal\u00e1n sino que tenemos que dar un paso m\u00e1s e incorporar buenas pr\u00e1cticas de RSE, ya que nuestro mercado se muestra especialmente favorable a recibir informaci\u00f3n y productos y \/ o servicios en la lengua propia del pa\u00eds.<\/p>\n<p>Adem\u00e1s, no debemos olvidar que el catal\u00e1n es una lengua con una <strong> gran vitalidad y dinamismo a la Red <\/strong> (est\u00e1 situada entre las 20 primeras), aunque ocupa la posici\u00f3n 80 entre las 6.000 lenguas que hay en el mundo en cuanto al n\u00famero de hablantes.<\/p>\n<p>Y ahora os preguntar\u00e9is:<\/p>\n<h3>C\u00f3mo podemos incorporar el catal\u00e1n como elemento de RSE en nuestra actividad empresarial?<\/h3>\n<p>Pues a tres niveles:<\/p>\n<ul>\n<li>en nuestros productos y \/ o servicios (por ejemplo, si desarrollamos aplicaciones m\u00f3viles o software inform\u00e1tico);<\/li>\n<li>en las relaciones con nuestro p\u00fablico interno y externo (por ejemplo, con las revistas de la sala de espera de nuestro despacho);<\/li>\n<li>en las relaciones con el territorio donde nos movemos (por ejemplo, en las comunicaciones con las asociaciones empresariales en los que participamos).<\/li>\n<\/ul>\n<p>Si os fij\u00e1is bien, os hemos propuesto ejemplos en los que no tenemos obligaci\u00f3n legal de utilizar el catal\u00e1n, pero que pueden mejorar nuestra imagen y ampliar nuestro mercado &#8230; De buenas pr\u00e1cticas como \u00e9stas y de muchas m\u00e1s cosas ya iremos hablando en pr\u00f3ximos art\u00edculos!<\/p>\n<p>Mientras tanto os invitamos a leer m\u00e1s cosas en este blog de <a href=\"http:\/\/www.pimealdia.org\/category\/responsabilitat-social\/\"> Pyme al D\u00eda <\/a> y sobre el catal\u00e1n como elemento de RSE en el documento <a href=\"https:\/\/www.plataforma-llengua.cat\/media\/assets\/2620\/plataforma_manual_Finalb.pdf\"> <i> en la empresa en catal\u00e1n. Manual para unas buenas pr\u00e1cticas ling\u00fc\u00edsticas en la empresa <\/i><\/a><em>,<\/em> de la entidad Plataforma por la Lengua.<\/p>\n<p><em> La campa\u00f1a &#8220;Emprende en catal\u00e1n: + all\u00e1 del g\u00e9nero&#8221; es una acci\u00f3n destinada a promover el uso de la lengua catalana en Catalu\u00f1a en el \u00e1mbito laboral y empresarial promovida por la Fundaci\u00f3n PIMEC y con el apoyo del Departamento de Cultura de la Generalidad de Catalu\u00f1a (2016). <\/em><\/p>\n<p>Julia G\u00f3mez<\/p>\n<p>T\u00e9cnica Fundaci\u00f3n PIMEC<\/p>\n","protected":false},"excerpt":{"rendered":"<p>La Fundaci\u00f3n PIMEC arranca de nuevo una campa\u00f1a dirigida al fomento del catal\u00e1n entre las peque\u00f1as y medianas empresas de Catalu\u00f1a, ahora con un punto de vista diferente &#8230; Emprende en catal\u00e1n como factor de RSE. \u00bfOs suena la responsabilidad social empresarial ? Hacemos un paso atr\u00e1s: en 2015 publicamos una serie de art\u00edculos en la campa\u00f1a &#8220;En catal\u00e1n ya punto&#8221; y los centramos principalmente en los derechos y deberes de las empresas respecto del uso del catal\u00e1n, y en los recursos disponibles para usarlo m\u00e1s y mejor. Entre muchas otras cosas hablamos de normativa legal, los derechos de las<\/p>\n","protected":false},"author":15,"featured_media":6723,"comment_status":"open","ping_status":"closed","sticky":false,"template":"","format":"standard","meta":[],"categories":[338],"tags":[],"_links":{"self":[{"href":"https:\/\/www.pimealdia.org\/es\/wp-json\/wp\/v2\/posts\/6721"}],"collection":[{"href":"https:\/\/www.pimealdia.org\/es\/wp-json\/wp\/v2\/posts"}],"about":[{"href":"https:\/\/www.pimealdia.org\/es\/wp-json\/wp\/v2\/types\/post"}],"author":[{"embeddable":true,"href":"https:\/\/www.pimealdia.org\/es\/wp-json\/wp\/v2\/users\/15"}],"replies":[{"embeddable":true,"href":"https:\/\/www.pimealdia.org\/es\/wp-json\/wp\/v2\/comments?post=6721"}],"version-history":[{"count":0,"href":"https:\/\/www.pimealdia.org\/es\/wp-json\/wp\/v2\/posts\/6721\/revisions"}],"wp:featuredmedia":[{"embeddable":true,"href":"https:\/\/www.pimealdia.org\/es\/wp-json\/wp\/v2\/media\/6723"}],"wp:attachment":[{"href":"https:\/\/www.pimealdia.org\/es\/wp-json\/wp\/v2\/media?parent=6721"}],"wp:term":[{"taxonomy":"category","embeddable":true,"href":"https:\/\/www.pimealdia.org\/es\/wp-json\/wp\/v2\/categories?post=6721"},{"taxonomy":"post_tag","embeddable":true,"href":"https:\/\/www.pimealdia.org\/es\/wp-json\/wp\/v2\/tags?post=6721"}],"curies":[{"name":"wp","href":"https:\/\/api.w.org\/{rel}","templated":true}]}}