{"id":6756,"date":"2017-07-14T09:00:42","date_gmt":"2017-07-14T07:00:42","guid":{"rendered":"https:\/\/www.pimealdia.org\/qui-i-quan-estem-obligats-a-estar-dalta-en-el-reta\/"},"modified":"2017-07-18T00:11:22","modified_gmt":"2017-07-17T22:11:22","slug":"qui-i-quan-estem-obligats-a-estar-dalta-en-el-reta","status":"publish","type":"post","link":"https:\/\/www.pimealdia.org\/es\/qui-i-quan-estem-obligats-a-estar-dalta-en-el-reta\/","title":{"rendered":"\u00bfQui\u00e9n y cuando estamos obligados a estar de alta en el RETA?"},"content":{"rendered":"<p>La Ley General de Seguridad Social impone la obligaci\u00f3n de inclusi\u00f3n en el campo de aplicaci\u00f3n del RETA a aquellos que realicen actividad econ\u00f3mica o profesional a t\u00edtulo lucrativo de forma habitual, personal, directa, por cuenta propia y fuera del \u00e1mbito de direcci\u00f3n y organizaci\u00f3n de otra persona. Vemos as\u00ed una equivalencia entre lo que es trabajo<a href=\"https:\/\/www.pimealdia.org\/es\/tag\/autonomos\/\" target=\"_blank\" rel=\"noopener noreferrer\">\u00a0aut\u00f3nomo<\/a> y la obligaci\u00f3n de estar de alta en el RETA.<br \/>\nLa Ley de Reformas Urgentes del Trabajo Aut\u00f3nomo respecto a la Subcomisi\u00f3n de Estudio del R\u00e9gimen Especial del Trabajo Aut\u00f3nomo (RETA) del Congreso tres demandas expresas que veremos a continuaci\u00f3n:<\/p>\n<ol>\n<li>Definir el concepto de <strong> habitualidad <\/strong><\/li>\n<li>Determinar los diferentes elementos para <strong> permitir la implantaci\u00f3n de un sistema de cotizaci\u00f3n a tiempo parcial <\/strong><\/li>\n<li>Los elementos posibilitar\u00e1n <strong> combinar el trabajo aut\u00f3nomo a tiempo parcial con la pensi\u00f3n de jubilaci\u00f3n tambi\u00e9n a tiempo parcial <\/strong><\/li>\n<\/ol>\n<h4>1. Definimos &#8220;Habitualidad&#8221;<\/h4>\n<figure id=\"attachment_6759\" aria-describedby=\"caption-attachment-6759\" style=\"width: 300px\" class=\"wp-caption alignleft\"><img loading=\"lazy\" class=\"size-medium wp-image-6759\" src=\"https:\/\/www.pimealdia.org\/wp-content\/uploads\/2017\/07\/alta-en-el-reta-300x198.jpg\" alt=\"\" width=\"300\" height=\"198\" \/><figcaption id=\"caption-attachment-6759\" class=\"wp-caption-text\">El trabajo aut\u00f3nomo se define como un trabajo que se realiza de forma habitual, personal, directa, por cuenta propia y fuera del \u00e1mbito de direcci\u00f3n de otra persona<\/figcaption><\/figure>\n<p>De todos los requisitos que definen el aut\u00f3nomo y la obligaci\u00f3n de cotizar en el RETA, lo que es de dif\u00edcil determinaci\u00f3n y comprobaci\u00f3n es <strong> la habitualidad. <\/strong> &#8220;Habitual&#8221; es una &#8220;conducta repetida y constante en el tiempo &#8220;, que en el marco del trabajo aut\u00f3nomo es dif\u00edcilmente comprobable, ya que el aut\u00f3nomo es quien ejerce el control.<\/p>\n<p>Y es esta dificultad de determinaci\u00f3n la que conduce a situaciones en que se puede llegar a exigir una alta en el RETA o denegar la baja en este sistema cuando hay un cese de actividad parcial, adem\u00e1s de poder conducir a situaciones en que una actividad econ\u00f3mica no es viable por el simple hecho de requerir el alta en el RETA.<\/p>\n<blockquote><p>Actualmente no existe una definici\u00f3n legal de este concepto, sino que se utiliza la jurisprudencia del Tribunal Supremo, que emplea el valor <strong> &#8220;ingresos&#8221; <\/strong> para diferenciar qu\u00e9 es y qu\u00e9 no es habitual<\/p><\/blockquote>\n<p><img loading=\"lazy\" class=\"size-medium wp-image-5302 alignleft\" src=\"https:\/\/www.pimealdia.org\/wp-content\/uploads\/2017\/04\/morositat-300x225.jpg\" alt=\"\" width=\"300\" height=\"225\" srcset=\"https:\/\/www.pimealdia.org\/wp-content\/uploads\/2017\/04\/morositat-300x225.jpg 300w, https:\/\/www.pimealdia.org\/wp-content\/uploads\/2017\/04\/morositat-600x450.jpg 600w, https:\/\/www.pimealdia.org\/wp-content\/uploads\/2017\/04\/morositat-400x300.jpg 400w, https:\/\/www.pimealdia.org\/wp-content\/uploads\/2017\/04\/morositat.jpg 640w\" sizes=\"(max-width: 300px) 100vw, 300px\" \/> As\u00ed, <strong> se considera habitual el trabajo que proporciona ingresos superiores al SMI anual, de f\u00e1cil c\u00f3mputo y verificaci\u00f3n <\/strong>. La jurisprudencia considera que la remuneraci\u00f3n suele guardar relaci\u00f3n con el tiempo de trabajo invertido. Sin embargo, muchos casos en que este criterio es insuficiente para determinar la habitualidad, ya que al fin, el habitual tiene un car\u00e1cter esencialmente temporal.<\/p>\n<h4>2. Cotizaci\u00f3n a tiempo parcial<\/h4>\n<p>La cotizaci\u00f3n a tiempo parcial es una de las medidas que el trabajo aut\u00f3nomo espera que sea una realidad. El Estatuto del Trabajador Aut\u00f3nomo ya tiene prevista esta posibilidad, introducida por una ley de 2011 para entrar en vigor el 1 de enero de 2013, y que ha sido suspendida de forma sistem\u00e1tica (la suspensi\u00f3n actual es hasta 1 de enero de 2019). Las suspensiones est\u00e1n motivadas en la falta de sistema de cotizaciones a tiempo parcial adaptado a los aut\u00f3nomos y sus caracter\u00edsticas, que es lo que motiva el encargo a la comisi\u00f3n.<\/p>\n<h4>3. Combinar el trabajo aut\u00f3nomo con otras actividades<\/h4>\n<p><img loading=\"lazy\" class=\"size-medium wp-image-5337 alignright\" src=\"https:\/\/www.pimealdia.org\/wp-content\/uploads\/2017\/04\/registre-horari-1-300x200.jpg\" alt=\"\" width=\"300\" height=\"200\" srcset=\"https:\/\/www.pimealdia.org\/wp-content\/uploads\/2017\/04\/registre-horari-1-300x200.jpg 300w, https:\/\/www.pimealdia.org\/wp-content\/uploads\/2017\/04\/registre-horari-1-600x400.jpg 600w, https:\/\/www.pimealdia.org\/wp-content\/uploads\/2017\/04\/registre-horari-1-400x267.jpg 400w, https:\/\/www.pimealdia.org\/wp-content\/uploads\/2017\/04\/registre-horari-1.jpg 750w\" sizes=\"(max-width: 300px) 100vw, 300px\" \/> Para remarcar la importancia de la cuesti\u00f3n, <strong> la cotizaci\u00f3n a tiempo parcial tendr\u00e1 una gran incidencia en los supuestos de pluriactividad, sobre todo cuando se de iniciar la actividad como aut\u00f3nomo manteniendo el trabajo por cuenta de otro<\/strong>, facilitando las transformaciones y cambios profesionales, la emprendedur\u00eda y convertir peque\u00f1as ideas en negocios. Se podr\u00e1 garantizar as\u00ed la conciliaci\u00f3n entre el trabajo y la vida familiar del aut\u00f3nomo, entre otras ventajas que ofrece.<\/p>\n<blockquote><p>Si la cotizaci\u00f3n a tiempo parcial es una de las medidas m\u00e1s esperadas por el trabajo aut\u00f3nomo, la jubilaci\u00f3n a tiempo parcial es una posibilidad correlativa<\/p><\/blockquote>\n<blockquote class=\"wp-embedded-content\" data-secret=\"gh0MiBjhBF\"><p><a href=\"https:\/\/www.pimealdia.org\/es\/seguir-en-actiu-i-cobrar-la-pensio-una-gran-millora-per-als-autonoms\/\">Seguir en activo y cobrar la pensi\u00f3n: Una gran mejora para los aut\u00f3nomos<\/a><\/p><\/blockquote>\n<p><iframe class=\"wp-embedded-content\" sandbox=\"allow-scripts\" security=\"restricted\" style=\"position: absolute; clip: rect(1px, 1px, 1px, 1px);\" title=\"\u00abSeguir en activo y cobrar la pensi\u00f3n: Una gran mejora para los aut\u00f3nomos\u00bb \u2014 Pime al dia\" src=\"https:\/\/www.pimealdia.org\/es\/seguir-en-actiu-i-cobrar-la-pensio-una-gran-millora-per-als-autonoms\/embed\/#?secret=gh0MiBjhBF\" data-secret=\"gh0MiBjhBF\" width=\"600\" height=\"338\" frameborder=\"0\" marginwidth=\"0\" marginheight=\"0\" scrolling=\"no\"><\/iframe><\/p>\n<p>Este sistema deber\u00e1 abordar medidas como la posibilidad de celebrar contratos de relevo, con la consecuente dificultad de adaptar estos contratos, esencialmente laborales, a una realidad mixta adem\u00e1s de otras medidas adecuadas para garantizar la pervivencia de la actividad econ\u00f3mica.<\/p>\n<h4>Otras cuestiones a abordar<\/h4>\n<p>\u00bfCu\u00e1les ser\u00e1n los est\u00e1ndares marcados por la reducci\u00f3n de jornada, la aplicaci\u00f3n de beneficios propios a las cotizaciones en la jubilaci\u00f3n a tiempo parcial y las revalorizaciones de las cotizaciones, son otras cuestiones a abordar, adem\u00e1s de m\u00faltiples que puedan surgir, ya que se trata de conseguir un alto grado de equidad entre el R\u00e9gimen General y el R\u00e9gimen Especial de la Seguridad Social<br \/>\nLas primeras medidas expresas encargadas a la Subcomisi\u00f3n de Estudio del RETA son de importancia capital para los trabajadores aut\u00f3nomos, aunque no pueden ser las \u00fanicas que se traten.<\/p>\n","protected":false},"excerpt":{"rendered":"<p>La Ley General de Seguridad Social impone la obligaci\u00f3n de inclusi\u00f3n en el campo de aplicaci\u00f3n del RETA a aquellos que realicen actividad econ\u00f3mica o profesional a t\u00edtulo lucrativo de forma habitual, personal, directa, por cuenta propia y fuera del \u00e1mbito de direcci\u00f3n y organizaci\u00f3n de otra persona. Vemos as\u00ed una equivalencia entre lo que es trabajo\u00a0aut\u00f3nomo y la obligaci\u00f3n de estar de alta en el RETA. La Ley de Reformas Urgentes del Trabajo Aut\u00f3nomo respecto a la Subcomisi\u00f3n de Estudio del R\u00e9gimen Especial del Trabajo Aut\u00f3nomo (RETA) del Congreso tres demandas expresas que veremos a continuaci\u00f3n: Definir el concepto<\/p>\n","protected":false},"author":53,"featured_media":6455,"comment_status":"open","ping_status":"closed","sticky":false,"template":"","format":"standard","meta":[],"categories":[342],"tags":[],"_links":{"self":[{"href":"https:\/\/www.pimealdia.org\/es\/wp-json\/wp\/v2\/posts\/6756"}],"collection":[{"href":"https:\/\/www.pimealdia.org\/es\/wp-json\/wp\/v2\/posts"}],"about":[{"href":"https:\/\/www.pimealdia.org\/es\/wp-json\/wp\/v2\/types\/post"}],"author":[{"embeddable":true,"href":"https:\/\/www.pimealdia.org\/es\/wp-json\/wp\/v2\/users\/53"}],"replies":[{"embeddable":true,"href":"https:\/\/www.pimealdia.org\/es\/wp-json\/wp\/v2\/comments?post=6756"}],"version-history":[{"count":3,"href":"https:\/\/www.pimealdia.org\/es\/wp-json\/wp\/v2\/posts\/6756\/revisions"}],"predecessor-version":[{"id":6763,"href":"https:\/\/www.pimealdia.org\/es\/wp-json\/wp\/v2\/posts\/6756\/revisions\/6763"}],"wp:featuredmedia":[{"embeddable":true,"href":"https:\/\/www.pimealdia.org\/es\/wp-json\/wp\/v2\/media\/6455"}],"wp:attachment":[{"href":"https:\/\/www.pimealdia.org\/es\/wp-json\/wp\/v2\/media?parent=6756"}],"wp:term":[{"taxonomy":"category","embeddable":true,"href":"https:\/\/www.pimealdia.org\/es\/wp-json\/wp\/v2\/categories?post=6756"},{"taxonomy":"post_tag","embeddable":true,"href":"https:\/\/www.pimealdia.org\/es\/wp-json\/wp\/v2\/tags?post=6756"}],"curies":[{"name":"wp","href":"https:\/\/api.w.org\/{rel}","templated":true}]}}