{"id":6764,"date":"2017-07-14T08:45:42","date_gmt":"2017-07-14T06:45:42","guid":{"rendered":"https:\/\/www.pimealdia.org\/un-nou-impuls-a-la-formacio-professional-dels-autonoms\/"},"modified":"2017-07-18T11:21:35","modified_gmt":"2017-07-18T09:21:35","slug":"un-nou-impuls-a-la-formacio-professional-dels-autonoms","status":"publish","type":"post","link":"https:\/\/www.pimealdia.org\/es\/un-nou-impuls-a-la-formacio-professional-dels-autonoms\/","title":{"rendered":"Un nuevo impulso a la formaci\u00f3n profesional de los aut\u00f3nomos"},"content":{"rendered":"<p>Durante los pr\u00f3ximos d\u00edas se aprobar\u00e1 definitivamente el texto de la normativa que regular\u00e1 el trabajo aut\u00f3nomo, entrando pues en vigor la <i> Ley de Medidas Urgentes en el Trabajo Aut\u00f3nomo, con un paquete de <a href=\"https: \/\/www.pimealdia.org\/es\/quines-son-les-mesures-per-autonoms-aprovades-al-congres\/ \" target=\" _ blank \"> nuevas medidas <\/a> que prevemos tendr\u00e1n un impacto muy positivo.<\/i><\/p>\n<figure id=\"attachment_6482\" aria-describedby=\"caption-attachment-6482\" style=\"width: 300px\" class=\"wp-caption alignleft\"><img loading=\"lazy\" class=\"wp-image-6482 size-medium\" src=\"https:\/\/www.pimealdia.org\/wp-content\/uploads\/2017\/07\/Formaci\u00f3-professional-dels-aut\u00f2noms1-300x189.jpg\" alt=\"\" width=\"300\" height=\"189\" srcset=\"https:\/\/www.pimealdia.org\/wp-content\/uploads\/2017\/07\/Formaci\u00f3-professional-dels-aut\u00f2noms1-300x189.jpg 300w, https:\/\/www.pimealdia.org\/wp-content\/uploads\/2017\/07\/Formaci\u00f3-professional-dels-aut\u00f2noms1-600x377.jpg 600w, https:\/\/www.pimealdia.org\/wp-content\/uploads\/2017\/07\/Formaci\u00f3-professional-dels-aut\u00f2noms1-400x251.jpg 400w, https:\/\/www.pimealdia.org\/wp-content\/uploads\/2017\/07\/Formaci\u00f3-professional-dels-aut\u00f2noms1.jpg 665w\" sizes=\"(max-width: 300px) 100vw, 300px\" \/><figcaption id=\"caption-attachment-6482\" class=\"wp-caption-text\">&#8220;Medidas para mejorar la formaci\u00f3n profesional para el empleo de los trabajadores aut\u00f3nomos&#8221;<\/figcaption><\/figure>\n<p>En este post, hablaremos de una de las medidas de las que menos se ha venido hablando en los medios de comunicaci\u00f3n, aunque es una de las que pueden aportar un importante impulso en la competitividad de las personas trabajadoras en r\u00e9gimen de aut\u00f3nomos. En concreto, hablamos de <strong> nuevo art\u00edculo 13 <\/strong> <strong> que introducir\u00e1 la ley, con &#8220;<em> medidas para mejorar la formaci\u00f3n profesional para el empleo de los trabajadores aut\u00f3nomos &#8221; <\/em><\/strong><\/p>\n<p>Este art\u00edculo prev\u00e9 el <strong> dise\u00f1o de una oferta formativa para los trabajadores aut\u00f3nomos<\/strong>, como resultado de una detecci\u00f3n de las necesidades de cualificaci\u00f3n, y por tanto, adaptada a este colectivo y orientada a la mejora de su competitividad.<\/p>\n<figure id=\"attachment_6476\" aria-describedby=\"caption-attachment-6476\" style=\"width: 300px\" class=\"wp-caption alignleft\"><img loading=\"lazy\" class=\"wp-image-6476 size-medium\" src=\"https:\/\/www.pimealdia.org\/wp-content\/uploads\/2017\/07\/FP-aut\u00f2noms-300x180.jpg\" alt=\"\" width=\"300\" height=\"180\" srcset=\"https:\/\/www.pimealdia.org\/wp-content\/uploads\/2017\/07\/FP-aut\u00f2noms-300x180.jpg 300w, https:\/\/www.pimealdia.org\/wp-content\/uploads\/2017\/07\/FP-aut\u00f2noms-600x359.jpg 600w, https:\/\/www.pimealdia.org\/wp-content\/uploads\/2017\/07\/FP-aut\u00f2noms-400x240.jpg 400w, https:\/\/www.pimealdia.org\/wp-content\/uploads\/2017\/07\/FP-aut\u00f2noms.jpg 768w\" sizes=\"(max-width: 300px) 100vw, 300px\" \/><figcaption id=\"caption-attachment-6476\" class=\"wp-caption-text\">Aprobado el Real Decreto 694\/2017 de desarrollo de la Ley 30\/2015, que regula el Sistema de FP para el empleo en el \u00e1mbito laboral<\/figcaption><\/figure>\n<p>Precisamente, cuatro d\u00edas despu\u00e9s de la aprobaci\u00f3n de esta proposici\u00f3n de ley, que incluir\u00e1 el impulso de la formaci\u00f3n para aut\u00f3nomos, se aprobaba tambi\u00e9n el <a href=\"https:\/\/www.boe.es\/boe\/dias\/ 2017\/07\/05 \/ pdfs \/ BOE-A-2017-7769.pdf \" target=\" _ blank \"> Real Decreto 694\/2017 de desarrollo de la Ley 30\/2015 <\/a>, por la que se regula el Sistema de formaci\u00f3n Profesional para el empleo en el \u00e1mbito laboral, y que ya reconoc\u00eda el derecho al acceso a la formaci\u00f3n de los trabajadores aut\u00f3nomos, en igualdad a los que lo son por cuenta ajena.<\/p>\n<p>Es en su art\u00edculo 5 donde introduce los aut\u00f3nomos en el dise\u00f1o del escenario plurianual de la formaci\u00f3n, que ser\u00e1 el que actuar\u00e1 como marco de planificaci\u00f3n estrat\u00e9gica de todo el sistema de formaci\u00f3n profesional para el empleo en el \u00e1mbito laboral.<\/p>\n<p>Con estos cambios se garantiza pues que la formaci\u00f3n ser\u00e1 programada, teniendo en cuenta que <strong> los aut\u00f3nomos tienen unas necesidades de formaci\u00f3n espec\u00edficas <\/strong>, y se ajustar\u00e1 a las mismas, atendiendo a sus particularidades, e impulsando pues la participaci\u00f3n de este colectivo en la formaci\u00f3n profesional.<\/p>\n<p>https:\/\/www.pimealdia.org\/ofereix-la-fp-una-formacio-adequada-als-requeriments-del-mercat-de-treball\/<\/p>\n<blockquote><p>Este ser\u00e1 un paso adelante en el camino para abordar de manera eficaz los desajustes en las calificaciones de oferta y demanda del mercado de trabajo, mejorando as\u00ed la competitividad y la calidad profesional de nuestro tejido empresarial<\/p><\/blockquote>\n","protected":false},"excerpt":{"rendered":"<p>Durante los pr\u00f3ximos d\u00edas se aprobar\u00e1 definitivamente el texto de la normativa que regular\u00e1 el trabajo aut\u00f3nomo, entrando pues en vigor la Ley de Medidas Urgentes en el Trabajo Aut\u00f3nomo, con un paquete de nuevas medidas que prevemos tendr\u00e1n un impacto muy positivo. En este post, hablaremos de una de las medidas de las que menos se ha venido hablando en los medios de comunicaci\u00f3n, aunque es una de las que pueden aportar un importante impulso en la competitividad de las personas trabajadoras en r\u00e9gimen de aut\u00f3nomos. En concreto, hablamos de nuevo art\u00edculo 13 que introducir\u00e1 la ley, con &#8220;<\/p>\n","protected":false},"author":8,"featured_media":6479,"comment_status":"open","ping_status":"closed","sticky":false,"template":"","format":"standard","meta":[],"categories":[330],"tags":[780],"_links":{"self":[{"href":"https:\/\/www.pimealdia.org\/es\/wp-json\/wp\/v2\/posts\/6764"}],"collection":[{"href":"https:\/\/www.pimealdia.org\/es\/wp-json\/wp\/v2\/posts"}],"about":[{"href":"https:\/\/www.pimealdia.org\/es\/wp-json\/wp\/v2\/types\/post"}],"author":[{"embeddable":true,"href":"https:\/\/www.pimealdia.org\/es\/wp-json\/wp\/v2\/users\/8"}],"replies":[{"embeddable":true,"href":"https:\/\/www.pimealdia.org\/es\/wp-json\/wp\/v2\/comments?post=6764"}],"version-history":[{"count":3,"href":"https:\/\/www.pimealdia.org\/es\/wp-json\/wp\/v2\/posts\/6764\/revisions"}],"predecessor-version":[{"id":6767,"href":"https:\/\/www.pimealdia.org\/es\/wp-json\/wp\/v2\/posts\/6764\/revisions\/6767"}],"wp:featuredmedia":[{"embeddable":true,"href":"https:\/\/www.pimealdia.org\/es\/wp-json\/wp\/v2\/media\/6479"}],"wp:attachment":[{"href":"https:\/\/www.pimealdia.org\/es\/wp-json\/wp\/v2\/media?parent=6764"}],"wp:term":[{"taxonomy":"category","embeddable":true,"href":"https:\/\/www.pimealdia.org\/es\/wp-json\/wp\/v2\/categories?post=6764"},{"taxonomy":"post_tag","embeddable":true,"href":"https:\/\/www.pimealdia.org\/es\/wp-json\/wp\/v2\/tags?post=6764"}],"curies":[{"name":"wp","href":"https:\/\/api.w.org\/{rel}","templated":true}]}}