{"id":6796,"date":"2017-06-21T10:58:04","date_gmt":"2017-06-21T08:58:04","guid":{"rendered":"https:\/\/www.pimealdia.org\/limpost-sobre-estades-establiments-turistics-passa-semestral\/"},"modified":"2017-07-19T11:36:40","modified_gmt":"2017-07-19T09:36:40","slug":"limpost-sobre-estades-establiments-turistics-passa-semestral","status":"publish","type":"post","link":"https:\/\/www.pimealdia.org\/es\/limpost-sobre-estades-establiments-turistics-passa-semestral\/","title":{"rendered":"El impuesto sobre las estancias en establecimientos tur\u00edsticos pasa a ser semestral"},"content":{"rendered":"<p>El per\u00edodo de liquidaci\u00f3n del impuesto sobre las estancias en establecimientos tur\u00edsticos pasa a ser semestral en vez de trimestral como era hasta ahora.<\/p>\n<p>La modificaci\u00f3n se justifica en base a adecuar los periodos de liquidaci\u00f3n para hacerlos corresponder con las temporadas de invierno y de verano propias del<br \/>\nsector tur\u00edstico y como consecuencia pr\u00e1ctica supone pasar de cuatro presentaciones de la autoliquidaci\u00f3n a dos; <strong> la pr\u00f3xima liquidaci\u00f3n ser\u00e1 a partir del 1 de octubre <\/strong>.<\/p>\n<figure id=\"attachment_6800\" aria-describedby=\"caption-attachment-6800\" style=\"width: 665px\" class=\"wp-caption aligncenter\"><img loading=\"lazy\" class=\"wp-image-6800 size-full\" src=\"https:\/\/www.pimealdia.org\/wp-content\/uploads\/2017\/06\/Impuesto-establecimientos-tur\u00edsticos.jpg\" alt=\"\" width=\"665\" height=\"286\" srcset=\"https:\/\/www.pimealdia.org\/wp-content\/uploads\/2017\/06\/Impuesto-establecimientos-tur\u00edsticos.jpg 665w, https:\/\/www.pimealdia.org\/wp-content\/uploads\/2017\/06\/Impuesto-establecimientos-tur\u00edsticos-300x129.jpg 300w, https:\/\/www.pimealdia.org\/wp-content\/uploads\/2017\/06\/Impuesto-establecimientos-tur\u00edsticos-600x258.jpg 600w, https:\/\/www.pimealdia.org\/wp-content\/uploads\/2017\/06\/Impuesto-establecimientos-tur\u00edsticos-400x172.jpg 400w\" sizes=\"(max-width: 665px) 100vw, 665px\" \/><figcaption id=\"caption-attachment-6800\" class=\"wp-caption-text\">La pr\u00f3xima liquidaci\u00f3n ser\u00e1 a partir del 1 de octubre<\/figcaption><\/figure>\n<p>Consulte el <i> DECRETO 60\/2017, de 13 de junio, por el que se modifica el Reglamento del Impuesto sobre las estancias en establecimientos tur\u00edsticos aprobado por el Decreto 129\/2012, de 9 de octubre .<\/i><\/p>\n<iframe src=\"\/\/docs.google.com\/viewer?url=https%3A%2F%2Fwww.pimealdia.org%2Fwp-content%2Fuploads%2F2017%2F06%2FD_60_2017.pdf&hl=ca&embedded=true\" class=\"gde-frame\" style=\"width:100%; height:500px; border: none;\" scrolling=\"no\"><\/iframe>\n<p class=\"gde-text\"><a href=\"https:\/\/www.pimealdia.org\/wp-content\/uploads\/2017\/06\/D_60_2017.pdf\" class=\"gde-link\">Download (PDF, 32KB)<\/a><\/p>\n<h3>Periodos de liquidaci\u00f3n<\/h3>\n<p>La modificaci\u00f3n afecta a los periodos de liquidaci\u00f3n de este impuesto, que pasan de ser trimestrales a semestrales:<\/p>\n<p>&#8211; del 1 de abril al 30 de septiembre del mismo a\u00f1o, y<\/p>\n<p>&#8211; del 1 de octubre al 31 de marzo del a\u00f1o siguiente.<\/p>\n<p>Adem\u00e1s, se fijan los nuevos plazos de presentaci\u00f3n e ingreso de la autoliquidaci\u00f3n entre el 1 y el 20 de octubre para el primer per\u00edodo de liquiaci\u00f3 y entre el 1 y el 20 de abril, para el segundo.<\/p>\n<h3>El impuesto sobre las estancias en establecimientos tur\u00edsticos<\/h3>\n<p><img loading=\"lazy\" class=\"alignnone wp-image-5812 size-full\" src=\"https:\/\/www.pimealdia.org\/wp-content\/uploads\/2017\/06\/Imagen1.jpg\" alt=\"\" width=\"886 \" height=\" 517 \" srcset=\"https:\/\/www.pimealdia.org\/wp-content\/uploads\/2017\/06\/Imagen1.jpg 886w, https:\/\/www.pimealdia.org\/wp-content\/uploads\/2017\/06\/Imagen1-300x175.jpg 300w, https:\/\/www.pimealdia.org\/wp-content\/uploads\/2017\/06\/Imagen1-800x467.jpg 800w, https:\/\/www.pimealdia.org\/wp-content\/uploads\/2017\/06\/Imagen1-600x350.jpg 600w, https:\/\/www.pimealdia.org\/wp-content\/uploads\/2017\/06\/Imagen1-400x233.jpg 400w\" sizes=\"(max-width: 886px) 100vw, 886px\" \/><\/p>\n","protected":false},"excerpt":{"rendered":"<p>El per\u00edodo de liquidaci\u00f3n del impuesto sobre las estancias en establecimientos tur\u00edsticos pasa a ser semestral en vez de trimestral como era hasta ahora. La modificaci\u00f3n se justifica en base a adecuar los periodos de liquidaci\u00f3n para hacerlos corresponder con las temporadas de invierno y de verano propias del sector tur\u00edstico y como consecuencia pr\u00e1ctica supone pasar de cuatro presentaciones de la autoliquidaci\u00f3n a dos; la pr\u00f3xima liquidaci\u00f3n ser\u00e1 a partir del 1 de octubre . Consulte el DECRETO 60\/2017, de 13 de junio, por el que se modifica el Reglamento del Impuesto sobre las estancias en establecimientos tur\u00edsticos aprobado<\/p>\n","protected":false},"author":13,"featured_media":6798,"comment_status":"open","ping_status":"closed","sticky":false,"template":"","format":"standard","meta":[],"categories":[330],"tags":[],"_links":{"self":[{"href":"https:\/\/www.pimealdia.org\/es\/wp-json\/wp\/v2\/posts\/6796"}],"collection":[{"href":"https:\/\/www.pimealdia.org\/es\/wp-json\/wp\/v2\/posts"}],"about":[{"href":"https:\/\/www.pimealdia.org\/es\/wp-json\/wp\/v2\/types\/post"}],"author":[{"embeddable":true,"href":"https:\/\/www.pimealdia.org\/es\/wp-json\/wp\/v2\/users\/13"}],"replies":[{"embeddable":true,"href":"https:\/\/www.pimealdia.org\/es\/wp-json\/wp\/v2\/comments?post=6796"}],"version-history":[{"count":6,"href":"https:\/\/www.pimealdia.org\/es\/wp-json\/wp\/v2\/posts\/6796\/revisions"}],"predecessor-version":[{"id":6799,"href":"https:\/\/www.pimealdia.org\/es\/wp-json\/wp\/v2\/posts\/6796\/revisions\/6799"}],"wp:featuredmedia":[{"embeddable":true,"href":"https:\/\/www.pimealdia.org\/es\/wp-json\/wp\/v2\/media\/6798"}],"wp:attachment":[{"href":"https:\/\/www.pimealdia.org\/es\/wp-json\/wp\/v2\/media?parent=6796"}],"wp:term":[{"taxonomy":"category","embeddable":true,"href":"https:\/\/www.pimealdia.org\/es\/wp-json\/wp\/v2\/categories?post=6796"},{"taxonomy":"post_tag","embeddable":true,"href":"https:\/\/www.pimealdia.org\/es\/wp-json\/wp\/v2\/tags?post=6796"}],"curies":[{"name":"wp","href":"https:\/\/api.w.org\/{rel}","templated":true}]}}