{"id":6817,"date":"2016-08-11T11:40:57","date_gmt":"2016-08-11T09:40:57","guid":{"rendered":"https:\/\/www.pimealdia.org\/nou-reglament-sobre-lus-dels-epi-equips-de-proteccio-individual\/"},"modified":"2017-07-19T12:30:19","modified_gmt":"2017-07-19T10:30:19","slug":"nou-reglament-sobre-lus-dels-epi-equips-de-proteccio-individual","status":"publish","type":"post","link":"https:\/\/www.pimealdia.org\/es\/nou-reglament-sobre-lus-dels-epi-equips-de-proteccio-individual\/","title":{"rendered":"Nuevo reglamento sobre el uso de los EPI (equipos de protecci\u00f3n individual)"},"content":{"rendered":"<p>Hace pocos meses que la UE public\u00f3 el &#8220;REGLAMENTO (UE) 2016\/425 DEL PARLAMENTO EUROPEO Y DEL CONSEJO de 9 de marzo de 2016&#8221;, que por un lado deroga la antigua directiva comunitaria 89\/686 \/ CEE sobre el uso los EPI.<\/p>\n<h3>Los cambios que se incorporan, son:<\/h3>\n<ul>\n<li><img loading=\"lazy\" class=\"alignright wp-image-1403 size-medium\" src=\"http:\/\/www.pimealdia.org\/wp-content\/uploads\/2016\/08\/epi-1-300x90.jpg\" width=\"300\" height=\"90\" srcset=\"https:\/\/www.pimealdia.org\/wp-content\/uploads\/2016\/08\/epi-1-300x90.jpg 300w, https:\/\/www.pimealdia.org\/wp-content\/uploads\/2016\/08\/epi-1.jpg 400w\" sizes=\"(max-width: 300px) 100vw, 300px\" \/> Ampliaci\u00f3n del \u00e1mbito de aplicaci\u00f3n a productos de uso privado que protegen contra el calor, la humedad y el agua. En el apartado de las categor\u00edas de riesgo, el Reglamento de considerar EPI de categor\u00eda III aquellos destinados a proteger frente a agentes biol\u00f3gicos nocivos, ahogamiento, corte por sierras de cadena, chorros de alta presi\u00f3n, ruidos nocivos y heridas de bala.<\/li>\n<li>Definici\u00f3n de las responsabilidades de todos los operadores econ\u00f3micos, incluyendo los distribuidores e importadores. As\u00ed el fabricante debe hacer una evaluaci\u00f3n contra los que el EPI est\u00e1 destinado a proteger, as\u00ed como tener en cuenta tanto los usos previstos del EPI, como los previsibles. Los distribuidores deben asegurarse de que los EPI comercializados cumplen con lo establecido en el Reglamento, especialmente con respecto a los marcados e informaciones que el Reglamento establece que deben acompa\u00f1ar a la EPI.<\/li>\n<li>Las exigencias documentales: la declaraci\u00f3n de conformidad debe ser entregada con cada EPI o debe estar accesible para su descarga a trav\u00e9s de internet en una direcci\u00f3n que se indicar\u00e1 en el folleto informativo.<\/li>\n<li>Se establece una trazabilidad de los EPI que se ver\u00e1 reforzada con la obligaci\u00f3n de identificar el equipo con un n\u00famero de tipo, lote o serie o cualquier, elemento equivalente para su identificaci\u00f3n.<\/li>\n<li>El reglamento indica la obligaci\u00f3n de medidas espec\u00edficas de vigilancia de mercado, detallando procedimientos de actuaci\u00f3n para EPI conformes con el Reglamento que presenten un riesgo o para EPI que presenten alg\u00fan tipo de incumpliendo formal con respecto a la documentaci\u00f3n con la que se entregar\u00e1 al equipo.<\/li>\n<\/ul>\n<h3>Validez de los certificados<\/h3>\n<p>En cuanto a la validez de los certificados, se establece que los certificados UE de Tipo (nueva denominaci\u00f3n de los certificados CE de tipo) tendr\u00e1 una validez m\u00e1xima de 5 a\u00f1os, definiendo un procedimiento simplificado de la revisi\u00f3n de los certificados en caso de que no haya habido cambios ni en el equipo ni en el estado del arte.<\/p>\n<p>Realmente y de forma t\u00e9cnica, no hay una gran diferencia a tener en cuenta, posiblemente las responsabilidades de los fabricantes y distribuidores, la inclusi\u00f3n de algunos EPI en la clase I y III y la clarificaci\u00f3n de las documentaciones t\u00e9cnicas y controles de calidad que han de llevar los EPI son los puntos m\u00e1s importantes a tener en cuenta:<\/p>\n<p>En la <strong> EPI de clase I <\/strong> (protecci\u00f3n para riesgos m\u00ednimos)<\/p>\n<ul>\n<li>Lesiones oculares causadas por la luz solar (exceptuando observaci\u00f3n del sol)<\/li>\n<li>Condiciones atmosf\u00e9ricas que no se sienten de naturaleza extrema<\/li>\n<\/ul>\n<p>Y entre los llamados <strong> EPI de clase III <\/strong> (protecci\u00f3n por riesgo de muerte o lesiones irreversibles)<\/p>\n<ul>\n<li>Cortes por sierras de cadena accionadas a mano<\/li>\n<li>Chorros de alta presi\u00f3n<\/li>\n<li>Heridas de bala o arma blanca<\/li>\n<li>Ruidos nocivos<\/li>\n<\/ul>\n<p><img loading=\"lazy\" class=\"size-medium wp-image-4862 alignleft\" src=\"https:\/\/www.pimealdia.org\/wp-content\/uploads\/2016\/08\/EPI-300x113.jpg\" alt=\"\" width=\"300\" height=\"113\" srcset=\"https:\/\/www.pimealdia.org\/wp-content\/uploads\/2016\/08\/EPI-300x113.jpg 300w, https:\/\/www.pimealdia.org\/wp-content\/uploads\/2016\/08\/EPI.jpg 365w\" sizes=\"(max-width: 300px) 100vw, 300px\" \/> Ahora ya tenemos una nueva directiva algo m\u00e1s especifica o clarificadora en algunos puntos, que entrar\u00e1 en vigor el a\u00f1o 2018, a excepci\u00f3n de 3 art\u00edculos relacionados con la coordinaci\u00f3n y las informaciones y comunicaciones con la UE y sus miembros; seg\u00fan el Art. 48 de este realmente:<\/p>\n<p>1. El presente Reglamento entrar\u00e1 en vigor a los veinte d\u00edas de su publicaci\u00f3n en el Diario Oficial de la Uni\u00f3n Europea.<\/p>\n<p><strong> 2. El presente Reglamento ser\u00e1 aplicable a partir del 21 de abril de 2018, con excepci\u00f3n de: <\/strong><br \/>\n<strong> a) los art\u00edculos 20 a 36 y 44, que ser\u00e1n aplicables a partir del 21 de octubre de 2016; <\/strong><br \/>\n<strong> b) del art\u00edculo 45, apartado 1, que ser\u00e1 aplicable a partir del 21 de marzo de 2018. <\/strong><\/p>\n<p>Con todo esto, tenemos una <strong> tabla de correspondencias entre los art\u00edculos del viejo y el nuevo reglamento <\/strong> que nos facilita el mismo reglamento en el anexo X y que a continuaci\u00f3n reproducimos:<\/p>\n<p><img loading=\"lazy\" class=\"is-fullwidthImage alignnone wp-image-1422 size-full\" src=\"http:\/\/www.pimealdia.org\/wp-content\/uploads\/2016\/08\/EPI.png\" alt=\"EPI\" width=\"579\" height=\"620\" srcset=\"https:\/\/www.pimealdia.org\/wp-content\/uploads\/2016\/08\/EPI.png 579w, https:\/\/www.pimealdia.org\/wp-content\/uploads\/2016\/08\/EPI-280x300.png 280w, https:\/\/www.pimealdia.org\/wp-content\/uploads\/2016\/08\/EPI-560x600.png 560w, https:\/\/www.pimealdia.org\/wp-content\/uploads\/2016\/08\/EPI-374x400.png 374w\" sizes=\"(max-width: 579px) 100vw, 579px\" \/><\/p>\n<p>Posiblemente este reglamento no har\u00e1 que el uso de los EPI se extienda m\u00e1s, pero ser\u00e1 o es una forma para conseguir una normalizaci\u00f3n m\u00e1s amplia en el uso de los EPI por parte de los usuarios.<\/p>\n<p>Todos, trabajadores y empresas deber\u00edamos ser mucho m\u00e1s cuidadosos en la utilizaci\u00f3n de los EPI y no s\u00f3lo en su utilizaci\u00f3n, sino tambi\u00e9n en la elecci\u00f3n de los EPI m\u00e1s adecuadas para cada trabajo.<\/p>\n<p>En nuestra vida cotidiana utilizamos una herramienta u otro por las tareas que realizamos, nadie usa una olla para hacer un huevo frito y nadie usa una sart\u00e9n para hacer cocido, pero en nuestra vida laboral utilizamos el mismo tipo de protecci\u00f3n facial para cortar con la radial o para colorear, seamos m\u00e1s cuidadosos y disminuiremos las lesiones.<\/p>\n","protected":false},"excerpt":{"rendered":"<p>Hace pocos meses que la UE public\u00f3 el &#8220;REGLAMENTO (UE) 2016\/425 DEL PARLAMENTO EUROPEO Y DEL CONSEJO de 9 de marzo de 2016&#8221;, que por un lado deroga la antigua directiva comunitaria 89\/686 \/ CEE sobre el uso los EPI. Los cambios que se incorporan, son: Ampliaci\u00f3n del \u00e1mbito de aplicaci\u00f3n a productos de uso privado que protegen contra el calor, la humedad y el agua. En el apartado de las categor\u00edas de riesgo, el Reglamento de considerar EPI de categor\u00eda III aquellos destinados a proteger frente a agentes biol\u00f3gicos nocivos, ahogamiento, corte por sierras de cadena, chorros de alta<\/p>\n","protected":false},"author":38,"featured_media":6819,"comment_status":"open","ping_status":"closed","sticky":false,"template":"","format":"standard","meta":[],"categories":[342],"tags":[],"_links":{"self":[{"href":"https:\/\/www.pimealdia.org\/es\/wp-json\/wp\/v2\/posts\/6817"}],"collection":[{"href":"https:\/\/www.pimealdia.org\/es\/wp-json\/wp\/v2\/posts"}],"about":[{"href":"https:\/\/www.pimealdia.org\/es\/wp-json\/wp\/v2\/types\/post"}],"author":[{"embeddable":true,"href":"https:\/\/www.pimealdia.org\/es\/wp-json\/wp\/v2\/users\/38"}],"replies":[{"embeddable":true,"href":"https:\/\/www.pimealdia.org\/es\/wp-json\/wp\/v2\/comments?post=6817"}],"version-history":[{"count":0,"href":"https:\/\/www.pimealdia.org\/es\/wp-json\/wp\/v2\/posts\/6817\/revisions"}],"wp:featuredmedia":[{"embeddable":true,"href":"https:\/\/www.pimealdia.org\/es\/wp-json\/wp\/v2\/media\/6819"}],"wp:attachment":[{"href":"https:\/\/www.pimealdia.org\/es\/wp-json\/wp\/v2\/media?parent=6817"}],"wp:term":[{"taxonomy":"category","embeddable":true,"href":"https:\/\/www.pimealdia.org\/es\/wp-json\/wp\/v2\/categories?post=6817"},{"taxonomy":"post_tag","embeddable":true,"href":"https:\/\/www.pimealdia.org\/es\/wp-json\/wp\/v2\/tags?post=6817"}],"curies":[{"name":"wp","href":"https:\/\/api.w.org\/{rel}","templated":true}]}}