{"id":6903,"date":"2017-06-14T18:46:18","date_gmt":"2017-06-14T16:46:18","guid":{"rendered":"https:\/\/www.pimealdia.org\/com-organitzar-un-esdeveniment-corporatiu\/"},"modified":"2017-07-20T11:36:12","modified_gmt":"2017-07-20T09:36:12","slug":"com-organitzar-un-esdeveniment-corporatiu","status":"publish","type":"post","link":"https:\/\/www.pimealdia.org\/es\/com-organitzar-un-esdeveniment-corporatiu\/","title":{"rendered":"C\u00f3mo organizar un evento corporativo"},"content":{"rendered":"<p>Llega el verano y el ritmo de trabajo baja en la mayor\u00eda de empresas. Las semanas antes de las vacaciones son un buen momento para <strong> hacer balance <\/strong> de la primera parte del a\u00f1o y <strong> evaluar la tarea <\/strong> realizada, valorar si se han alcanzado los objetivos, analizar los errores que se han cometido, considerar la posibilidad de introducir cambios en la estrategia o los procesos, escuchar el personal y compartir con \u00e9l, los buenos deseos de cara a la segunda parte de este 2017. Por ello, organizaci\u00f3n de un <strong> evento corporativo <\/strong> puede suponer una herramienta comunicativa muy eficiente.<\/p>\n<blockquote><p>Antes de decidir organizar un evento corporativo, se debe tener muy definido el objetivo que se quiere conseguir<\/p><\/blockquote>\n<p>Actualmente, el \u00e1mbito de los eventos empresariales ofrece un amplio abanico de posibilidades tanto a nivel log\u00edstico como de coste facilitando que una acci\u00f3n de estas caracter\u00edsticas est\u00e9 totalmente al alcance de la peque\u00f1a y mediana empresa. Sin embargo, antes de decidir organizar un acto corporativo, se debe tener muy definido el objetivo que se quiere conseguir con \u00e9l:<\/p>\n<h4>\u00bfQu\u00e9 objetivo queremos conseguir?<\/h4>\n<ul>\n<li>\n<figure id=\"attachment_6907\" aria-describedby=\"caption-attachment-6907\" style=\"width: 162px\" class=\"wp-caption alignright\"><img loading=\"lazy\" class=\"wp-image-6907\" src=\"https:\/\/www.pimealdia.org\/wp-content\/uploads\/2017\/06\/Premis-Pime-200x300.jpg\" alt=\"\" width=\"162\" height=\"243\" \/><figcaption id=\"caption-attachment-6907\" class=\"wp-caption-text\">30\u00aa Edici\u00f3n &#8220;Premis Pime 2017&#8221;<\/figcaption><\/figure>\n<p><strong>Fidelizaci\u00f3n de marca: <\/strong> Si el d\u00eda a d\u00eda de tu empresa funciona y su actividad es la adecuada o incluso ha mejorado no conviene cambiar la inercia, sino todo lo contrario, se debe mantener. Por ello, es importante seguir disponiendo del mismo equipo de colaboradores, distribuidores, proveedores, clientes, medios de comunicaci\u00f3n, etc. En este sentido, agradecer su trabajo con una comida, cena o <i> after-work es un gesto siempre bien recibido que, adem\u00e1s, har\u00e1 que tengan tu empresa en m\u00e1s alta estima y deseen seguir a su lado.<\/i><\/li>\n<\/ul>\n<p>https:\/\/www.pimealdia.org\/es\/dona-valor-teva-marca\/<\/p>\n<ul>\n<li><img loading=\"lazy\" class=\"wp-image-5749 size-medium alignright\" src=\"https:\/\/www.pimealdia.org\/wp-content\/uploads\/2017\/06\/esdeveniment-corporatiu-300x200.jpg\" width=\"300\" height=\"200\" srcset=\"https:\/\/www.pimealdia.org\/wp-content\/uploads\/2017\/06\/esdeveniment-corporatiu-300x200.jpg 300w, https:\/\/www.pimealdia.org\/wp-content\/uploads\/2017\/06\/esdeveniment-corporatiu.jpg 1000w, https:\/\/www.pimealdia.org\/wp-content\/uploads\/2017\/06\/esdeveniment-corporatiu-800x534.jpg 800w, https:\/\/www.pimealdia.org\/wp-content\/uploads\/2017\/06\/esdeveniment-corporatiu-600x400.jpg 600w, https:\/\/www.pimealdia.org\/wp-content\/uploads\/2017\/06\/esdeveniment-corporatiu-400x267.jpg 400w\" sizes=\"(max-width: 300px) 100vw, 300px\" \/> <strong> Cohesionar equipos. <\/strong> Disponer de un equipo directivo y una plantilla de trabajadores eficaz e identificada con su trabajo y su empresa resulta fundamental para el buen funcionamiento de las compa\u00f1\u00edas. La organizaci\u00f3n de convenciones, formaciones, viajes de incentivos, jornadas l\u00fadicas o de team building &#8230; en las que se combine la actividad laboral con el ocio constituye una f\u00f3rmula infalible para conseguir que los equipos convivan, se conozcan mejor, se establezca y \/ o consolide la relaci\u00f3n entre ellos y con la empresa y el deseado<a href=\"https:\/\/www.pimealdia.org\/quina-importancia-clima-laboral\/\" target=\"_blank\" rel=\"noopener noreferrer\"> buen clima laboral<\/a>.<\/li>\n<\/ul>\n<ul>\n<li><strong> Incrementar la visualizaci\u00f3n de marca. <\/strong> Uno de los principales objetivos de las empresas es dar a conocer, difundir sus productos o servicios y crear marca. Para alcanzar estos objetivos, los medios de comunicaci\u00f3n son un aliado perfecto, ya que gran parte de su inter\u00e9s se centra en presentaciones de producto, organizaci\u00f3n de congresos y jornadas divulgativas, desayunos y comidas de trabajo, iniciativas de Responsabilidad Social Corporativa como la creaci\u00f3n de campa\u00f1as solidarias, etc. Adem\u00e1s de dotar tu marca de una mayor visualizaci\u00f3n, estas acciones tambi\u00e9n contribuyen a proporcionarle notoriedad, prestigio y credibilidad.<\/li>\n<\/ul>\n<blockquote><p>Estas acciones suponen una eficiente herramienta comunicativa y, hoy en d\u00eda, est\u00e1n al alcance de la peque\u00f1a y mediana empresa<\/p><\/blockquote>\n<p>Si crees que tu empresa necesita llegar a alguno de estos tres objetivos, contacta con nosotros. En PIMEC, tenemos las herramientas para poder ayudarte.<\/p>\n<p>Silvia Roca, Thot Comunicaci\u00f3n<\/p>\n","protected":false},"excerpt":{"rendered":"<p>Llega el verano y el ritmo de trabajo baja en la mayor\u00eda de empresas. Las semanas antes de las vacaciones son un buen momento para hacer balance de la primera parte del a\u00f1o y evaluar la tarea realizada, valorar si se han alcanzado los objetivos, analizar los errores que se han cometido, considerar la posibilidad de introducir cambios en la estrategia o los procesos, escuchar el personal y compartir con \u00e9l, los buenos deseos de cara a la segunda parte de este 2017. Por ello, organizaci\u00f3n de un evento corporativo puede suponer una herramienta comunicativa muy eficiente. Antes de decidir<\/p>\n","protected":false},"author":30,"featured_media":6905,"comment_status":"open","ping_status":"closed","sticky":false,"template":"","format":"standard","meta":[],"categories":[330,772],"tags":[],"_links":{"self":[{"href":"https:\/\/www.pimealdia.org\/es\/wp-json\/wp\/v2\/posts\/6903"}],"collection":[{"href":"https:\/\/www.pimealdia.org\/es\/wp-json\/wp\/v2\/posts"}],"about":[{"href":"https:\/\/www.pimealdia.org\/es\/wp-json\/wp\/v2\/types\/post"}],"author":[{"embeddable":true,"href":"https:\/\/www.pimealdia.org\/es\/wp-json\/wp\/v2\/users\/30"}],"replies":[{"embeddable":true,"href":"https:\/\/www.pimealdia.org\/es\/wp-json\/wp\/v2\/comments?post=6903"}],"version-history":[{"count":4,"href":"https:\/\/www.pimealdia.org\/es\/wp-json\/wp\/v2\/posts\/6903\/revisions"}],"predecessor-version":[{"id":6912,"href":"https:\/\/www.pimealdia.org\/es\/wp-json\/wp\/v2\/posts\/6903\/revisions\/6912"}],"wp:featuredmedia":[{"embeddable":true,"href":"https:\/\/www.pimealdia.org\/es\/wp-json\/wp\/v2\/media\/6905"}],"wp:attachment":[{"href":"https:\/\/www.pimealdia.org\/es\/wp-json\/wp\/v2\/media?parent=6903"}],"wp:term":[{"taxonomy":"category","embeddable":true,"href":"https:\/\/www.pimealdia.org\/es\/wp-json\/wp\/v2\/categories?post=6903"},{"taxonomy":"post_tag","embeddable":true,"href":"https:\/\/www.pimealdia.org\/es\/wp-json\/wp\/v2\/tags?post=6903"}],"curies":[{"name":"wp","href":"https:\/\/api.w.org\/{rel}","templated":true}]}}