{"id":7032,"date":"2016-09-14T17:00:28","date_gmt":"2016-09-14T15:00:28","guid":{"rendered":"https:\/\/www.pimealdia.org\/la-flexilicidad-en-la-organizacion-o-como-crecer-de-forma-sostenible\/"},"modified":"2017-07-25T16:42:55","modified_gmt":"2017-07-25T14:42:55","slug":"la-flexilicidad-en-la-organizacion-o-como-crecer-de-forma-sostenible","status":"publish","type":"post","link":"https:\/\/www.pimealdia.org\/es\/la-flexilicidad-en-la-organizacion-o-como-crecer-de-forma-sostenible\/","title":{"rendered":"La &#8220;flexilicidad&#8221; en la organizaci\u00f3n, o c\u00f3mo crecer de forma sostenible"},"content":{"rendered":"<p>Desde hace varios a\u00f1os est\u00e1 en la agenda de las organizaciones el reto de la <em><strong>flexibilidad\u00a0<\/strong><\/em>y desde hace algunos a\u00f1os est\u00e1 en la agenda de las grandes organizaciones la\u00a0<strong>felicidad en el trabajo<\/strong>. Atendiendo a esta agenda, <strong>la\u00a0<em>flexilicidad\u00a0<\/em><\/strong>se presenta como un reto para organizaciones\u00a0<strong><em>orientadas a negocio, con valores y focalizadas en crecer de forma sostenible.<\/em><\/strong><\/p>\n<p>Esta triangulaci\u00f3n de mol\u00e9culas plantea la necesidad de articular respuestas m\u00e1s all\u00e1 de paradigmas o marcos de referencia vigentes hasta el momento. El cambio de \u00e9poca donde transitamos exige la necesidad de repensar el estilo de relaciones en las organizaciones. Esto conlleva la auto exigencia de mantener\u00a0<strong>reciprocidad equilibrada <\/strong>entre la organizaci\u00f3n y:\u00a0<em>trabajador@s, clientes, accionistas, proveedores y entorno<\/em>.<\/p>\n<p>La autorregulaci\u00f3n de un ecosistema fluido entre estos grupos de inter\u00e9s impulsa el \u00e9xito de la organizaci\u00f3n (Casos ej.\u00a0<a href=\"https:\/\/www.linkedin.com\/company\/infojobs-net\">Infojobs<\/a>,\u00a0<a href=\"https:\/\/www.linkedin.com\/company\/1944621?trk=tyah&amp;trkInfo=clickedVertical%3Acompany%2CclickedEntityId%3A1944621%2Cidx%3A2-1-9%2CtarId%3A1465898509705%2Ctas%3Amasats\">Masats<\/a>,\u00a0<a href=\"https:\/\/www.linkedin.com\/company\/2508310?trk=vsrp_companies_res_name&amp;trkInfo=VSRPsearchId%3A476248261465898542381%2CVSRPtargetId%3A2508310%2CVSRPcmpt%3Aprimary\">Grup Clade<\/a>,\u00a0<a href=\"https:\/\/www.linkedin.com\/company\/5996?trk=vsrp_companies_res_name&amp;trkInfo=VSRPsearchId%3A476248261465898575635%2CVSRPtargetId%3A5996%2CVSRPcmpt%3Aprimary\">Gore<\/a>, <a href=\"https:\/\/www.linkedin.com\/company\/1844932?trk=vsrp_companies_res_name&amp;trkInfo=VSRPsearchId%3A476248261465898770070%2CVSRPtargetId%3A1844932%2CVSRPcmpt%3Aprimary\">Morning Star<\/a>, \u00a0<a href=\"https:\/\/alqvimia.com\/es\/es\/\">Alquimia<\/a>,\u00a0<a href=\"http:\/\/www.irizar.com\/\">Irizar<\/a>, \u00a0<a href=\"https:\/\/www.linkedin.com\/company\/1721537?trk=vsrp_companies_res_name&amp;trkInfo=VSRPsearchId%3A476248261465898944140%2CVSRPtargetId%3A1721537%2CVSRPcmpt%3Aprimary\">Ampo\u00a0<\/a>y muchos otros).<\/p>\n<p><img loading=\"lazy\" class=\"size-medium wp-image-4905 alignleft\" src=\"https:\/\/www.pimealdia.org\/wp-content\/uploads\/2016\/09\/flexicibilidad-300x91.jpg\" alt=\"\" width=\"300\" height=\"91\" srcset=\"https:\/\/www.pimealdia.org\/wp-content\/uploads\/2016\/09\/flexicibilidad-300x91.jpg 300w, https:\/\/www.pimealdia.org\/wp-content\/uploads\/2016\/09\/flexicibilidad-800x242.jpg 800w, https:\/\/www.pimealdia.org\/wp-content\/uploads\/2016\/09\/flexicibilidad-600x181.jpg 600w, https:\/\/www.pimealdia.org\/wp-content\/uploads\/2016\/09\/flexicibilidad-400x121.jpg 400w, https:\/\/www.pimealdia.org\/wp-content\/uploads\/2016\/09\/flexicibilidad.jpg 860w\" sizes=\"(max-width: 300px) 100vw, 300px\" \/>Este ecosistema se nutre de nuevas articulaciones en base a modelos autoconstruidos en espirales virtuosas como son:\u00a0<strong>B corporation, NER, Econom\u00eda del Bien Com\u00fan, GRI, Balan\u00e7 Social et al.<\/strong><\/p>\n<p>No deber\u00edamos perder de vista la construcci\u00f3n de nuevas realidades desde cimientos limpios y bien armados, es decir, antes de iniciar procesos de transformaci\u00f3n en base a la excelencia debemos disponer de un ABC de\u00a0<strong><em>negocio sano:<\/em><\/strong><em>\u00a0<\/em>compensaci\u00f3n, horarios, derechos humanos, pago a proveedores, sostenibilidad ambiental, cooperaci\u00f3n con partners, etc.<\/p>\n<p><img loading=\"lazy\" class=\"size-medium wp-image-3861 alignleft\" src=\"https:\/\/www.pimealdia.org\/wp-content\/uploads\/2016\/12\/empleados-10-300x200.jpg\" alt=\"\" width=\"300\" height=\"200\" srcset=\"https:\/\/www.pimealdia.org\/wp-content\/uploads\/2016\/12\/empleados-10-300x200.jpg 300w, https:\/\/www.pimealdia.org\/wp-content\/uploads\/2016\/12\/empleados-10-600x400.jpg 600w, https:\/\/www.pimealdia.org\/wp-content\/uploads\/2016\/12\/empleados-10-400x267.jpg 400w, https:\/\/www.pimealdia.org\/wp-content\/uploads\/2016\/12\/empleados-10.jpg 640w\" sizes=\"(max-width: 300px) 100vw, 300px\" \/>Jim Collins nos apunt\u00f3 hace a\u00f1os en\u00a0<a href=\"https:\/\/www.linkedin.com\/groups\/8323109\/profile\"><strong>Empresas que sobresalen<\/strong><\/a>\u00a0cu\u00e1les era la diferencia entre lo bueno vs. lo sobresaliente:\u00a0<strong>Personal disciplinado, pensamiento disciplinado y Acci\u00f3n disciplinada.<\/strong>\u00a0M\u00e1s cerca, nuestro Oriol Amat y Pilar Llobet nos expon\u00edan:\u00a0<strong>C\u00f3mo lo hacen las mejores organizaciones, \u00a0<a href=\"http:\/\/www.profiteditorial.com\/libros-de-empresa-y-negocios\/habilidades-directivas\/avanzando\">Avanzando<\/a>;<\/strong>\u00a0las caracter\u00edsticas para crecer sosteniblemente a futuro.<\/p>\n<p>\u201cLo que no se puede medir no se puede mejorar y adem\u00e1s se pudre\u201d<em>\u00a0<a href=\"http:\/\/k2kemocionando.com\/k2kemocionando.html\">Koldo Saratxaga<\/a>\u00a0dixit. Las m\u00e9tricas y las matem\u00e1ticas son las excavadoras de nuestros sue\u00f1os por ello necesitamos medir, fallar r\u00e1pido, aprender lo m\u00e1s barato posible para construir\u00a0<strong>felicidad colectiva.<\/strong><\/em><\/p>\n<p>Las experiencias en\u00a0<strong><em>flexilicidad<\/em><\/strong><em>\u00a0<\/em>me han aportado los siguientes aprendizajes:<\/p>\n<ul>\n<li style=\"list-style-type: none;\">\n<ul>\n<li><strong>SIEMPRE Y GRATIS = NO VALOR<\/strong>\u00a0Debemos poner el valor de forma constante elementos que frecuentemente desaparecen de nuestra percepci\u00f3n por el exceso de accesibilidad.<\/li>\n<li><strong>MIRADA SIST\u00c9MICA:<\/strong>\u00a0cualquier planteamiento de\u00a0<em>negocio ha de tener presente la triple cuenta de resultados.<\/em><\/li>\n<li><strong>PERCEPCI\u00d3N DIFERENCIA DE LO QUE NO TENEMOS, TENEMOS Y PERDEMO<\/strong><\/li>\n<li><strong>FLEXILICIDAD:<\/strong>\u00a0clave en la atracci\u00f3n de talento<\/li>\n<li><strong>LEY DE PARKINSON:<\/strong>\u00a0nuestra carga de trabajo se acomoda al tiempo que tenemos para ejecutarla<\/li>\n<li><strong>GANAR-GANAR:<\/strong>\u00a0cualquier planteamiento de\u00a0<em>negocio ha de tener presente ganar-ganar<\/em><\/li>\n<\/ul>\n<\/li>\n<\/ul>\n<p>Joan Manel Torres, Membre de la Comissi\u00f3 Laboral de PIMEC<\/p>\n<p>https:\/\/es.linkedin.com\/in\/joanmaneltorres<\/p>\n","protected":false},"excerpt":{"rendered":"<p>Desde hace varios a\u00f1os est\u00e1 en la agenda de las organizaciones el reto de la flexibilidad\u00a0y desde hace algunos a\u00f1os est\u00e1 en la agenda de las grandes organizaciones la\u00a0felicidad en el trabajo. Atendiendo a esta agenda, la\u00a0flexilicidad\u00a0se presenta como un reto para organizaciones\u00a0orientadas a negocio, con valores y focalizadas en crecer de forma sostenible. Esta triangulaci\u00f3n de mol\u00e9culas plantea la necesidad de articular respuestas m\u00e1s all\u00e1 de paradigmas o marcos de referencia vigentes hasta el momento. El cambio de \u00e9poca donde transitamos exige la necesidad de repensar el estilo de relaciones en las organizaciones. Esto conlleva la auto exigencia de<\/p>\n","protected":false},"author":30,"featured_media":7033,"comment_status":"open","ping_status":"closed","sticky":false,"template":"","format":"standard","meta":[],"categories":[342],"tags":[],"_links":{"self":[{"href":"https:\/\/www.pimealdia.org\/es\/wp-json\/wp\/v2\/posts\/7032"}],"collection":[{"href":"https:\/\/www.pimealdia.org\/es\/wp-json\/wp\/v2\/posts"}],"about":[{"href":"https:\/\/www.pimealdia.org\/es\/wp-json\/wp\/v2\/types\/post"}],"author":[{"embeddable":true,"href":"https:\/\/www.pimealdia.org\/es\/wp-json\/wp\/v2\/users\/30"}],"replies":[{"embeddable":true,"href":"https:\/\/www.pimealdia.org\/es\/wp-json\/wp\/v2\/comments?post=7032"}],"version-history":[{"count":0,"href":"https:\/\/www.pimealdia.org\/es\/wp-json\/wp\/v2\/posts\/7032\/revisions"}],"wp:featuredmedia":[{"embeddable":true,"href":"https:\/\/www.pimealdia.org\/es\/wp-json\/wp\/v2\/media\/7033"}],"wp:attachment":[{"href":"https:\/\/www.pimealdia.org\/es\/wp-json\/wp\/v2\/media?parent=7032"}],"wp:term":[{"taxonomy":"category","embeddable":true,"href":"https:\/\/www.pimealdia.org\/es\/wp-json\/wp\/v2\/categories?post=7032"},{"taxonomy":"post_tag","embeddable":true,"href":"https:\/\/www.pimealdia.org\/es\/wp-json\/wp\/v2\/tags?post=7032"}],"curies":[{"name":"wp","href":"https:\/\/api.w.org\/{rel}","templated":true}]}}