{"id":7045,"date":"2016-09-15T14:11:27","date_gmt":"2016-09-15T12:11:27","guid":{"rendered":"https:\/\/www.pimealdia.org\/auto-lideratge-comenca-a-ser-un-bon-lider\/"},"modified":"2017-07-25T16:58:28","modified_gmt":"2017-07-25T14:58:28","slug":"auto-lideratge-comenca-a-ser-un-bon-lider","status":"publish","type":"post","link":"https:\/\/www.pimealdia.org\/es\/auto-lideratge-comenca-a-ser-un-bon-lider\/","title":{"rendered":"Auto-liderazgo: empieza a ser un buen l\u00edder"},"content":{"rendered":"<p>En la actualidad se habla de liderazgo, de que las empresas deben pasar de tener jefes, a tener l\u00edderes, pues bien, \u00bfpor donde se empieza a ser un buen l\u00edder? \u00bfSe puede estudiar? \u00bfComo puedo adquirir las competencias del <a href=\"http:\/\/www.pimealdia.org\/tag\/lideratge\/\" target=\"_blank\" rel=\"noopener noreferrer\"> buen liderazgo <\/a>?<\/p>\n<h3>Auto-liderazgo<\/h3>\n<p>Antes de liderar al otro, el l\u00edder debe empezar primero por s\u00ed mismo<\/p>\n<ul>\n<li>Desde el autoconocimiento y con humildad<\/li>\n<li>Aprendiz cu\u00e1les son sus puntos d\u00e9biles, en qu\u00e9 \u00e1reas puede mejorar<\/li>\n<li>Sabiendo escuchar a su equipo, desde la escucha activa<\/li>\n<li>Siendo emp\u00e1tico<\/li>\n<li>Siendo asertivo y sabiendo poner l\u00edmites desde la tranquilidad<\/li>\n<li><a href=\"http:\/\/www.pimealdia.org\/qui-te-la-clau-de-la-motivacio\/\" target=\"_blank\" rel=\"noopener noreferrer\"> Motivando a <\/a> y empoder\u00e1ndose \u00e9l, para luego poder hacerlo en su equipo<\/li>\n<li>Trabajando sus miedos e inseguridades<\/li>\n<li>Aprendiendo a lidiar con la incertidumbre y las emociones<\/li>\n<li>Comunicando muy bien a su equipo lo que quiere y c\u00f3mo se siente<\/li>\n<li>Gestionando el tiempo y sabiendo planificar<\/li>\n<li>Siendo decisivo<\/li>\n<li>Siendo un visionario<\/li>\n<li>Siendo emocionalmente estable<\/li>\n<li>Siendo proactivo, actuando con el ejemplo<\/li>\n<li>Haci\u00e9ndose responsable de lo que pasa a su equipo<\/li>\n<li>Siendo pr\u00f3ximo<\/li>\n<\/ul>\n<p><img loading=\"lazy\" class=\"alignleft wp-image-2390 size-medium\" src=\"https:\/\/www.pimealdia.org\/wp-content\/uploads\/2016\/11\/RDi-300x225.jpg\" width=\"300\" height=\"225\" srcset=\"https:\/\/www.pimealdia.org\/wp-content\/uploads\/2016\/11\/RDi-300x225.jpg 300w, https:\/\/www.pimealdia.org\/wp-content\/uploads\/2016\/11\/RDi-600x450.jpg 600w, https:\/\/www.pimealdia.org\/wp-content\/uploads\/2016\/11\/RDi-400x300.jpg 400w, https:\/\/www.pimealdia.org\/wp-content\/uploads\/2016\/11\/RDi.jpg 640w\" sizes=\"(max-width: 300px) 100vw, 300px\" \/><\/p>\n<p>Para ser <a href=\"\/?p=1866\" target=\"_blank\" rel=\"noopener noreferrer\"> un buen l\u00edder <\/a> es necesario pasar por un proceso de sinceridad con uno mismo y autoconocimiento para sacar a la luz todos los recursos intenso ya trabajados. Intentar ser un buen l\u00edder en la pr\u00e1ctica sin haber trabajado en tu interior no tiene ni validez ni l\u00f3gica ya que parece &#8220;<i>consejos vendo que para m\u00ed no tengo&#8221;.<\/i><\/p>\n<p>As\u00ed que si eres l\u00edder de una empresa y quieres conseguir grandes resultados en tu organizaci\u00f3n, pasar por un proceso de auto-liderazgo te ayudar\u00e1 a crear equipos de alto rendimiento y conseguir ser un referente en tu equipo.<\/p>\n<p>Naiara Pereyra &#8211; <a href=\"https:\/\/twitter.com\/micoacher\" target=\"_blank\" rel=\"noopener noreferrer\"> @micoacher <\/a><\/p>\n<p>Coach de Carrera y Crecimiento Profesional<\/p>\n","protected":false},"excerpt":{"rendered":"<p>En la actualidad se habla de liderazgo, de que las empresas deben pasar de tener jefes, a tener l\u00edderes, pues bien, \u00bfpor donde se empieza a ser un buen l\u00edder? \u00bfSe puede estudiar? \u00bfComo puedo adquirir las competencias del buen liderazgo ? Auto-liderazgo Antes de liderar al otro, el l\u00edder debe empezar primero por s\u00ed mismo Desde el autoconocimiento y con humildad Aprendiz cu\u00e1les son sus puntos d\u00e9biles, en qu\u00e9 \u00e1reas puede mejorar Sabiendo escuchar a su equipo, desde la escucha activa Siendo emp\u00e1tico Siendo asertivo y sabiendo poner l\u00edmites desde la tranquilidad Motivando a y empoder\u00e1ndose \u00e9l, para luego<\/p>\n","protected":false},"author":30,"featured_media":7046,"comment_status":"open","ping_status":"closed","sticky":false,"template":"","format":"standard","meta":[],"categories":[330],"tags":[],"_links":{"self":[{"href":"https:\/\/www.pimealdia.org\/es\/wp-json\/wp\/v2\/posts\/7045"}],"collection":[{"href":"https:\/\/www.pimealdia.org\/es\/wp-json\/wp\/v2\/posts"}],"about":[{"href":"https:\/\/www.pimealdia.org\/es\/wp-json\/wp\/v2\/types\/post"}],"author":[{"embeddable":true,"href":"https:\/\/www.pimealdia.org\/es\/wp-json\/wp\/v2\/users\/30"}],"replies":[{"embeddable":true,"href":"https:\/\/www.pimealdia.org\/es\/wp-json\/wp\/v2\/comments?post=7045"}],"version-history":[{"count":0,"href":"https:\/\/www.pimealdia.org\/es\/wp-json\/wp\/v2\/posts\/7045\/revisions"}],"wp:featuredmedia":[{"embeddable":true,"href":"https:\/\/www.pimealdia.org\/es\/wp-json\/wp\/v2\/media\/7046"}],"wp:attachment":[{"href":"https:\/\/www.pimealdia.org\/es\/wp-json\/wp\/v2\/media?parent=7045"}],"wp:term":[{"taxonomy":"category","embeddable":true,"href":"https:\/\/www.pimealdia.org\/es\/wp-json\/wp\/v2\/categories?post=7045"},{"taxonomy":"post_tag","embeddable":true,"href":"https:\/\/www.pimealdia.org\/es\/wp-json\/wp\/v2\/tags?post=7045"}],"curies":[{"name":"wp","href":"https:\/\/api.w.org\/{rel}","templated":true}]}}